{"id":66160,"date":"2016-01-26T09:57:46","date_gmt":"2016-01-26T12:57:46","guid":{"rendered":"http:\/\/www.eltrabajo.cl\/portal\/?p=66160"},"modified":"2016-01-26T09:57:46","modified_gmt":"2016-01-26T12:57:46","slug":"abren-postulaciones-al-programa-mujer-trabajadora-y-jefa-de-hogar","status":"publish","type":"post","link":"https:\/\/eltrabajo.cl\/portal\/abren-postulaciones-al-programa-mujer-trabajadora-y-jefa-de-hogar\/","title":{"rendered":"Abren postulaciones al Programa Mujer Trabajadora y Jefa de Hogar"},"content":{"rendered":"<figure id=\"attachment_66161\" aria-describedby=\"caption-attachment-66161\" style=\"width: 300px\" class=\"wp-caption alignleft\"><img data-recalc-dims=\"1\" loading=\"lazy\" decoding=\"async\" class=\"wp-image-66161 size-medium\" src=\"https:\/\/i0.wp.com\/www.eltrabajo.cl\/portal\/wp-content\/uploads\/2016\/01\/SILVANA-VERA-300x197.jpg?resize=300%2C197\" alt=\"Silvana Vera, coordinadora de la Oficina Municipal de la Mujer.\" width=\"300\" height=\"197\" srcset=\"https:\/\/i0.wp.com\/eltrabajo.cl\/portal\/wp-content\/uploads\/2016\/01\/SILVANA-VERA.jpg?resize=300%2C197&amp;ssl=1 300w, https:\/\/i0.wp.com\/eltrabajo.cl\/portal\/wp-content\/uploads\/2016\/01\/SILVANA-VERA.jpg?resize=200%2C131&amp;ssl=1 200w, https:\/\/i0.wp.com\/eltrabajo.cl\/portal\/wp-content\/uploads\/2016\/01\/SILVANA-VERA.jpg?resize=228%2C150&amp;ssl=1 228w, https:\/\/i0.wp.com\/eltrabajo.cl\/portal\/wp-content\/uploads\/2016\/01\/SILVANA-VERA.jpg?resize=400%2C263&amp;ssl=1 400w, https:\/\/i0.wp.com\/eltrabajo.cl\/portal\/wp-content\/uploads\/2016\/01\/SILVANA-VERA.jpg?w=530&amp;ssl=1 530w\" sizes=\"auto, (max-width: 300px) 100vw, 300px\" \/><figcaption id=\"caption-attachment-66161\" class=\"wp-caption-text\">Silvana Vera, coordinadora de la Oficina Municipal de la Mujer.<\/figcaption><\/figure>\n<ul>\n<li><strong>Cien cupos son los que tiene disponible para este 2016 la iniciativa que fortalece las \u00e1reas de asociatividad y emprendimiento, y que es ejecutada por la Oficina Municipal de la Mujer.<\/strong><\/li>\n<\/ul>\n<p>Un llamado a las mujeres desde los 18 a\u00f1os de edad en adelante, que cumplan con requisitos de vulnerabilidad, preferentemente jefas de hogar y que requieran alcanzar la autonom\u00eda econ\u00f3mica, formul\u00f3 la coordinadora de la Oficina Municipal de la Mujer, Silvana Vera, para que se inscriban y postulen al proceso que les permita acceder este 2016, al Programa Mujer Trabajadora y Jefa de Hogar \u2013 Asociatividad y Emprendimiento.<br \/>\nEl proceso de inscripci\u00f3n y postulaci\u00f3n se inici\u00f3 este lunes 25 de enero, y est\u00e1 dirigido tanto a mujeres que actualmente est\u00e1n trabajando, como a aquellas que requieren incorporarse al mundo laboral.<br \/>\n\u201cHay muchas mujeres que por diversos motivos no han desarrollado actividades remuneradas, ya sea debido al cuidado de sus hijos, de sus padres u otros motivos, pero que ahora necesitan ingresar al mundo laboral, independiente o dependiente y esta es una buena oportunidad, pues el programa les permite capacitarse para alcanzar la autonom\u00eda econ\u00f3mica\u201d, expres\u00f3 Silvana Vera.<br \/>\nPara este 2016, el Programa Mujer Trabajadora y Jefa de Hogar dispone de 100 cupos, recalcando la asistente social que adem\u00e1s de la capacitaci\u00f3n, la intermediaci\u00f3n laboral y el apoyo al emprendimiento que considera el trabajo con las mujeres, hay otras instancias transversales que contempla, como por ejemplo, los tratamientos dentales integrales, alfabetizaci\u00f3n digital, nivelaci\u00f3n de estudios b\u00e1sicos y medios, ex\u00e1menes preventivos de salud, entre otros.<br \/>\nManifest\u00f3 que en el \u00e1rea de capacitaci\u00f3n dependiente, de acuerdo a los diagn\u00f3sticos que se han realizado a nivel comunal, se ha establecido que el \u00e1mbito de los servicios es uno de los que mayormente oferta cupos laborales.<br \/>\n\u201cPor ese motivo, capacitamos en temas administrativos, como cajero financiero, servicio de atenci\u00f3n al cliente, donde se suma tambi\u00e9n la serie de cursos gracias a la alianza con el Programa de Sence +Capaz, as\u00ed como tambi\u00e9n en \u00e1reas de alimentaci\u00f3n, que es muy demandado por las mujeres, tanto dependientes como independientes. Eso, junto a oficios no tradicionales como gasfiter\u00eda, orfebrer\u00eda, etc\u00e9tera\u201d, expres\u00f3 Silvana Vera.<br \/>\nA\u00f1adi\u00f3 que a lo largo del a\u00f1o se van definiendo otros cursos, dependiendo de las necesidades que se determinen.<br \/>\nLas mujeres que deseen postular, deben presentar el Certificado de Familia, que se otorga en la Oficina de la Ex Ficha de Protecci\u00f3n Social (San Mart\u00edn, entre Traslavi\u00f1a y Salinas), deben estar inscritas en la Oficina Municipal de Intermediaci\u00f3n Laboral OMIL (Traslavi\u00f1a, entre San Mart\u00edn y Freire), presentar fotocopia de carn\u00e9 de identidad, tener m\u00e1s de 18 a\u00f1os de edad; registrar cargas familiares o personas que dependan de ellas y vivir en la comuna de San Felipe.<br \/>\nLas inscripciones se realizan en la Oficina Municipal de la Mujer, en calle Traslavi\u00f1a 1232 (casi esquina de Arturo Prat, a la altura del paradero de locomoci\u00f3n colectiva) en horario de 08.30 a 13.00 horas y de 15.00 a 17.30 horas.<\/p>\n","protected":false},"excerpt":{"rendered":"<p>Cien cupos son los que tiene disponible para este 2016 la iniciativa que fortalece las \u00e1reas de asociatividad y emprendimiento, y que es ejecutada por la Oficina Municipal de la Mujer. Un&#8230;<\/p>\n","protected":false},"author":482,"featured_media":66161,"comment_status":"open","ping_status":"open","sticky":false,"template":"","format":"standard","meta":{"advanced_seo_description":"","jetpack_seo_html_title":"","jetpack_seo_noindex":false,"_jetpack_memberships_contains_paid_content":false,"footnotes":""},"categories":[1],"tags":[],"class_list":["post-66160","post","type-post","status-publish","format-standard","has-post-thumbnail","hentry","category-cronica"],"jetpack_featured_media_url":"https:\/\/i0.wp.com\/eltrabajo.cl\/portal\/wp-content\/uploads\/2016\/01\/SILVANA-VERA.jpg?fit=530%2C348&ssl=1","jetpack_sharing_enabled":true,"jetpack_likes_enabled":true,"jetpack-related-posts":[],"_links":{"self":[{"href":"https:\/\/eltrabajo.cl\/portal\/wp-json\/wp\/v2\/posts\/66160","targetHints":{"allow":["GET"]}}],"collection":[{"href":"https:\/\/eltrabajo.cl\/portal\/wp-json\/wp\/v2\/posts"}],"about":[{"href":"https:\/\/eltrabajo.cl\/portal\/wp-json\/wp\/v2\/types\/post"}],"author":[{"embeddable":true,"href":"https:\/\/eltrabajo.cl\/portal\/wp-json\/wp\/v2\/users\/482"}],"replies":[{"embeddable":true,"href":"https:\/\/eltrabajo.cl\/portal\/wp-json\/wp\/v2\/comments?post=66160"}],"version-history":[{"count":0,"href":"https:\/\/eltrabajo.cl\/portal\/wp-json\/wp\/v2\/posts\/66160\/revisions"}],"wp:featuredmedia":[{"embeddable":true,"href":"https:\/\/eltrabajo.cl\/portal\/wp-json\/wp\/v2\/media\/66161"}],"wp:attachment":[{"href":"https:\/\/eltrabajo.cl\/portal\/wp-json\/wp\/v2\/media?parent=66160"}],"wp:term":[{"taxonomy":"category","embeddable":true,"href":"https:\/\/eltrabajo.cl\/portal\/wp-json\/wp\/v2\/categories?post=66160"},{"taxonomy":"post_tag","embeddable":true,"href":"https:\/\/eltrabajo.cl\/portal\/wp-json\/wp\/v2\/tags?post=66160"}],"curies":[{"name":"wp","href":"https:\/\/api.w.org\/{rel}","templated":true}]}}