{"id":66164,"date":"2016-01-26T10:04:00","date_gmt":"2016-01-26T13:04:00","guid":{"rendered":"http:\/\/www.eltrabajo.cl\/portal\/?p=66164"},"modified":"2016-01-26T10:04:00","modified_gmt":"2016-01-26T13:04:00","slug":"ayer-despidieron-para-siempre-a-la-duena-de-pizzeria-la-mamma","status":"publish","type":"post","link":"https:\/\/eltrabajo.cl\/portal\/ayer-despidieron-para-siempre-a-la-duena-de-pizzeria-la-mamma\/","title":{"rendered":"Ayer despidieron para siempre a la due\u00f1a de Pizzer\u00eda La Mamma"},"content":{"rendered":"<figure id=\"attachment_66165\" aria-describedby=\"caption-attachment-66165\" style=\"width: 300px\" class=\"wp-caption alignleft\"><img data-recalc-dims=\"1\" loading=\"lazy\" decoding=\"async\" class=\"wp-image-66165 size-medium\" src=\"https:\/\/i0.wp.com\/www.eltrabajo.cl\/portal\/wp-content\/uploads\/2016\/01\/Mama4-300x197.jpg?resize=300%2C197\" alt=\"\u2018La Mamma Pizza\u2019 de San Felipe, do\u00f1a Mar\u00eda Raquel Espinoza Espinoza.\" width=\"300\" height=\"197\" srcset=\"https:\/\/i0.wp.com\/eltrabajo.cl\/portal\/wp-content\/uploads\/2016\/01\/Mama4.jpg?resize=300%2C197&amp;ssl=1 300w, https:\/\/i0.wp.com\/eltrabajo.cl\/portal\/wp-content\/uploads\/2016\/01\/Mama4.jpg?resize=200%2C131&amp;ssl=1 200w, https:\/\/i0.wp.com\/eltrabajo.cl\/portal\/wp-content\/uploads\/2016\/01\/Mama4.jpg?resize=228%2C150&amp;ssl=1 228w, https:\/\/i0.wp.com\/eltrabajo.cl\/portal\/wp-content\/uploads\/2016\/01\/Mama4.jpg?resize=400%2C263&amp;ssl=1 400w, https:\/\/i0.wp.com\/eltrabajo.cl\/portal\/wp-content\/uploads\/2016\/01\/Mama4.jpg?w=530&amp;ssl=1 530w\" sizes=\"auto, (max-width: 300px) 100vw, 300px\" \/><figcaption id=\"caption-attachment-66165\" class=\"wp-caption-text\">\u2018La Mamma Pizza\u2019 de San Felipe, do\u00f1a Mar\u00eda Raquel Espinoza Espinoza.<\/figcaption><\/figure>\n<p>De cari\u00f1o le llamaban \u2018La Mamma\u2019, honrada; muy trabajadora; emprendedora y con una m\u00edstica de trabajo digna de ser aplaudida, as\u00ed fue reconocida entre l\u00e1grimas y bocinas de autos frente a su empresa \u2018La Mamma Pizza\u2019 de San Felipe, do\u00f1a Mar\u00eda Raquel Espinoza Espinoza, quien falleciera este lunes a ra\u00edz de un fulminante c\u00e1ncer vesicular que le dictaminaron hace poco m\u00e1s de un mes, no d\u00e1ndole tiempo de nada a ella ni a su familia para reaccionar.<\/p>\n<p>Si bien es cierto que la enfermedad o males de la ves\u00edcula se hab\u00edan detectado desde hac\u00eda m\u00e1s de 30 a\u00f1os, ella hab\u00eda vivido super\u00e1ndolo d\u00eda a d\u00eda, fue hasta en diciembre de 2015 cuando se le detecto un c\u00e1ncer avanzado, imposible de revertir.<\/p>\n<p>\u00abAbuelita empez\u00f3 con su negocio Pizzer\u00eda La Mamma desde hace 27 a\u00f1os, el c\u00e1ncer empez\u00f3 hace much\u00edsimos a\u00f1os, por unos c\u00e1lculos renales que no se trat\u00f3, el 1\u00ba de diciembre le anunciaron que nada ya se pod\u00eda hacer para salvarla\u00bb, explic\u00f3 a Diario El Trabajo la nieta mayor de do\u00f1a Mar\u00eda Raquel, Mar\u00eda Fernanda B\u00f3rquez.<\/p>\n<p>Esta mediana empresaria tuvo cinco hijos, Mar\u00eda Isabel, Jaime, Juan, Eduardo y Oscar, quienes le regalaron en vida nueve nietos. Seg\u00fan comunic\u00f3 Mar\u00eda Fernanda, \u00abesta empresa la contin\u00faa uno de sus hijos, su hijo Juan Antonio abri\u00f3 otra sucursal de La Mamma en Isla de Pascua\u00bb.<br \/>\nLos funerales de do\u00f1a Mar\u00eda Raquel se realizaron en la parroquia La Merced a las 11:00 horas, luego se realiz\u00f3 un recorrido especial, para que la carroza f\u00fanebre pasara frente a su pizzer\u00eda, ubicada en Traslavi\u00f1a con O\u2019Higgins, su cuerpo descansa en el Cementerio Municipal en El Almendral. Es importante recordar, que La Mamma tambi\u00e9n labor\u00f3 como administradora del desaparecido Cine Aconcagua, luego inici\u00f3 a su empresa de pizzas.<br \/>\n<strong>Roberto Gonz\u00e1lez Short<\/strong><br \/>\n<strong>rgonzalez@eltrabajo.cl<\/strong><\/p>\n<div class=\"tiled-gallery type-rectangular tiled-gallery-unresized\" data-original-width=\"640\" data-carousel-extra='null' itemscope itemtype=\"http:\/\/schema.org\/ImageGallery\" > <div class=\"gallery-row\" style=\"width: 640px; height: 212px;\" data-original-width=\"640\" data-original-height=\"212\" > <div class=\"gallery-group images-1\" style=\"width: 320px; height: 212px;\" data-original-width=\"320\" data-original-height=\"212\" > <div class=\"tiled-gallery-item tiled-gallery-item-large\" itemprop=\"associatedMedia\" itemscope itemtype=\"http:\/\/schema.org\/ImageObject\"> <a href=\"https:\/\/eltrabajo.cl\/portal\/ayer-despidieron-para-siempre-a-la-duena-de-pizzeria-la-mamma\/mama1\/\" border=\"0\" itemprop=\"url\"> <meta itemprop=\"width\" content=\"316\"> <meta itemprop=\"height\" content=\"208\"> <img decoding=\"async\" class=\"\" data-attachment-id=\"66166\" data-orig-file=\"https:\/\/eltrabajo.cl\/portal\/wp-content\/uploads\/2016\/01\/Mama1.jpg\" data-orig-size=\"530,349\" data-comments-opened=\"1\" data-image-meta=\"{&quot;aperture&quot;:&quot;0&quot;,&quot;credit&quot;:&quot;&quot;,&quot;camera&quot;:&quot;&quot;,&quot;caption&quot;:&quot;&quot;,&quot;created_timestamp&quot;:&quot;0&quot;,&quot;copyright&quot;:&quot;&quot;,&quot;focal_length&quot;:&quot;0&quot;,&quot;iso&quot;:&quot;0&quot;,&quot;shutter_speed&quot;:&quot;0&quot;,&quot;title&quot;:&quot;&quot;,&quot;orientation&quot;:&quot;0&quot;}\" data-image-title=\"Mama1\" data-image-description=\"&lt;p&gt;ADI\u00d3S DO\u00d1A RAQUEL.- Los funerales de do\u00f1a Mar\u00eda Raquel se realizaron en la parroquia La Merced a las 11:00 horas.&lt;\/p&gt; \" data-medium-file=\"https:\/\/i0.wp.com\/eltrabajo.cl\/portal\/wp-content\/uploads\/2016\/01\/Mama1.jpg?fit=300%2C198&#038;ssl=1\" data-large-file=\"https:\/\/i0.wp.com\/eltrabajo.cl\/portal\/wp-content\/uploads\/2016\/01\/Mama1.jpg?fit=530%2C349&#038;ssl=1\" src=\"https:\/\/i0.wp.com\/eltrabajo.cl\/portal\/wp-content\/uploads\/2016\/01\/Mama1.jpg?w=316&#038;h=208&#038;ssl=1\" srcset=\"https:\/\/i0.wp.com\/eltrabajo.cl\/portal\/wp-content\/uploads\/2016\/01\/Mama1.jpg?w=530&amp;ssl=1 530w, https:\/\/i0.wp.com\/eltrabajo.cl\/portal\/wp-content\/uploads\/2016\/01\/Mama1.jpg?resize=200%2C132&amp;ssl=1 200w, https:\/\/i0.wp.com\/eltrabajo.cl\/portal\/wp-content\/uploads\/2016\/01\/Mama1.jpg?resize=300%2C198&amp;ssl=1 300w, https:\/\/i0.wp.com\/eltrabajo.cl\/portal\/wp-content\/uploads\/2016\/01\/Mama1.jpg?resize=228%2C150&amp;ssl=1 228w, https:\/\/i0.wp.com\/eltrabajo.cl\/portal\/wp-content\/uploads\/2016\/01\/Mama1.jpg?resize=400%2C263&amp;ssl=1 400w\" width=\"316\" height=\"208\" loading=\"lazy\" data-original-width=\"316\" data-original-height=\"208\" itemprop=\"http:\/\/schema.org\/image\" title=\"Mama1\" alt=\"ADI\u00d3S DO\u00d1A RAQUEL.- Los funerales de do\u00f1a Mar\u00eda Raquel se realizaron en la parroquia La Merced a las 11:00 horas.\" style=\"width: 316px; height: 208px;\" \/> <\/a> <div class=\"tiled-gallery-caption\" itemprop=\"caption description\"> ADI\u00d3S DO\u00d1A RAQUEL.- Los funerales de do\u00f1a Mar\u00eda Raquel se realizaron en la parroquia La Merced a las 11:00 horas. <\/div> <\/div> <\/div> <!-- close group --> <div class=\"gallery-group images-1\" style=\"width: 320px; height: 212px;\" data-original-width=\"320\" data-original-height=\"212\" > <div class=\"tiled-gallery-item tiled-gallery-item-large\" itemprop=\"associatedMedia\" itemscope itemtype=\"http:\/\/schema.org\/ImageObject\"> <a href=\"https:\/\/eltrabajo.cl\/portal\/ayer-despidieron-para-siempre-a-la-duena-de-pizzeria-la-mamma\/mama2\/\" border=\"0\" itemprop=\"url\"> <meta itemprop=\"width\" content=\"316\"> <meta itemprop=\"height\" content=\"208\"> <img decoding=\"async\" class=\"\" data-attachment-id=\"66167\" data-orig-file=\"https:\/\/eltrabajo.cl\/portal\/wp-content\/uploads\/2016\/01\/Mama2.jpg\" data-orig-size=\"530,350\" data-comments-opened=\"1\" data-image-meta=\"{&quot;aperture&quot;:&quot;0&quot;,&quot;credit&quot;:&quot;&quot;,&quot;camera&quot;:&quot;&quot;,&quot;caption&quot;:&quot;&quot;,&quot;created_timestamp&quot;:&quot;0&quot;,&quot;copyright&quot;:&quot;&quot;,&quot;focal_length&quot;:&quot;0&quot;,&quot;iso&quot;:&quot;0&quot;,&quot;shutter_speed&quot;:&quot;0&quot;,&quot;title&quot;:&quot;&quot;,&quot;orientation&quot;:&quot;0&quot;}\" data-image-title=\"Mama2\" data-image-description=\"&lt;p&gt;SU EMPRESA.- Luego de la Misa, se realiz\u00f3 un recorrido especial para que la carroza f\u00fanebre pasara frente a su pizzer\u00eda, ubicada en Traslavi\u00f1a con O\u2019Higgins.&lt;\/p&gt; \" data-medium-file=\"https:\/\/i0.wp.com\/eltrabajo.cl\/portal\/wp-content\/uploads\/2016\/01\/Mama2.jpg?fit=300%2C198&#038;ssl=1\" data-large-file=\"https:\/\/i0.wp.com\/eltrabajo.cl\/portal\/wp-content\/uploads\/2016\/01\/Mama2.jpg?fit=530%2C350&#038;ssl=1\" src=\"https:\/\/i0.wp.com\/eltrabajo.cl\/portal\/wp-content\/uploads\/2016\/01\/Mama2.jpg?w=316&#038;h=208&#038;ssl=1\" srcset=\"https:\/\/i0.wp.com\/eltrabajo.cl\/portal\/wp-content\/uploads\/2016\/01\/Mama2.jpg?w=530&amp;ssl=1 530w, https:\/\/i0.wp.com\/eltrabajo.cl\/portal\/wp-content\/uploads\/2016\/01\/Mama2.jpg?resize=200%2C132&amp;ssl=1 200w, https:\/\/i0.wp.com\/eltrabajo.cl\/portal\/wp-content\/uploads\/2016\/01\/Mama2.jpg?resize=300%2C198&amp;ssl=1 300w, https:\/\/i0.wp.com\/eltrabajo.cl\/portal\/wp-content\/uploads\/2016\/01\/Mama2.jpg?resize=227%2C150&amp;ssl=1 227w, https:\/\/i0.wp.com\/eltrabajo.cl\/portal\/wp-content\/uploads\/2016\/01\/Mama2.jpg?resize=400%2C264&amp;ssl=1 400w\" width=\"316\" height=\"208\" loading=\"lazy\" data-original-width=\"316\" data-original-height=\"208\" itemprop=\"http:\/\/schema.org\/image\" title=\"Mama2\" alt=\"SU EMPRESA.- Luego de la Misa, se realiz\u00f3 un recorrido especial para que la carroza f\u00fanebre pasara frente a su pizzer\u00eda, ubicada en Traslavi\u00f1a con O\u2019Higgins.\" style=\"width: 316px; height: 208px;\" \/> <\/a> <div class=\"tiled-gallery-caption\" itemprop=\"caption description\"> SU EMPRESA.- Luego de la Misa, se realiz\u00f3 un recorrido especial para que la carroza f\u00fanebre pasara frente a su pizzer\u00eda, ubicada en Traslavi\u00f1a con O\u2019Higgins. <\/div> <\/div> <\/div> <!-- close group --> <\/div> <!-- close row --> <\/div>\n","protected":false},"excerpt":{"rendered":"<p>De cari\u00f1o le llamaban \u2018La Mamma\u2019, honrada; muy trabajadora; emprendedora y con una m\u00edstica de trabajo digna de ser aplaudida, as\u00ed fue reconocida entre l\u00e1grimas y bocinas de autos frente a su&#8230;<\/p>\n","protected":false},"author":482,"featured_media":66165,"comment_status":"open","ping_status":"open","sticky":false,"template":"","format":"standard","meta":{"advanced_seo_description":"","jetpack_seo_html_title":"","jetpack_seo_noindex":false,"_jetpack_memberships_contains_paid_content":false,"footnotes":""},"categories":[15],"tags":[],"class_list":["post-66164","post","type-post","status-publish","format-standard","has-post-thumbnail","hentry","category-comunidad"],"jetpack_featured_media_url":"https:\/\/i0.wp.com\/eltrabajo.cl\/portal\/wp-content\/uploads\/2016\/01\/Mama4.jpg?fit=530%2C348&ssl=1","jetpack_sharing_enabled":true,"jetpack_likes_enabled":true,"jetpack-related-posts":[],"_links":{"self":[{"href":"https:\/\/eltrabajo.cl\/portal\/wp-json\/wp\/v2\/posts\/66164","targetHints":{"allow":["GET"]}}],"collection":[{"href":"https:\/\/eltrabajo.cl\/portal\/wp-json\/wp\/v2\/posts"}],"about":[{"href":"https:\/\/eltrabajo.cl\/portal\/wp-json\/wp\/v2\/types\/post"}],"author":[{"embeddable":true,"href":"https:\/\/eltrabajo.cl\/portal\/wp-json\/wp\/v2\/users\/482"}],"replies":[{"embeddable":true,"href":"https:\/\/eltrabajo.cl\/portal\/wp-json\/wp\/v2\/comments?post=66164"}],"version-history":[{"count":0,"href":"https:\/\/eltrabajo.cl\/portal\/wp-json\/wp\/v2\/posts\/66164\/revisions"}],"wp:featuredmedia":[{"embeddable":true,"href":"https:\/\/eltrabajo.cl\/portal\/wp-json\/wp\/v2\/media\/66165"}],"wp:attachment":[{"href":"https:\/\/eltrabajo.cl\/portal\/wp-json\/wp\/v2\/media?parent=66164"}],"wp:term":[{"taxonomy":"category","embeddable":true,"href":"https:\/\/eltrabajo.cl\/portal\/wp-json\/wp\/v2\/categories?post=66164"},{"taxonomy":"post_tag","embeddable":true,"href":"https:\/\/eltrabajo.cl\/portal\/wp-json\/wp\/v2\/tags?post=66164"}],"curies":[{"name":"wp","href":"https:\/\/api.w.org\/{rel}","templated":true}]}}