{"id":66170,"date":"2016-01-26T10:06:37","date_gmt":"2016-01-26T13:06:37","guid":{"rendered":"http:\/\/www.eltrabajo.cl\/portal\/?p=66170"},"modified":"2016-01-26T10:06:37","modified_gmt":"2016-01-26T13:06:37","slug":"joven-excursionista-muere-al-caer-de-gran-altura-en-quebrada-de-cajon-el-zaino","status":"publish","type":"post","link":"https:\/\/eltrabajo.cl\/portal\/joven-excursionista-muere-al-caer-de-gran-altura-en-quebrada-de-cajon-el-zaino\/","title":{"rendered":"Joven excursionista muere al caer de gran altura en quebrada de Caj\u00f3n El Zaino"},"content":{"rendered":"<figure id=\"attachment_66171\" aria-describedby=\"caption-attachment-66171\" style=\"width: 300px\" class=\"wp-caption alignleft\"><img data-recalc-dims=\"1\" loading=\"lazy\" decoding=\"async\" class=\"wp-image-66171 size-medium\" src=\"https:\/\/i0.wp.com\/www.eltrabajo.cl\/portal\/wp-content\/uploads\/2016\/01\/RESCATE-2-300x198.jpg?resize=300%2C198\" alt=\"Los operativos de emergencia movilizaron al personal del Samu, Bomberos y Carabineros para el rescate de los excursionistas, un lugar completamente aislado en Quebrada Seca en Santa Mar\u00eda (Foto:@Italo_Valdivia) \" width=\"300\" height=\"198\" srcset=\"https:\/\/i0.wp.com\/eltrabajo.cl\/portal\/wp-content\/uploads\/2016\/01\/RESCATE-2.jpg?resize=300%2C198&amp;ssl=1 300w, https:\/\/i0.wp.com\/eltrabajo.cl\/portal\/wp-content\/uploads\/2016\/01\/RESCATE-2.jpg?resize=200%2C132&amp;ssl=1 200w, https:\/\/i0.wp.com\/eltrabajo.cl\/portal\/wp-content\/uploads\/2016\/01\/RESCATE-2.jpg?resize=227%2C150&amp;ssl=1 227w, https:\/\/i0.wp.com\/eltrabajo.cl\/portal\/wp-content\/uploads\/2016\/01\/RESCATE-2.jpg?resize=400%2C264&amp;ssl=1 400w, https:\/\/i0.wp.com\/eltrabajo.cl\/portal\/wp-content\/uploads\/2016\/01\/RESCATE-2.jpg?w=530&amp;ssl=1 530w\" sizes=\"auto, (max-width: 300px) 100vw, 300px\" \/><figcaption id=\"caption-attachment-66171\" class=\"wp-caption-text\">Los operativos de emergencia movilizaron al personal del Samu, Bomberos y Carabineros para el rescate de los excursionistas, un lugar completamente aislado en Quebrada Seca en Santa Mar\u00eda (Foto:@Italo_Valdivia)<\/figcaption><\/figure>\n<ul>\n<li><strong>Los j\u00f3venes, aparentemente universitarios de Santiago, habr\u00edan escalado hasta Quebrada Seca de El Zaino en Santa Mar\u00eda, en donde se produjo la ca\u00edda de uno de ellos, perdiendo lamentablemente su vida mientras que los otros se encontrar\u00edan heridos durante la tarde de ayer lunes.<\/strong><\/li>\n<\/ul>\n<p>Un enorme despliegue de unidades de emergencia trabajaron en el rescate de tres hombres y una mujer excursionistas, uno de ellos fallecido seg\u00fan las informaciones preliminares que se obtuvieron de esta lamentable hecho ocurrido en las alturas de Quebrada Seca en el sector de El Zaino de la comuna de Santa Mar\u00eda, en horas de la tarde de ayer lunes.<\/p>\n<p><strong>UNO FALLECI\u00d3<\/strong><br \/>\nSeg\u00fan se pudo conocer, tres de los excursionistas resultaron heridos tras resbalar por el camino rocoso existente en dicha quebrada. A ra\u00edz de estas circunstancias uno de estos j\u00f3venes, de 20 a\u00f1os de edad, falleci\u00f3 producto de los fuertes golpes que habr\u00eda sufrido durante su ca\u00edda, en un lugar completamente aislado de la quebrada.<\/p>\n<figure id=\"attachment_66172\" aria-describedby=\"caption-attachment-66172\" style=\"width: 300px\" class=\"wp-caption alignright\"><img data-recalc-dims=\"1\" loading=\"lazy\" decoding=\"async\" class=\"wp-image-66172 size-medium\" src=\"https:\/\/i0.wp.com\/www.eltrabajo.cl\/portal\/wp-content\/uploads\/2016\/01\/GOBERNADOR-EN-RESCATE-300x198.jpg?resize=300%2C198\" alt=\"El Gobernador Provincial de San Felipe, Eduardo Le\u00f3n,  coordinando los mecanismos de emergencia para el rescate de los j\u00f3venes.\" width=\"300\" height=\"198\" srcset=\"https:\/\/i0.wp.com\/eltrabajo.cl\/portal\/wp-content\/uploads\/2016\/01\/GOBERNADOR-EN-RESCATE.jpg?resize=300%2C198&amp;ssl=1 300w, https:\/\/i0.wp.com\/eltrabajo.cl\/portal\/wp-content\/uploads\/2016\/01\/GOBERNADOR-EN-RESCATE.jpg?resize=200%2C132&amp;ssl=1 200w, https:\/\/i0.wp.com\/eltrabajo.cl\/portal\/wp-content\/uploads\/2016\/01\/GOBERNADOR-EN-RESCATE.jpg?resize=227%2C150&amp;ssl=1 227w, https:\/\/i0.wp.com\/eltrabajo.cl\/portal\/wp-content\/uploads\/2016\/01\/GOBERNADOR-EN-RESCATE.jpg?resize=400%2C264&amp;ssl=1 400w, https:\/\/i0.wp.com\/eltrabajo.cl\/portal\/wp-content\/uploads\/2016\/01\/GOBERNADOR-EN-RESCATE.jpg?w=530&amp;ssl=1 530w\" sizes=\"auto, (max-width: 300px) 100vw, 300px\" \/><figcaption id=\"caption-attachment-66172\" class=\"wp-caption-text\">El Gobernador Provincial de San Felipe, Eduardo Le\u00f3n, coordinando los mecanismos de emergencia para el rescate de los j\u00f3venes.<\/figcaption><\/figure>\n<p>Al lugar concurrieron equipos de emergencias a nivel provincial como el Samu, Bomberos y Carabineros, activando los protocolos ante este tipo de rescates de personas se encontraban heridas y aisladas. Hasta el momento DEL cierre de nuestra edici\u00f3n, se desconoc\u00edan las razones por las cuales est\u00e1n personas se encontraban en dicho lugar, que al parecer se tratar\u00edan de turistas que escalaban por ese lugar donde se produjo esta tragedia.<br \/>\nSeg\u00fan lugare\u00f1os, estos j\u00f3venes universitarios cuyas edades fluct\u00faan entre los 20 a 30 a\u00f1os, accedieron al lugar desde Laguna El Cop\u00edn, pudiendo dirigirse hasta Campos de Ahumada para retornar hacia Caj\u00f3n de El Zaino y otra alternativa hacia el sector que conduce hacia Putaendo.<br \/>\nDe acuerdo a las primeras versiones, los excursionistas se habr\u00edan dirigido hacia Quebrada Seca, en donde existen desniveles importantes del suelo, pudiendo provocar el fatal accidente que le cost\u00f3 la vida al joven v\u00edctima de esta tragedia que cay\u00f3 resbalando de las alturas rocosas.<br \/>\nHasta el lugar adem\u00e1s se constituy\u00f3 el Gobernador Provincial Eduardo Le\u00f3n, para evaluar el uso de un helic\u00f3ptero de rescate por el dif\u00edcil acceso al lugar en donde se encontraban los excursionistas. Sin embargo, las malas condiciones clim\u00e1ticas, como fuertes vientos y chubascos, estar\u00edan descartando el uso de este medio de transporte.<br \/>\nHasta el cierre de esta nota la Fiscal\u00eda de San Felipe, ante la ocurrencia de la muerte de una persona, se dispuso de las pericias de la Brigada de Homicidios de Los Andes para realizar las diligencias necesarias tendientes al esclarecimiento de estos hechos con una v\u00edctima fatal, informaci\u00f3n que ampliaremos en nuestra edici\u00f3n de ma\u00f1ana mi\u00e9rcoles.<br \/>\n<strong>Pablo Salinas Sald\u00edas<\/strong><\/p>\n","protected":false},"excerpt":{"rendered":"<p>Los j\u00f3venes, aparentemente universitarios de Santiago, habr\u00edan escalado hasta Quebrada Seca de El Zaino en Santa Mar\u00eda, en donde se produjo la ca\u00edda de uno de ellos, perdiendo lamentablemente su vida mientras&#8230;<\/p>\n","protected":false},"author":482,"featured_media":66171,"comment_status":"open","ping_status":"open","sticky":false,"template":"","format":"standard","meta":{"advanced_seo_description":"","jetpack_seo_html_title":"","jetpack_seo_noindex":false,"_jetpack_memberships_contains_paid_content":false,"footnotes":""},"categories":[21],"tags":[],"class_list":["post-66170","post","type-post","status-publish","format-standard","has-post-thumbnail","hentry","category-policial"],"jetpack_featured_media_url":"https:\/\/i0.wp.com\/eltrabajo.cl\/portal\/wp-content\/uploads\/2016\/01\/RESCATE-2.jpg?fit=530%2C350&ssl=1","jetpack_sharing_enabled":true,"jetpack_likes_enabled":true,"jetpack-related-posts":[],"_links":{"self":[{"href":"https:\/\/eltrabajo.cl\/portal\/wp-json\/wp\/v2\/posts\/66170","targetHints":{"allow":["GET"]}}],"collection":[{"href":"https:\/\/eltrabajo.cl\/portal\/wp-json\/wp\/v2\/posts"}],"about":[{"href":"https:\/\/eltrabajo.cl\/portal\/wp-json\/wp\/v2\/types\/post"}],"author":[{"embeddable":true,"href":"https:\/\/eltrabajo.cl\/portal\/wp-json\/wp\/v2\/users\/482"}],"replies":[{"embeddable":true,"href":"https:\/\/eltrabajo.cl\/portal\/wp-json\/wp\/v2\/comments?post=66170"}],"version-history":[{"count":0,"href":"https:\/\/eltrabajo.cl\/portal\/wp-json\/wp\/v2\/posts\/66170\/revisions"}],"wp:featuredmedia":[{"embeddable":true,"href":"https:\/\/eltrabajo.cl\/portal\/wp-json\/wp\/v2\/media\/66171"}],"wp:attachment":[{"href":"https:\/\/eltrabajo.cl\/portal\/wp-json\/wp\/v2\/media?parent=66170"}],"wp:term":[{"taxonomy":"category","embeddable":true,"href":"https:\/\/eltrabajo.cl\/portal\/wp-json\/wp\/v2\/categories?post=66170"},{"taxonomy":"post_tag","embeddable":true,"href":"https:\/\/eltrabajo.cl\/portal\/wp-json\/wp\/v2\/tags?post=66170"}],"curies":[{"name":"wp","href":"https:\/\/api.w.org\/{rel}","templated":true}]}}