{"id":66177,"date":"2016-01-27T09:42:44","date_gmt":"2016-01-27T12:42:44","guid":{"rendered":"http:\/\/www.eltrabajo.cl\/portal\/?p=66177"},"modified":"2016-01-27T09:42:44","modified_gmt":"2016-01-27T12:42:44","slug":"junto-a-la-comunidad-servicio-pais-entrego-cuenta-publica","status":"publish","type":"post","link":"https:\/\/eltrabajo.cl\/portal\/junto-a-la-comunidad-servicio-pais-entrego-cuenta-publica\/","title":{"rendered":"Junto a la comunidad Servicio Pa\u00eds entreg\u00f3 Cuenta P\u00fablica"},"content":{"rendered":"<figure id=\"attachment_66178\" aria-describedby=\"caption-attachment-66178\" style=\"width: 300px\" class=\"wp-caption alignleft\"><img data-recalc-dims=\"1\" loading=\"lazy\" decoding=\"async\" class=\"wp-image-66178 size-medium\" src=\"https:\/\/i0.wp.com\/www.eltrabajo.cl\/portal\/wp-content\/uploads\/2016\/01\/CUENTA-PUBLICA-SERVICIO-PAIS-300x198.jpg?resize=300%2C198\" alt=\"Autoridades, representantes de Servicio Pa\u00eds y dirigentes vecinales participaron de la cuenta p\u00fablica que realiz\u00f3 la fundaci\u00f3n sobre el trabajo realizado durante el ciclo 2015-2016.\" width=\"300\" height=\"198\" srcset=\"https:\/\/i0.wp.com\/eltrabajo.cl\/portal\/wp-content\/uploads\/2016\/01\/CUENTA-PUBLICA-SERVICIO-PAIS.jpg?resize=300%2C198&amp;ssl=1 300w, https:\/\/i0.wp.com\/eltrabajo.cl\/portal\/wp-content\/uploads\/2016\/01\/CUENTA-PUBLICA-SERVICIO-PAIS.jpg?resize=200%2C132&amp;ssl=1 200w, https:\/\/i0.wp.com\/eltrabajo.cl\/portal\/wp-content\/uploads\/2016\/01\/CUENTA-PUBLICA-SERVICIO-PAIS.jpg?resize=227%2C150&amp;ssl=1 227w, https:\/\/i0.wp.com\/eltrabajo.cl\/portal\/wp-content\/uploads\/2016\/01\/CUENTA-PUBLICA-SERVICIO-PAIS.jpg?resize=400%2C264&amp;ssl=1 400w, https:\/\/i0.wp.com\/eltrabajo.cl\/portal\/wp-content\/uploads\/2016\/01\/CUENTA-PUBLICA-SERVICIO-PAIS.jpg?w=530&amp;ssl=1 530w\" sizes=\"auto, (max-width: 300px) 100vw, 300px\" \/><figcaption id=\"caption-attachment-66178\" class=\"wp-caption-text\">Autoridades, representantes de Servicio Pa\u00eds y dirigentes vecinales participaron de la cuenta p\u00fablica que realiz\u00f3 la fundaci\u00f3n sobre el trabajo realizado durante el ciclo 2015-2016.<\/figcaption><\/figure>\n<p><strong>LLAY LLAY.-<\/strong> La Fundaci\u00f3n Servicio Pa\u00eds realiz\u00f3 una exposici\u00f3n del trabajo realizado durante el ciclo 2015-2016 en la comuna. Las profesionales iniciaron la intervenci\u00f3n en los \u00e1mbitos cultura y medioambiente con un catastro de la ciudad.<br \/>\nEl levantamiento de informaci\u00f3n permiti\u00f3 trazar los objetivos que desarrollaron durante el periodo: visibilizaci\u00f3n, fortalecimiento de la identidad, recuperaci\u00f3n patrimonial y uso de los espacios p\u00fablicos.<br \/>\nAutoridades, representantes de Servicio Pa\u00eds y dirigentes vecinales compartieron en la actividad realizada en el Cine Teatro Municipal la tarde del pasado lunes 25 de enero. En representaci\u00f3n del alcalde Mario Marillanca, asisti\u00f3 la concejal Margarita Puebla; tambi\u00e9n estuvieron la directora del Servicio Pa\u00eds Valpara\u00edso, Mariela P\u00e9rez y el concejal Edgardo Gonz\u00e1lez.<br \/>\nEn su alocuci\u00f3n, la concejal Margarita Puebla felicit\u00f3 el trabajo que realizan Carolina Pacheco y Patricia Mart\u00ednez. \u201cUn gran trabajo de las profesionales de Servicio Pa\u00eds en la recuperaci\u00f3n de un lugar hist\u00f3rico y patrimonial, como es la Estaci\u00f3n de Llay Llay. Lo cual reviste gran importancia\u201d, se\u00f1al\u00f3 la concejal.<br \/>\nLa ceremonia tuvo un enfoque l\u00fadico y entretenido donde destac\u00f3 la perspectiva y visi\u00f3n de la comunidad acerca del programa \u201cquisimos que la gente nos contara, cu\u00e1les fueron sus logros y aprendizajes\u201d, dijo la encargada del \u00e1mbito Cultura, Carolina Pacheco.<br \/>\nDentro de las proyecciones para este nuevo ciclo 2016-2017, Patricia Mart\u00ednez, detalla que tienen varios proyectos los que se empezaran a concretar a partir de marzo, que van desde la gesti\u00f3n \u201cm\u00e1s adecuada de los residuos; la visibilizaci\u00f3n, ocupaci\u00f3n, dise\u00f1o y buen uso de los espacios p\u00fablicos y participaci\u00f3n de los ni\u00f1os\u201d. A nivel de cultura, explic\u00f3 Mart\u00ednez, \u201cse quiere seguir trabajando en la oferta cultural y recuperaci\u00f3n de patrimonial\u201d.<br \/>\n<strong>Marianela Quevedo<\/strong><\/p>\n","protected":false},"excerpt":{"rendered":"<p>LLAY LLAY.- La Fundaci\u00f3n Servicio Pa\u00eds realiz\u00f3 una exposici\u00f3n del trabajo realizado durante el ciclo 2015-2016 en la comuna. Las profesionales iniciaron la intervenci\u00f3n en los \u00e1mbitos cultura y medioambiente con un&#8230;<\/p>\n","protected":false},"author":482,"featured_media":66178,"comment_status":"open","ping_status":"open","sticky":false,"template":"","format":"standard","meta":{"advanced_seo_description":"","jetpack_seo_html_title":"","jetpack_seo_noindex":false,"_jetpack_memberships_contains_paid_content":false,"footnotes":""},"categories":[15],"tags":[],"class_list":["post-66177","post","type-post","status-publish","format-standard","has-post-thumbnail","hentry","category-comunidad"],"jetpack_featured_media_url":"https:\/\/i0.wp.com\/eltrabajo.cl\/portal\/wp-content\/uploads\/2016\/01\/CUENTA-PUBLICA-SERVICIO-PAIS.jpg?fit=530%2C350&ssl=1","jetpack_sharing_enabled":true,"jetpack_likes_enabled":true,"jetpack-related-posts":[],"_links":{"self":[{"href":"https:\/\/eltrabajo.cl\/portal\/wp-json\/wp\/v2\/posts\/66177","targetHints":{"allow":["GET"]}}],"collection":[{"href":"https:\/\/eltrabajo.cl\/portal\/wp-json\/wp\/v2\/posts"}],"about":[{"href":"https:\/\/eltrabajo.cl\/portal\/wp-json\/wp\/v2\/types\/post"}],"author":[{"embeddable":true,"href":"https:\/\/eltrabajo.cl\/portal\/wp-json\/wp\/v2\/users\/482"}],"replies":[{"embeddable":true,"href":"https:\/\/eltrabajo.cl\/portal\/wp-json\/wp\/v2\/comments?post=66177"}],"version-history":[{"count":0,"href":"https:\/\/eltrabajo.cl\/portal\/wp-json\/wp\/v2\/posts\/66177\/revisions"}],"wp:featuredmedia":[{"embeddable":true,"href":"https:\/\/eltrabajo.cl\/portal\/wp-json\/wp\/v2\/media\/66178"}],"wp:attachment":[{"href":"https:\/\/eltrabajo.cl\/portal\/wp-json\/wp\/v2\/media?parent=66177"}],"wp:term":[{"taxonomy":"category","embeddable":true,"href":"https:\/\/eltrabajo.cl\/portal\/wp-json\/wp\/v2\/categories?post=66177"},{"taxonomy":"post_tag","embeddable":true,"href":"https:\/\/eltrabajo.cl\/portal\/wp-json\/wp\/v2\/tags?post=66177"}],"curies":[{"name":"wp","href":"https:\/\/api.w.org\/{rel}","templated":true}]}}