{"id":66180,"date":"2016-01-27T09:43:48","date_gmt":"2016-01-27T12:43:48","guid":{"rendered":"http:\/\/www.eltrabajo.cl\/portal\/?p=66180"},"modified":"2016-01-27T09:43:48","modified_gmt":"2016-01-27T12:43:48","slug":"usuario-tiene-exitosa-experiencia-de-trabajo-en-empresa-constructora-de-rinconada","status":"publish","type":"post","link":"https:\/\/eltrabajo.cl\/portal\/usuario-tiene-exitosa-experiencia-de-trabajo-en-empresa-constructora-de-rinconada\/","title":{"rendered":"Usuario tiene exitosa experiencia de trabajo en empresa constructora de Rinconada"},"content":{"rendered":"<figure id=\"attachment_66181\" aria-describedby=\"caption-attachment-66181\" style=\"width: 300px\" class=\"wp-caption alignleft\"><img data-recalc-dims=\"1\" loading=\"lazy\" decoding=\"async\" class=\"wp-image-66181 size-medium\" src=\"https:\/\/i0.wp.com\/www.eltrabajo.cl\/portal\/wp-content\/uploads\/2016\/01\/INTERNO-TRABAJA-300x198.jpg?resize=300%2C198\" alt=\"Se trata de Eduardo Peters, quien adem\u00e1s de trabajar, estudia t\u00e9cnico en enfermer\u00eda.\" width=\"300\" height=\"198\" srcset=\"https:\/\/i0.wp.com\/eltrabajo.cl\/portal\/wp-content\/uploads\/2016\/01\/INTERNO-TRABAJA.jpg?resize=300%2C198&amp;ssl=1 300w, https:\/\/i0.wp.com\/eltrabajo.cl\/portal\/wp-content\/uploads\/2016\/01\/INTERNO-TRABAJA.jpg?resize=200%2C132&amp;ssl=1 200w, https:\/\/i0.wp.com\/eltrabajo.cl\/portal\/wp-content\/uploads\/2016\/01\/INTERNO-TRABAJA.jpg?resize=227%2C150&amp;ssl=1 227w, https:\/\/i0.wp.com\/eltrabajo.cl\/portal\/wp-content\/uploads\/2016\/01\/INTERNO-TRABAJA.jpg?resize=400%2C264&amp;ssl=1 400w, https:\/\/i0.wp.com\/eltrabajo.cl\/portal\/wp-content\/uploads\/2016\/01\/INTERNO-TRABAJA.jpg?w=530&amp;ssl=1 530w\" sizes=\"auto, (max-width: 300px) 100vw, 300px\" \/><figcaption id=\"caption-attachment-66181\" class=\"wp-caption-text\">Se trata de Eduardo Peters, quien adem\u00e1s de trabajar, estudia t\u00e9cnico en enfermer\u00eda.<\/figcaption><\/figure>\n<p><strong>RINCONADA.<\/strong>&#8211; Desde la gesti\u00f3n del Centro de Educaci\u00f3n y Trabajo (CET) de Putaendo y el objetivo de Gendarmer\u00eda de Chile de ampliar oportunidades de empleo a personas que est\u00e1n terminando el cumplimiento de sus condenas, se propici\u00f3 la colocaci\u00f3n laboral de un usuario de la unidad en obra de Empresa Constructora Ricardo Silva, en conjunto con la Oficina Municipal de Intermediaci\u00f3n Laboral (Omil) de la Municipalidad de La Rinconada.<br \/>\nEl Director Regional (s) de Gendarmer\u00eda de Valpara\u00edso, coronel Tito Barriga, particip\u00f3 en una reuni\u00f3n con diversas autoridades locales donde se valor\u00f3 el caso del usuario Eduardo Peters, desde una pol\u00edtica inclusiva y de apoyo de entidades p\u00fablicas y empresarios, que han abierto sus puertas a la reinserci\u00f3n social.<br \/>\nLa autoridad regional de Gendarmer\u00eda, se refiri\u00f3 a lo fundamental que resultan estas alianzas de colocaci\u00f3n laboral, con entidades privadas y p\u00fablicas, \u201clo que permiten aportar a la seguridad p\u00fablica y disminuir la reincidencia en los delitos\u201d, dijo el coronel Barriga.<br \/>\nEl alcalde, como principal impulsor de esta iniciativa de reinserci\u00f3n generada a trav\u00e9s de la Oficina Municipal, conoci\u00f3 el funcionamiento de la unidad laboral, sobre lo que expres\u00f3 \u201cesta es la soluci\u00f3n para aquellos que han cometido alg\u00fan error en su vida, que los ayuda, beneficia y reintegra como personas \u00fatiles a la sociedad\u201d.<br \/>\nPeters quien desde septiembre de 2014 cumple condena en el CET, valor\u00f3 el apoyo de Gendarmer\u00eda y el Municipio, \u201cporque ha sido un paso importante en lo econ\u00f3mico, una oportunidad que he tratado de aprovecharla al m\u00e1ximo, para seguir adelante, pagando mis estudios y para poder ayudar a mi familia. Ha sido un cambio rotundo, porque es pr\u00e1cticamente hacer una vida normal\u2026y demostrar tambi\u00e9n a la gente que quiz\u00e1s todos cometemos errores, pero tenemos derecho a cambiar y queremos cambiar\u201d.<\/p>\n<p><strong>UN BUEN TRABAJADOR<\/strong><br \/>\nEl caso de este interno destaca porque ha demostrado gran motivaci\u00f3n, con la finalidad de poder ayudar econ\u00f3micamente en la crianza de su hija y pagar la mensualidad de sus estudios. Con esfuerzo, diariamente viaja a las seis de la ma\u00f1ana a trabajar rumbo a San Felipe y luego asiste a clases, ya que se encuentra cursando la carrera de t\u00e9cnico en enfermer\u00eda.<br \/>\nRichard Daza, jefe de obras de la empresa constructora, cuenta que Peters ha demostrado responsabilidad y un buen rendimiento laboral e incentiva a otras empresas de la zona a atreverse a contratar personas en esa situaci\u00f3n, \u201cesto que estamos haciendo, que le favorece a este muchacho vale la pena\u2026 si \u00e9l va a poder rehacer su vida y resulta excelente para nosotros tambi\u00e9n\u201d, asegura.<\/p>\n","protected":false},"excerpt":{"rendered":"<p>RINCONADA.&#8211; Desde la gesti\u00f3n del Centro de Educaci\u00f3n y Trabajo (CET) de Putaendo y el objetivo de Gendarmer\u00eda de Chile de ampliar oportunidades de empleo a personas que est\u00e1n terminando el cumplimiento&#8230;<\/p>\n","protected":false},"author":482,"featured_media":66181,"comment_status":"open","ping_status":"open","sticky":false,"template":"","format":"standard","meta":{"advanced_seo_description":"","jetpack_seo_html_title":"","jetpack_seo_noindex":false,"_jetpack_memberships_contains_paid_content":false,"footnotes":""},"categories":[15],"tags":[],"class_list":["post-66180","post","type-post","status-publish","format-standard","has-post-thumbnail","hentry","category-comunidad"],"jetpack_featured_media_url":"https:\/\/i0.wp.com\/eltrabajo.cl\/portal\/wp-content\/uploads\/2016\/01\/INTERNO-TRABAJA.jpg?fit=530%2C350&ssl=1","jetpack_sharing_enabled":true,"jetpack_likes_enabled":true,"jetpack-related-posts":[],"_links":{"self":[{"href":"https:\/\/eltrabajo.cl\/portal\/wp-json\/wp\/v2\/posts\/66180","targetHints":{"allow":["GET"]}}],"collection":[{"href":"https:\/\/eltrabajo.cl\/portal\/wp-json\/wp\/v2\/posts"}],"about":[{"href":"https:\/\/eltrabajo.cl\/portal\/wp-json\/wp\/v2\/types\/post"}],"author":[{"embeddable":true,"href":"https:\/\/eltrabajo.cl\/portal\/wp-json\/wp\/v2\/users\/482"}],"replies":[{"embeddable":true,"href":"https:\/\/eltrabajo.cl\/portal\/wp-json\/wp\/v2\/comments?post=66180"}],"version-history":[{"count":0,"href":"https:\/\/eltrabajo.cl\/portal\/wp-json\/wp\/v2\/posts\/66180\/revisions"}],"wp:featuredmedia":[{"embeddable":true,"href":"https:\/\/eltrabajo.cl\/portal\/wp-json\/wp\/v2\/media\/66181"}],"wp:attachment":[{"href":"https:\/\/eltrabajo.cl\/portal\/wp-json\/wp\/v2\/media?parent=66180"}],"wp:term":[{"taxonomy":"category","embeddable":true,"href":"https:\/\/eltrabajo.cl\/portal\/wp-json\/wp\/v2\/categories?post=66180"},{"taxonomy":"post_tag","embeddable":true,"href":"https:\/\/eltrabajo.cl\/portal\/wp-json\/wp\/v2\/tags?post=66180"}],"curies":[{"name":"wp","href":"https:\/\/api.w.org\/{rel}","templated":true}]}}