{"id":66183,"date":"2016-01-27T09:45:50","date_gmt":"2016-01-27T12:45:50","guid":{"rendered":"http:\/\/www.eltrabajo.cl\/portal\/?p=66183"},"modified":"2016-01-27T09:45:50","modified_gmt":"2016-01-27T12:45:50","slug":"senda-previene-realiza-exitosa-actividad-con-ninos-y-jovenes-sanfelipenos","status":"publish","type":"post","link":"https:\/\/eltrabajo.cl\/portal\/senda-previene-realiza-exitosa-actividad-con-ninos-y-jovenes-sanfelipenos\/","title":{"rendered":"Senda Previene realiza exitosa actividad con ni\u00f1os y j\u00f3venes sanfelipe\u00f1os"},"content":{"rendered":"<figure id=\"attachment_66184\" aria-describedby=\"caption-attachment-66184\" style=\"width: 300px\" class=\"wp-caption alignleft\"><img data-recalc-dims=\"1\" loading=\"lazy\" decoding=\"async\" class=\"wp-image-66184 size-medium\" src=\"https:\/\/i0.wp.com\/www.eltrabajo.cl\/portal\/wp-content\/uploads\/2016\/01\/senda-1-300x198.jpg?resize=300%2C198\" alt=\"M\u00e1s de 50 ni\u00f1os participaron del programa que impulsa el municipio, \u2018Verano entretenido\u2019.\" width=\"300\" height=\"198\" srcset=\"https:\/\/i0.wp.com\/eltrabajo.cl\/portal\/wp-content\/uploads\/2016\/01\/senda-1.jpg?resize=300%2C198&amp;ssl=1 300w, https:\/\/i0.wp.com\/eltrabajo.cl\/portal\/wp-content\/uploads\/2016\/01\/senda-1.jpg?resize=200%2C132&amp;ssl=1 200w, https:\/\/i0.wp.com\/eltrabajo.cl\/portal\/wp-content\/uploads\/2016\/01\/senda-1.jpg?resize=227%2C150&amp;ssl=1 227w, https:\/\/i0.wp.com\/eltrabajo.cl\/portal\/wp-content\/uploads\/2016\/01\/senda-1.jpg?resize=400%2C264&amp;ssl=1 400w, https:\/\/i0.wp.com\/eltrabajo.cl\/portal\/wp-content\/uploads\/2016\/01\/senda-1.jpg?w=530&amp;ssl=1 530w\" sizes=\"auto, (max-width: 300px) 100vw, 300px\" \/><figcaption id=\"caption-attachment-66184\" class=\"wp-caption-text\">M\u00e1s de 50 ni\u00f1os participaron del programa que impulsa el municipio, \u2018Verano entretenido\u2019.<\/figcaption><\/figure>\n<ul>\n<li><strong>La campa\u00f1a de verano tiene por objetivo que los ni\u00f1os y j\u00f3venes dialoguen con sus padres sobre los riesgos del consumo de alcohol y drogas.<\/strong><\/li>\n<\/ul>\n<p>M\u00e1s de 50 ni\u00f1os y j\u00f3venes del programa que impulsa la Municipalidad de San Felipe, \u2018Verano entretenido\u2019, participaron de los diferentes juegos que el equipo de Senda Previene prepar\u00f3, para difundir su campa\u00f1a de verano \u2018Empezar a conversar\u2019, la que tiene como objetivo que los m\u00e1s j\u00f3venes de la casa dialoguen con sus padres sobre los riesgos del consumo de alcohol y de drogas.<\/p>\n<figure id=\"attachment_66185\" aria-describedby=\"caption-attachment-66185\" style=\"width: 300px\" class=\"wp-caption alignright\"><img data-recalc-dims=\"1\" loading=\"lazy\" decoding=\"async\" class=\"wp-image-66185 size-medium\" src=\"https:\/\/i0.wp.com\/www.eltrabajo.cl\/portal\/wp-content\/uploads\/2016\/01\/senda-4-300x197.jpg?resize=300%2C197\" alt=\"Muy entretenidos participaron de los diferentes juegos que el equipo de Senda Previene organiz\u00f3.\" width=\"300\" height=\"197\" srcset=\"https:\/\/i0.wp.com\/eltrabajo.cl\/portal\/wp-content\/uploads\/2016\/01\/senda-4.jpg?resize=300%2C197&amp;ssl=1 300w, https:\/\/i0.wp.com\/eltrabajo.cl\/portal\/wp-content\/uploads\/2016\/01\/senda-4.jpg?resize=200%2C131&amp;ssl=1 200w, https:\/\/i0.wp.com\/eltrabajo.cl\/portal\/wp-content\/uploads\/2016\/01\/senda-4.jpg?resize=228%2C150&amp;ssl=1 228w, https:\/\/i0.wp.com\/eltrabajo.cl\/portal\/wp-content\/uploads\/2016\/01\/senda-4.jpg?resize=400%2C263&amp;ssl=1 400w, https:\/\/i0.wp.com\/eltrabajo.cl\/portal\/wp-content\/uploads\/2016\/01\/senda-4.jpg?w=530&amp;ssl=1 530w\" sizes=\"auto, (max-width: 300px) 100vw, 300px\" \/><figcaption id=\"caption-attachment-66185\" class=\"wp-caption-text\">Muy entretenidos participaron de los diferentes juegos que el equipo de Senda Previene organiz\u00f3.<\/figcaption><\/figure>\n<p>La intervenci\u00f3n fue organizada por el Departamento de Deportes y Actividad F\u00edsica del municipio sanfelipe\u00f1o y consisti\u00f3 en diversos juegos que promueven el trabajo en equipo y donde participaron con mucho entusiasmo los ni\u00f1os que forman parte del programa municipal.<br \/>\nAlbert Lobos, coordinador de Senda Previene se\u00f1al\u00f3 que la idea de la actividad era incentivar que los padres conversen con los ni\u00f1os y que estos temas sean tratados en familia.<br \/>\n\u201cEn esta ocasi\u00f3n quisimos lanzar la campa\u00f1a con los chicos que participan del \u2018Verano Entretenido\u2019 porque creemos que ellos pueden indicarle a sus padres lo que hicieron hoy y as\u00ed pueden conversar de esta tem\u00e1tica\u201d.<br \/>\nLa actividad, que se enmarca dentro de la gesti\u00f3n del alcalde Patricio Freire, de enfatizar la participaci\u00f3n de los ni\u00f1os de la comuna en diversos temas, cont\u00f3 con la presencia del Gobernador Eduardo Le\u00f3n, quien destac\u00f3 el trabajo realizado por el municipio en este aspecto, agregando que \u201cesperamos que en todas las comunas de nuestra provincia se generen estos espacios para nuestros ni\u00f1os y ni\u00f1as\u201d.<\/p>\n","protected":false},"excerpt":{"rendered":"<p>La campa\u00f1a de verano tiene por objetivo que los ni\u00f1os y j\u00f3venes dialoguen con sus padres sobre los riesgos del consumo de alcohol y drogas. M\u00e1s de 50 ni\u00f1os y j\u00f3venes del&#8230;<\/p>\n","protected":false},"author":482,"featured_media":66184,"comment_status":"open","ping_status":"open","sticky":false,"template":"","format":"standard","meta":{"advanced_seo_description":"","jetpack_seo_html_title":"","jetpack_seo_noindex":false,"_jetpack_memberships_contains_paid_content":false,"footnotes":""},"categories":[1],"tags":[],"class_list":["post-66183","post","type-post","status-publish","format-standard","has-post-thumbnail","hentry","category-cronica"],"jetpack_featured_media_url":"https:\/\/i0.wp.com\/eltrabajo.cl\/portal\/wp-content\/uploads\/2016\/01\/senda-1.jpg?fit=530%2C350&ssl=1","jetpack_sharing_enabled":true,"jetpack_likes_enabled":true,"jetpack-related-posts":[],"_links":{"self":[{"href":"https:\/\/eltrabajo.cl\/portal\/wp-json\/wp\/v2\/posts\/66183","targetHints":{"allow":["GET"]}}],"collection":[{"href":"https:\/\/eltrabajo.cl\/portal\/wp-json\/wp\/v2\/posts"}],"about":[{"href":"https:\/\/eltrabajo.cl\/portal\/wp-json\/wp\/v2\/types\/post"}],"author":[{"embeddable":true,"href":"https:\/\/eltrabajo.cl\/portal\/wp-json\/wp\/v2\/users\/482"}],"replies":[{"embeddable":true,"href":"https:\/\/eltrabajo.cl\/portal\/wp-json\/wp\/v2\/comments?post=66183"}],"version-history":[{"count":0,"href":"https:\/\/eltrabajo.cl\/portal\/wp-json\/wp\/v2\/posts\/66183\/revisions"}],"wp:featuredmedia":[{"embeddable":true,"href":"https:\/\/eltrabajo.cl\/portal\/wp-json\/wp\/v2\/media\/66184"}],"wp:attachment":[{"href":"https:\/\/eltrabajo.cl\/portal\/wp-json\/wp\/v2\/media?parent=66183"}],"wp:term":[{"taxonomy":"category","embeddable":true,"href":"https:\/\/eltrabajo.cl\/portal\/wp-json\/wp\/v2\/categories?post=66183"},{"taxonomy":"post_tag","embeddable":true,"href":"https:\/\/eltrabajo.cl\/portal\/wp-json\/wp\/v2\/tags?post=66183"}],"curies":[{"name":"wp","href":"https:\/\/api.w.org\/{rel}","templated":true}]}}