{"id":66187,"date":"2016-01-27T09:47:03","date_gmt":"2016-01-27T12:47:03","guid":{"rendered":"http:\/\/www.eltrabajo.cl\/portal\/?p=66187"},"modified":"2016-01-27T09:47:03","modified_gmt":"2016-01-27T12:47:03","slug":"cuatro-millones-de-metros-cubicos-de-agua-tiene-acumulado-el-embalse-chacrillas","status":"publish","type":"post","link":"https:\/\/eltrabajo.cl\/portal\/cuatro-millones-de-metros-cubicos-de-agua-tiene-acumulado-el-embalse-chacrillas\/","title":{"rendered":"Cuatro millones de metros c\u00fabicos de agua tiene acumulado el Embalse Chacrillas"},"content":{"rendered":"<figure id=\"attachment_66188\" aria-describedby=\"caption-attachment-66188\" style=\"width: 300px\" class=\"wp-caption alignleft\"><img data-recalc-dims=\"1\" loading=\"lazy\" decoding=\"async\" class=\"wp-image-66188 size-medium\" src=\"https:\/\/i0.wp.com\/www.eltrabajo.cl\/portal\/wp-content\/uploads\/2016\/01\/Llenado-embalse-300x197.jpg?resize=300%2C197\" alt=\"El Embalse Chacrillas logr\u00f3 acumular los cuatro millones de metros c\u00fabicos de agua.\" width=\"300\" height=\"197\" srcset=\"https:\/\/i0.wp.com\/eltrabajo.cl\/portal\/wp-content\/uploads\/2016\/01\/Llenado-embalse.jpg?resize=300%2C197&amp;ssl=1 300w, https:\/\/i0.wp.com\/eltrabajo.cl\/portal\/wp-content\/uploads\/2016\/01\/Llenado-embalse.jpg?resize=200%2C131&amp;ssl=1 200w, https:\/\/i0.wp.com\/eltrabajo.cl\/portal\/wp-content\/uploads\/2016\/01\/Llenado-embalse.jpg?resize=228%2C150&amp;ssl=1 228w, https:\/\/i0.wp.com\/eltrabajo.cl\/portal\/wp-content\/uploads\/2016\/01\/Llenado-embalse.jpg?resize=400%2C263&amp;ssl=1 400w, https:\/\/i0.wp.com\/eltrabajo.cl\/portal\/wp-content\/uploads\/2016\/01\/Llenado-embalse.jpg?w=530&amp;ssl=1 530w\" sizes=\"auto, (max-width: 300px) 100vw, 300px\" \/><figcaption id=\"caption-attachment-66188\" class=\"wp-caption-text\">El Embalse Chacrillas logr\u00f3 acumular los cuatro millones de metros c\u00fabicos de agua.<\/figcaption><\/figure>\n<p><strong>PUTAENDO.<\/strong>&#8211; El Presidente de la Junta de Vigilancia del R\u00edo Putaendo, Miguel Vega, confirm\u00f3 que el Embalse Chacrillas logr\u00f3 acumular los cuatro millones de metros c\u00fabicos que permitir\u00e1n enfrentar con tranquilidad los pr\u00f3ximos meses.<br \/>\nEl dirigente precis\u00f3 que hab\u00eda un compromiso con la Direcci\u00f3n de Obras Hidr\u00e1ulicas de poder acumular esa cantidad de agua, lo que se cumpli\u00f3 debido a que el primer tercio de la obra de riego alcanz\u00f3 la cota 1.282,5, hecho que permiti\u00f3 que se acumularan los cuatro millones de metros c\u00fabicos de agua que llevar\u00e1n m\u00e1s tranquilidad a los agricultores de Putaendo, porque se garantiza una reserva de agua que siempre ha escaseado en esta \u00e9poca del a\u00f1o.<br \/>\nEn cuanto a la segunda etapa de llenado de Chacrillas, Vega sostuvo que a\u00fan no hay fechas, pues se deben licitar los trabajos de sellado que corresponden al segundo tercio, y adem\u00e1s se debe terminar el estudio del Consejo de Monumentos Nacionales luego del hallazgo de restos arqueol\u00f3gicos cerca de la cola del embalse.<br \/>\n<strong>Patricio Gallardo M.<\/strong><\/p>\n","protected":false},"excerpt":{"rendered":"<p>PUTAENDO.&#8211; El Presidente de la Junta de Vigilancia del R\u00edo Putaendo, Miguel Vega, confirm\u00f3 que el Embalse Chacrillas logr\u00f3 acumular los cuatro millones de metros c\u00fabicos que permitir\u00e1n enfrentar con tranquilidad los&#8230;<\/p>\n","protected":false},"author":482,"featured_media":66188,"comment_status":"open","ping_status":"open","sticky":false,"template":"","format":"standard","meta":{"advanced_seo_description":"","jetpack_seo_html_title":"","jetpack_seo_noindex":false,"_jetpack_memberships_contains_paid_content":false,"footnotes":""},"categories":[15],"tags":[],"class_list":["post-66187","post","type-post","status-publish","format-standard","has-post-thumbnail","hentry","category-comunidad"],"jetpack_featured_media_url":"https:\/\/i0.wp.com\/eltrabajo.cl\/portal\/wp-content\/uploads\/2016\/01\/Llenado-embalse.jpg?fit=530%2C348&ssl=1","jetpack_sharing_enabled":true,"jetpack_likes_enabled":true,"jetpack-related-posts":[],"_links":{"self":[{"href":"https:\/\/eltrabajo.cl\/portal\/wp-json\/wp\/v2\/posts\/66187","targetHints":{"allow":["GET"]}}],"collection":[{"href":"https:\/\/eltrabajo.cl\/portal\/wp-json\/wp\/v2\/posts"}],"about":[{"href":"https:\/\/eltrabajo.cl\/portal\/wp-json\/wp\/v2\/types\/post"}],"author":[{"embeddable":true,"href":"https:\/\/eltrabajo.cl\/portal\/wp-json\/wp\/v2\/users\/482"}],"replies":[{"embeddable":true,"href":"https:\/\/eltrabajo.cl\/portal\/wp-json\/wp\/v2\/comments?post=66187"}],"version-history":[{"count":0,"href":"https:\/\/eltrabajo.cl\/portal\/wp-json\/wp\/v2\/posts\/66187\/revisions"}],"wp:featuredmedia":[{"embeddable":true,"href":"https:\/\/eltrabajo.cl\/portal\/wp-json\/wp\/v2\/media\/66188"}],"wp:attachment":[{"href":"https:\/\/eltrabajo.cl\/portal\/wp-json\/wp\/v2\/media?parent=66187"}],"wp:term":[{"taxonomy":"category","embeddable":true,"href":"https:\/\/eltrabajo.cl\/portal\/wp-json\/wp\/v2\/categories?post=66187"},{"taxonomy":"post_tag","embeddable":true,"href":"https:\/\/eltrabajo.cl\/portal\/wp-json\/wp\/v2\/tags?post=66187"}],"curies":[{"name":"wp","href":"https:\/\/api.w.org\/{rel}","templated":true}]}}