{"id":66190,"date":"2016-01-27T09:48:52","date_gmt":"2016-01-27T12:48:52","guid":{"rendered":"http:\/\/www.eltrabajo.cl\/portal\/?p=66190"},"modified":"2016-01-27T09:48:52","modified_gmt":"2016-01-27T12:48:52","slug":"instalaran-camaras-de-seguridad-para-terminar-con-el-microtrafico-en-parque-urbano","status":"publish","type":"post","link":"https:\/\/eltrabajo.cl\/portal\/instalaran-camaras-de-seguridad-para-terminar-con-el-microtrafico-en-parque-urbano\/","title":{"rendered":"Instalar\u00e1n c\u00e1maras de seguridad para terminar con el microtr\u00e1fico en Parque Urbano"},"content":{"rendered":"<figure id=\"attachment_66191\" aria-describedby=\"caption-attachment-66191\" style=\"width: 300px\" class=\"wp-caption alignleft\"><img data-recalc-dims=\"1\" loading=\"lazy\" decoding=\"async\" class=\"wp-image-66191 size-medium\" src=\"https:\/\/i0.wp.com\/www.eltrabajo.cl\/portal\/wp-content\/uploads\/2016\/01\/Camaras-Parque-Urbano-300x198.jpg?resize=300%2C198\" alt=\"El alcalde Mauricio Navarro y el Subprefecto Guillermo G\u00e1lvez.\" width=\"300\" height=\"198\" srcset=\"https:\/\/i0.wp.com\/eltrabajo.cl\/portal\/wp-content\/uploads\/2016\/01\/Camaras-Parque-Urbano.jpg?resize=300%2C198&amp;ssl=1 300w, https:\/\/i0.wp.com\/eltrabajo.cl\/portal\/wp-content\/uploads\/2016\/01\/Camaras-Parque-Urbano.jpg?resize=200%2C132&amp;ssl=1 200w, https:\/\/i0.wp.com\/eltrabajo.cl\/portal\/wp-content\/uploads\/2016\/01\/Camaras-Parque-Urbano.jpg?resize=227%2C150&amp;ssl=1 227w, https:\/\/i0.wp.com\/eltrabajo.cl\/portal\/wp-content\/uploads\/2016\/01\/Camaras-Parque-Urbano.jpg?resize=400%2C264&amp;ssl=1 400w, https:\/\/i0.wp.com\/eltrabajo.cl\/portal\/wp-content\/uploads\/2016\/01\/Camaras-Parque-Urbano.jpg?w=530&amp;ssl=1 530w\" sizes=\"auto, (max-width: 300px) 100vw, 300px\" \/><figcaption id=\"caption-attachment-66191\" class=\"wp-caption-text\">El alcalde Mauricio Navarro y el Subprefecto Guillermo G\u00e1lvez.<\/figcaption><\/figure>\n<ul>\n<li><strong>Municipio y polic\u00edas llevar\u00e1n adelante un trabajo coordinado para terminar con la venta de drogas en el sector.<\/strong><\/li>\n<\/ul>\n<p><strong>LOS ANDES.<\/strong>&#8211; La Municipalidad de Los Andes en coordinaci\u00f3n con Carabineros y la Polic\u00eda de Investigaciones llevar\u00e1n adelante un plan integral para frenar la venta de drogas en el Parque Urbano y as\u00ed permitir que este sea un lugar seguro donde las familias andinas puedan disfrutar de las diversas actividades que all\u00ed se realizan.<br \/>\nAl respecto, el alcalde Mauricio Navarro se\u00f1al\u00f3 que con el plan maestro de intervenci\u00f3n del parque que implic\u00f3 el mejoramiento del anfiteatro, la instalaci\u00f3n de juegos de agua, luminarias, luces, juegos infantiles y otros adelantos, las familias han vuelto a ese paseo p\u00fablico y es por eso que se quiere terminar con el tr\u00e1fico de drogas en peque\u00f1as cantidades que se ha detectado desde hace bastante tiempo en el lugar.<br \/>\nEl edil sostuvo que se inici\u00f3 la instalaci\u00f3n de las c\u00e1maras de seguridad que contar\u00e1n con una sala de monitoreo a cargo de personal municipal, \u201clo que va a permitir una mayor sensaci\u00f3n de seguridad dentro del parque y adem\u00e1s en el evento que se presente alg\u00fan hecho delictual el poder registrarlo debidamente para ser presentado como prueba y sancionarlo a quien lo cometa\u201d.<br \/>\nEl edil precis\u00f3 que las c\u00e1maras deber\u00edan estar operando en un cien por ciento a principios del mes de marzo coincidiendo con el inicio del a\u00f1o escolar.<br \/>\n\u201cSe trata de un proyecto de 28 millones de pesos que fue financiado con cargo del 2% del Fondo de Desarrollo Regional en el \u00edtem de seguridad p\u00fablica\u201d, a\u00f1adi\u00f3.<br \/>\nNavarro sostuvo que se ha estado llevando adelante un trabajo de sensibilizaci\u00f3n previa con los vecinos, \u201cya que fundamentalmente la idea es que se genere una mayor participaci\u00f3n ciudadana a trav\u00e9s de la ocupaci\u00f3n de los espacios p\u00fablicos de manera adecuada y por eso desde mi administraci\u00f3n como alcalde hemos hecho los esfuerzos de dotar a los espacios p\u00fablicos de m\u00e1quinas de ejercicios, juegos para ni\u00f1os y luminarias porque el objetivo es que la comunidad pueda tomarse estos espacios y hacerlos suyos\u201d.<br \/>\nPuntualiz\u00f3 que en una primera fase se instalar\u00e1n cuatro c\u00e1maras en puntos cr\u00edticos que no se revelaron a la opini\u00f3n p\u00fablica justamente para poder efectuar un control de mejor manera.<br \/>\nPor su parte, el Jefe de la Brigada Antinarc\u00f3ticos de la PDI, Subprefecto Guillermo G\u00e1lvez, destac\u00f3 que tras la implementaci\u00f3n del plan \u2018Microtr\u00e1fico Cero\u2019 se han llevado adelante desde inicios de 2015 un total de 21 procedimientos anti drogas al interior del parque urbano.<br \/>\n\u201cEl parque es un sector propicio por el tema de que es seguro para los j\u00f3venes venir a consumir drogas y por ende llegan los vendedores para abastecerlos y por eso hay que tener un mayor control policial\u201d, expres\u00f3.<br \/>\nRecord\u00f3 que en el \u00faltimo a\u00f1o en la ciudad de Los Andes se incautaron m\u00e1s de 3 kilos de droga en diversos operativos contra el tr\u00e1fico en peque\u00f1as cantidades, \u201cdentro de los cuales aqu\u00ed en el Parque Urbano hemos requisado de 100 gramos, lo que es poco en relaci\u00f3n a la venta, pero si sabemos que hay mucho consumo de diversas drogas\u201d.<br \/>\nA\u00f1adi\u00f3 que pese a la instalaci\u00f3n de las c\u00e1maras se mantendr\u00e1n los controles en el Parque Urbano, \u201cpor lo que nosotros no vamos a despreocuparnos y esperamos replicar esto en otros sectores de la ciudad\u201d.<br \/>\nEl Subprefecto G\u00e1lvez llam\u00f3 tambi\u00e9n a las personas a denunciar tambi\u00e9n a quienes realicen la venta de droga en el parque, sobre todo porque \u00e9sta es comercializada a estudiantes.<\/p>\n","protected":false},"excerpt":{"rendered":"<p>Municipio y polic\u00edas llevar\u00e1n adelante un trabajo coordinado para terminar con la venta de drogas en el sector. LOS ANDES.&#8211; La Municipalidad de Los Andes en coordinaci\u00f3n con Carabineros y la Polic\u00eda&#8230;<\/p>\n","protected":false},"author":482,"featured_media":66191,"comment_status":"open","ping_status":"open","sticky":false,"template":"","format":"standard","meta":{"advanced_seo_description":"","jetpack_seo_html_title":"","jetpack_seo_noindex":false,"_jetpack_memberships_contains_paid_content":false,"footnotes":""},"categories":[1],"tags":[],"class_list":["post-66190","post","type-post","status-publish","format-standard","has-post-thumbnail","hentry","category-cronica"],"jetpack_featured_media_url":"https:\/\/i0.wp.com\/eltrabajo.cl\/portal\/wp-content\/uploads\/2016\/01\/Camaras-Parque-Urbano.jpg?fit=530%2C350&ssl=1","jetpack_sharing_enabled":true,"jetpack_likes_enabled":true,"jetpack-related-posts":[],"_links":{"self":[{"href":"https:\/\/eltrabajo.cl\/portal\/wp-json\/wp\/v2\/posts\/66190","targetHints":{"allow":["GET"]}}],"collection":[{"href":"https:\/\/eltrabajo.cl\/portal\/wp-json\/wp\/v2\/posts"}],"about":[{"href":"https:\/\/eltrabajo.cl\/portal\/wp-json\/wp\/v2\/types\/post"}],"author":[{"embeddable":true,"href":"https:\/\/eltrabajo.cl\/portal\/wp-json\/wp\/v2\/users\/482"}],"replies":[{"embeddable":true,"href":"https:\/\/eltrabajo.cl\/portal\/wp-json\/wp\/v2\/comments?post=66190"}],"version-history":[{"count":0,"href":"https:\/\/eltrabajo.cl\/portal\/wp-json\/wp\/v2\/posts\/66190\/revisions"}],"wp:featuredmedia":[{"embeddable":true,"href":"https:\/\/eltrabajo.cl\/portal\/wp-json\/wp\/v2\/media\/66191"}],"wp:attachment":[{"href":"https:\/\/eltrabajo.cl\/portal\/wp-json\/wp\/v2\/media?parent=66190"}],"wp:term":[{"taxonomy":"category","embeddable":true,"href":"https:\/\/eltrabajo.cl\/portal\/wp-json\/wp\/v2\/categories?post=66190"},{"taxonomy":"post_tag","embeddable":true,"href":"https:\/\/eltrabajo.cl\/portal\/wp-json\/wp\/v2\/tags?post=66190"}],"curies":[{"name":"wp","href":"https:\/\/api.w.org\/{rel}","templated":true}]}}