{"id":66193,"date":"2016-01-27T09:50:30","date_gmt":"2016-01-27T12:50:30","guid":{"rendered":"http:\/\/www.eltrabajo.cl\/portal\/?p=66193"},"modified":"2016-01-27T09:50:48","modified_gmt":"2016-01-27T12:50:48","slug":"programa-municipal-de-tenencia-responsable-de-mascotas-comenzo-el-ano-con-desparasitacion-y-charla-informativa","status":"publish","type":"post","link":"https:\/\/eltrabajo.cl\/portal\/programa-municipal-de-tenencia-responsable-de-mascotas-comenzo-el-ano-con-desparasitacion-y-charla-informativa\/","title":{"rendered":"Programa Municipal de Tenencia Responsable de Mascotas comenz\u00f3 el a\u00f1o con desparasitaci\u00f3n y charla informativa"},"content":{"rendered":"<figure id=\"attachment_66194\" aria-describedby=\"caption-attachment-66194\" style=\"width: 300px\" class=\"wp-caption alignleft\"><img data-recalc-dims=\"1\" loading=\"lazy\" decoding=\"async\" class=\"wp-image-66194 size-medium\" src=\"https:\/\/i0.wp.com\/www.eltrabajo.cl\/portal\/wp-content\/uploads\/2016\/01\/FOTO-1-MONSERRAT-GALLARDO-300x197.jpg?resize=300%2C197\" alt=\"Directora de la Organizaci\u00f3n animalista Esteriliza, No Abandones, Chile.\" width=\"300\" height=\"197\" srcset=\"https:\/\/i0.wp.com\/eltrabajo.cl\/portal\/wp-content\/uploads\/2016\/01\/FOTO-1-MONSERRAT-GALLARDO.jpg?resize=300%2C197&amp;ssl=1 300w, https:\/\/i0.wp.com\/eltrabajo.cl\/portal\/wp-content\/uploads\/2016\/01\/FOTO-1-MONSERRAT-GALLARDO.jpg?resize=200%2C131&amp;ssl=1 200w, https:\/\/i0.wp.com\/eltrabajo.cl\/portal\/wp-content\/uploads\/2016\/01\/FOTO-1-MONSERRAT-GALLARDO.jpg?resize=228%2C150&amp;ssl=1 228w, https:\/\/i0.wp.com\/eltrabajo.cl\/portal\/wp-content\/uploads\/2016\/01\/FOTO-1-MONSERRAT-GALLARDO.jpg?resize=400%2C263&amp;ssl=1 400w, https:\/\/i0.wp.com\/eltrabajo.cl\/portal\/wp-content\/uploads\/2016\/01\/FOTO-1-MONSERRAT-GALLARDO.jpg?w=530&amp;ssl=1 530w\" sizes=\"auto, (max-width: 300px) 100vw, 300px\" \/><figcaption id=\"caption-attachment-66194\" class=\"wp-caption-text\">Directora de la Organizaci\u00f3n animalista Esteriliza, No Abandones, Chile.<\/figcaption><\/figure>\n<ul>\n<li><strong>Mariana Bravo, encargada del proyecto asegur\u00f3 que uno de sus objetivos de lucha ser\u00e1 conseguir la promulgaci\u00f3n de la nueva ley de tenencia responsable.<\/strong><\/li>\n<\/ul>\n<p>Un total de 360 mascotas desparasitadas en 3 sectores sanfelipe\u00f1os durante la semana reci\u00e9n pasada, m\u00e1s la charla informativa dictada ayer en el Teatro Municipal por Monserrat Gallardo, directora de la Organizaci\u00f3n animalista Esteriliza, No Abandones, Chile, marcan el comienzo del trabajo 2016 del plan Comunal de Tenencia Responsable de Mascotas de la Municipalidad de San Felipe.<br \/>\nMariana Bravo, encargada del Programa Comunal de Tenencia de Mascotas, afirm\u00f3 que para el presente a\u00f1o las distintas organizaciones animalistas buscar\u00e1n la aprobaci\u00f3n en el Senado de la nueva Ley de Protecci\u00f3n Animal, hecho que resulta fundamental para cumplir con los objetivos que se plantean en las actividades del plan comunal.<br \/>\n\u201cLas ordenanzas municipales que existen hoy en todo Chile se basan en la ley 20.380 correspondiente a la de Maltrato Animal y lo que queremos es restablecerla completamente por la ley de Tenencia Responsable de Mascotas, que es mucho m\u00e1s completa, donde viene muy enfocado el tema de maltrato animal y abandono, situaciones que nosotros pretendemos resguardar\u201d, puntualiz\u00f3 Bravo.<br \/>\nEn el mismo \u00e1mbito legislativo, Gallardo, expositora de la charla realizada ayer, describi\u00f3 en qu\u00e9 estado se encuentra la Ley, destacando que \u201cya 10 a\u00f1os esperando es suficiente, necesitamos una legislaci\u00f3n clara de tenencia responsable, ahora, esperamos tenerla en marzo pr\u00f3ximo\u2026actualmente est\u00e1 en tercer tr\u00e1mite constitucional, en comisi\u00f3n mixta para luego ser votada en ambas c\u00e1maras\u201d, expuso<br \/>\nRespecto de cu\u00e1les son los cambios que se buscan con la promulgaci\u00f3n de la nueva ley, la animalista sostuvo que \u201cse requieren muchos cambios porque te entrega la responsabilidad absoluta de los animales, de lo que es ser un due\u00f1o responsable, evoca la esterilizaci\u00f3n, regula el tema de c\u00f3mo los municipios deben trabajar en torno a este tema y adem\u00e1s de eso regula el tema de los caniles, los criaderos, en fin, es bastante buena\u201d, asegur\u00f3.<br \/>\nPrecisamente, el municipio sanfelipe\u00f1o, anticip\u00e1ndose a lo que en un futuro imponga el plano legislativo, es que continuar\u00e1 desarrollando su plan comunal, que seg\u00fan cont\u00f3 Bravo este a\u00f1o estar\u00e1 focalizado ampliamente en el aspecto educativo.<br \/>\n\u201cEste a\u00f1o nos vamos a enfocar mucho en la educaci\u00f3n, desde los ni\u00f1os, pero tambi\u00e9n de los adultos, nos vamos a enfocar 100 % a tratar de cambiar la mentalidad de la gente de la comuna en relaci\u00f3n con lo que implica tener una mascota, qu\u00e9 es el abandono y tambi\u00e9n el maltrato\u201d, enfatiz\u00f3 Bravo.<br \/>\nRespecto a si se visualiza un cambio de mentalidad en la comunidad sanfelipe\u00f1a en torno a la Tenencia Responsable de Mascotas, Bravo asegur\u00f3 que \u201cdesde que empezamos el 2015, el alcalde Patricio Freire nos ha abierto mucho las puertas para que este programa se pudiera ejecutar completamente en el tema de educaci\u00f3n, esterilizaci\u00f3n y desparasitaci\u00f3n, entonces creo que ya en un a\u00f1o que llevamos trabajando hemos visto grandes cambios, hemos apreciado harta responsabilidad de las personas, harto inter\u00e9s por parte de la gente, es una de las comunas que se ha trabajado mejor a nivel nacional, de hecho fuimos invitados al senado hace un par de d\u00edas para exponer c\u00f3mo hab\u00eda trabajado San Felipe durante el 2015\u201d, describi\u00f3.<br \/>\nUna de las asistentes a la charla y activa participante de actividades que involucran el cuidado de los animales dom\u00e9sticos es Cecilia Mu\u00f1oz, vecina sanfelipe\u00f1a que se mostr\u00f3 muy satisfecha con los contenidos entregados en la charla y quien adem\u00e1s destac\u00f3 el trabajo que realiza el municipio en torno a al cuidado animal.<br \/>\n\u201cYo estuve presente tambi\u00e9n en las m\u00e1s de 1.300 esterilizaciones que se efectuaron el a\u00f1o pasado ac\u00e1 en San Felipe, estuve en Putaendo tambi\u00e9n, estas charlas son muy buenas para salir de dudas y poder expandir al resto de la comunidad y avanzar en esto, porque a todos nos debiera interesar la tenencia responsable de animales\u201d, expres\u00f3 Mu\u00f1oz.<br \/>\nEn relaci\u00f3n a c\u00f3mo observa el cambio de mentalidad que han experimentado los sanfelipe\u00f1os con este tipo de actividades que desarrolla el programa municipal, la se\u00f1ora Cecilia dijo que \u201ccomo en todas partes, a la gente le falta conciencia, valores, pero lo bueno es que se comenzar\u00e1 a realizar difusi\u00f3n en los colegios, porque eso es lo m\u00e1s importante seguir educando a las personas\u201d, decret\u00f3.<\/p>\n","protected":false},"excerpt":{"rendered":"<p>Mariana Bravo, encargada del proyecto asegur\u00f3 que uno de sus objetivos de lucha ser\u00e1 conseguir la promulgaci\u00f3n de la nueva ley de tenencia responsable. Un total de 360 mascotas desparasitadas en 3&#8230;<\/p>\n","protected":false},"author":482,"featured_media":66194,"comment_status":"open","ping_status":"open","sticky":false,"template":"","format":"standard","meta":{"advanced_seo_description":"","jetpack_seo_html_title":"","jetpack_seo_noindex":false,"_jetpack_memberships_contains_paid_content":false,"footnotes":""},"categories":[15],"tags":[],"class_list":["post-66193","post","type-post","status-publish","format-standard","has-post-thumbnail","hentry","category-comunidad"],"jetpack_featured_media_url":"https:\/\/i0.wp.com\/eltrabajo.cl\/portal\/wp-content\/uploads\/2016\/01\/FOTO-1-MONSERRAT-GALLARDO.jpg?fit=530%2C348&ssl=1","jetpack_sharing_enabled":true,"jetpack_likes_enabled":true,"jetpack-related-posts":[],"_links":{"self":[{"href":"https:\/\/eltrabajo.cl\/portal\/wp-json\/wp\/v2\/posts\/66193","targetHints":{"allow":["GET"]}}],"collection":[{"href":"https:\/\/eltrabajo.cl\/portal\/wp-json\/wp\/v2\/posts"}],"about":[{"href":"https:\/\/eltrabajo.cl\/portal\/wp-json\/wp\/v2\/types\/post"}],"author":[{"embeddable":true,"href":"https:\/\/eltrabajo.cl\/portal\/wp-json\/wp\/v2\/users\/482"}],"replies":[{"embeddable":true,"href":"https:\/\/eltrabajo.cl\/portal\/wp-json\/wp\/v2\/comments?post=66193"}],"version-history":[{"count":0,"href":"https:\/\/eltrabajo.cl\/portal\/wp-json\/wp\/v2\/posts\/66193\/revisions"}],"wp:featuredmedia":[{"embeddable":true,"href":"https:\/\/eltrabajo.cl\/portal\/wp-json\/wp\/v2\/media\/66194"}],"wp:attachment":[{"href":"https:\/\/eltrabajo.cl\/portal\/wp-json\/wp\/v2\/media?parent=66193"}],"wp:term":[{"taxonomy":"category","embeddable":true,"href":"https:\/\/eltrabajo.cl\/portal\/wp-json\/wp\/v2\/categories?post=66193"},{"taxonomy":"post_tag","embeddable":true,"href":"https:\/\/eltrabajo.cl\/portal\/wp-json\/wp\/v2\/tags?post=66193"}],"curies":[{"name":"wp","href":"https:\/\/api.w.org\/{rel}","templated":true}]}}