{"id":66197,"date":"2016-01-27T09:53:28","date_gmt":"2016-01-27T12:53:28","guid":{"rendered":"http:\/\/www.eltrabajo.cl\/portal\/?p=66197"},"modified":"2016-01-27T09:53:28","modified_gmt":"2016-01-27T12:53:28","slug":"el-peneca-es-el-unico-jardin-de-verano-junji-en-la-provincia-de-san-felipe","status":"publish","type":"post","link":"https:\/\/eltrabajo.cl\/portal\/el-peneca-es-el-unico-jardin-de-verano-junji-en-la-provincia-de-san-felipe\/","title":{"rendered":"\u2018El Peneca\u2019 es el \u00fanico jard\u00edn de verano Junji en la Provincia de San Felipe"},"content":{"rendered":"<figure id=\"attachment_66198\" aria-describedby=\"caption-attachment-66198\" style=\"width: 300px\" class=\"wp-caption alignleft\"><img data-recalc-dims=\"1\" loading=\"lazy\" decoding=\"async\" class=\"wp-image-66198 size-medium\" src=\"https:\/\/i0.wp.com\/www.eltrabajo.cl\/portal\/wp-content\/uploads\/2016\/01\/FOTO-3-gobernador-Eduardo-Leon-300x198.jpg?resize=300%2C198\" alt=\"Gobernador de la Provincia de San Felipe Eduardo Le\u00f3n, junto a la directora regional de Junji visitaron Jard\u00edn Infantil El Peneca, \u00fanico de la provincia que imparte programa \u2018Jard\u00edn en Verano\u2019.\" width=\"300\" height=\"198\" srcset=\"https:\/\/i0.wp.com\/eltrabajo.cl\/portal\/wp-content\/uploads\/2016\/01\/FOTO-3-gobernador-Eduardo-Leon.jpg?resize=300%2C198&amp;ssl=1 300w, https:\/\/i0.wp.com\/eltrabajo.cl\/portal\/wp-content\/uploads\/2016\/01\/FOTO-3-gobernador-Eduardo-Leon.jpg?resize=200%2C132&amp;ssl=1 200w, https:\/\/i0.wp.com\/eltrabajo.cl\/portal\/wp-content\/uploads\/2016\/01\/FOTO-3-gobernador-Eduardo-Leon.jpg?resize=227%2C150&amp;ssl=1 227w, https:\/\/i0.wp.com\/eltrabajo.cl\/portal\/wp-content\/uploads\/2016\/01\/FOTO-3-gobernador-Eduardo-Leon.jpg?resize=400%2C264&amp;ssl=1 400w, https:\/\/i0.wp.com\/eltrabajo.cl\/portal\/wp-content\/uploads\/2016\/01\/FOTO-3-gobernador-Eduardo-Leon.jpg?w=530&amp;ssl=1 530w\" sizes=\"auto, (max-width: 300px) 100vw, 300px\" \/><figcaption id=\"caption-attachment-66198\" class=\"wp-caption-text\">Gobernador de la Provincia de San Felipe Eduardo Le\u00f3n, junto a la directora regional de Junji visitaron Jard\u00edn Infantil El Peneca, \u00fanico de la provincia que imparte programa \u2018Jard\u00edn en Verano\u2019.<\/figcaption><\/figure>\n<ul>\n<li><strong>Programa permite dar cuidado y alimentaci\u00f3n a ni\u00f1os cuyos padres o adultos responsables trabajan en per\u00edodo estival aprovechando la temporada agr\u00edcola de la zona.<\/strong><\/li>\n<\/ul>\n<p>Con el objetivo de preservar intacto el derecho de los ni\u00f1os y ni\u00f1as al descanso y las vacaciones y, colaborar con su cuidado, entretenci\u00f3n y alimentaci\u00f3n mientras sus padres o adultos responsables trabajan en per\u00edodo estival, es que La Junta Nacional de Jardines Infantiles, Junji, ha puesto nuevamente a disposici\u00f3n el programa \u2018Jard\u00edn de Verano\u2019.<br \/>\nSon 13 los Jardines Infantiles que en la Regi\u00f3n de Valpara\u00edso pusieron en marcha este proyecto, mientras que en la Provincia de San Felipe, solamente \u2018El Peneca\u2019 cumpli\u00f3 con la demanda necesaria para el funcionamiento en per\u00edodo de vacaciones escolares, \u00e9poca que en el Valle de Aconcagua coincide con el auge laboral provocado por la temporada de producci\u00f3n agr\u00edcola.<\/p>\n<figure id=\"attachment_66199\" aria-describedby=\"caption-attachment-66199\" style=\"width: 200px\" class=\"wp-caption alignright\"><img data-recalc-dims=\"1\" loading=\"lazy\" decoding=\"async\" class=\"wp-image-66199 size-thumbnail\" src=\"https:\/\/i0.wp.com\/www.eltrabajo.cl\/portal\/wp-content\/uploads\/2016\/01\/FOTO-4-DIRECTORA-REGIONAL-DE-JUNJI-PRISCILA-CORSI-200x131.jpg?resize=200%2C131\" alt=\"Directora Regional de Junji, Priscila Corsi\" width=\"200\" height=\"131\" srcset=\"https:\/\/i0.wp.com\/eltrabajo.cl\/portal\/wp-content\/uploads\/2016\/01\/FOTO-4-DIRECTORA-REGIONAL-DE-JUNJI-PRISCILA-CORSI.jpg?resize=200%2C131&amp;ssl=1 200w, https:\/\/i0.wp.com\/eltrabajo.cl\/portal\/wp-content\/uploads\/2016\/01\/FOTO-4-DIRECTORA-REGIONAL-DE-JUNJI-PRISCILA-CORSI.jpg?resize=300%2C197&amp;ssl=1 300w, https:\/\/i0.wp.com\/eltrabajo.cl\/portal\/wp-content\/uploads\/2016\/01\/FOTO-4-DIRECTORA-REGIONAL-DE-JUNJI-PRISCILA-CORSI.jpg?resize=228%2C150&amp;ssl=1 228w, https:\/\/i0.wp.com\/eltrabajo.cl\/portal\/wp-content\/uploads\/2016\/01\/FOTO-4-DIRECTORA-REGIONAL-DE-JUNJI-PRISCILA-CORSI.jpg?resize=400%2C263&amp;ssl=1 400w, https:\/\/i0.wp.com\/eltrabajo.cl\/portal\/wp-content\/uploads\/2016\/01\/FOTO-4-DIRECTORA-REGIONAL-DE-JUNJI-PRISCILA-CORSI.jpg?w=530&amp;ssl=1 530w\" sizes=\"auto, (max-width: 200px) 100vw, 200px\" \/><figcaption id=\"caption-attachment-66199\" class=\"wp-caption-text\">Directora Regional de Junji, Priscila Corsi<\/figcaption><\/figure>\n<p>La Directora Regional de Junji, Priscila Corsi, visit\u00f3 esta ma\u00f1ana el establecimiento sanfelipe\u00f1o y durante su estad\u00eda manifest\u00f3 que la iniciativa pretende brindar una opci\u00f3n segura a los grupos familiares que no cuentan con una red de apoyo para el cuidado de sus hijos, aludiendo que \u201ceste es un programa que nosotros como instituci\u00f3n venimos implementando a objeto de poder colaborar especialmente con las mujeres jefas de hogar, que no cuentan con una alternativa, para que puedan dejar a sus hijos o hijas en un lugar seguro donde est\u00e9n protegidos, disfrutando, divirti\u00e9ndose y tambi\u00e9n con la alimentaci\u00f3n acorde a su edad\u201d, destac\u00f3.<br \/>\nAs\u00ed mismo Corsi expuso que \u201cnosotros hicimos una priorizaci\u00f3n a nivel regional de los jardines que efectivamente se requiere implementar este plan y ac\u00e1 en San Felipe result\u00f3 beneficiado \u2018El Peneca\u2019\u201d, resalt\u00f3<br \/>\nCabe destacar, que en esta oportunidad El Peneca est\u00e1 resguardando la integridad de 28 ni\u00f1os y ni\u00f1as de distintas edades, por lo cual el Gobernador de la Provincia Eduardo Le\u00f3n, manifest\u00f3 su satisfacci\u00f3n respecto de la opci\u00f3n que se genera en San Felipe.<br \/>\n\u201cEste establecimiento cumple un doble prop\u00f3sito, por un lado para las familias que trabajan, hombre y mujer en esta \u00e9poca, y a la vez transformarse en un lugar donde los ni\u00f1os puedan pasar el verano jugando, compartiendo, creciendo, as\u00ed que estamos muy contentos porque estos ni\u00f1os son los habituales de este jard\u00edn, con un fuerte componente l\u00fadico, as\u00ed que pueden pasar esta \u00e9poca seguros y aprendiendo\u201d, narr\u00f3 la m\u00e1xima autoridad provincial.<br \/>\nEs importante consignar que tanto las Educadoras de P\u00e1rvulos como las T\u00e9cnicas en Educaci\u00f3n Parvularia, no son las mismas docentes que est\u00e1n al cuidado de los ni\u00f1os durante el a\u00f1o. En este per\u00edodo se realiza contrataci\u00f3n anexa de profesionales, t\u00e9cnicos y auxiliares de Servicio, transformando al programa en un ente generador de empleos que este a\u00f1o contrat\u00f3 en la Regi\u00f3n a m\u00e1s de 100 personas.<br \/>\nEsta modalidad se aplica desde la \u00faltima semana de enero (desde el lunes) hasta la \u00faltima semana de febrero, para luego continuar funcionando con los programas educativos tradicionales de la instituci\u00f3n.<\/p>\n","protected":false},"excerpt":{"rendered":"<p>Programa permite dar cuidado y alimentaci\u00f3n a ni\u00f1os cuyos padres o adultos responsables trabajan en per\u00edodo estival aprovechando la temporada agr\u00edcola de la zona. Con el objetivo de preservar intacto el derecho&#8230;<\/p>\n","protected":false},"author":482,"featured_media":66198,"comment_status":"open","ping_status":"open","sticky":false,"template":"","format":"standard","meta":{"advanced_seo_description":"","jetpack_seo_html_title":"","jetpack_seo_noindex":false,"_jetpack_memberships_contains_paid_content":false,"footnotes":""},"categories":[1],"tags":[],"class_list":["post-66197","post","type-post","status-publish","format-standard","has-post-thumbnail","hentry","category-cronica"],"jetpack_featured_media_url":"https:\/\/i0.wp.com\/eltrabajo.cl\/portal\/wp-content\/uploads\/2016\/01\/FOTO-3-gobernador-Eduardo-Leon.jpg?fit=530%2C350&ssl=1","jetpack_sharing_enabled":true,"jetpack_likes_enabled":true,"jetpack-related-posts":[],"_links":{"self":[{"href":"https:\/\/eltrabajo.cl\/portal\/wp-json\/wp\/v2\/posts\/66197","targetHints":{"allow":["GET"]}}],"collection":[{"href":"https:\/\/eltrabajo.cl\/portal\/wp-json\/wp\/v2\/posts"}],"about":[{"href":"https:\/\/eltrabajo.cl\/portal\/wp-json\/wp\/v2\/types\/post"}],"author":[{"embeddable":true,"href":"https:\/\/eltrabajo.cl\/portal\/wp-json\/wp\/v2\/users\/482"}],"replies":[{"embeddable":true,"href":"https:\/\/eltrabajo.cl\/portal\/wp-json\/wp\/v2\/comments?post=66197"}],"version-history":[{"count":0,"href":"https:\/\/eltrabajo.cl\/portal\/wp-json\/wp\/v2\/posts\/66197\/revisions"}],"wp:featuredmedia":[{"embeddable":true,"href":"https:\/\/eltrabajo.cl\/portal\/wp-json\/wp\/v2\/media\/66198"}],"wp:attachment":[{"href":"https:\/\/eltrabajo.cl\/portal\/wp-json\/wp\/v2\/media?parent=66197"}],"wp:term":[{"taxonomy":"category","embeddable":true,"href":"https:\/\/eltrabajo.cl\/portal\/wp-json\/wp\/v2\/categories?post=66197"},{"taxonomy":"post_tag","embeddable":true,"href":"https:\/\/eltrabajo.cl\/portal\/wp-json\/wp\/v2\/tags?post=66197"}],"curies":[{"name":"wp","href":"https:\/\/api.w.org\/{rel}","templated":true}]}}