{"id":66204,"date":"2016-01-27T09:59:59","date_gmt":"2016-01-27T12:59:59","guid":{"rendered":"http:\/\/www.eltrabajo.cl\/portal\/?p=66204"},"modified":"2016-01-27T09:59:59","modified_gmt":"2016-01-27T12:59:59","slug":"fallecio-a-sus-103-anos-dona-maria-molina-godoy","status":"publish","type":"post","link":"https:\/\/eltrabajo.cl\/portal\/fallecio-a-sus-103-anos-dona-maria-molina-godoy\/","title":{"rendered":"Falleci\u00f3 a sus 103 a\u00f1os do\u00f1a Mar\u00eda Molina Godoy"},"content":{"rendered":"<figure id=\"attachment_66205\" aria-describedby=\"caption-attachment-66205\" style=\"width: 300px\" class=\"wp-caption alignleft\"><img data-recalc-dims=\"1\" loading=\"lazy\" decoding=\"async\" class=\"wp-image-66205 size-medium\" src=\"https:\/\/i0.wp.com\/www.eltrabajo.cl\/portal\/wp-content\/uploads\/2016\/01\/Maria1-300x198.jpg?resize=300%2C198\" alt=\"MAR\u00cdA MOLINA GODOY.- Este s\u00e1bado 2 de enero fue su 103\u00ba cumplea\u00f1os pero falleci\u00f3 este lunes por causas propias de su edad.\" width=\"300\" height=\"198\" srcset=\"https:\/\/i0.wp.com\/eltrabajo.cl\/portal\/wp-content\/uploads\/2016\/01\/Maria1.jpg?resize=300%2C198&amp;ssl=1 300w, https:\/\/i0.wp.com\/eltrabajo.cl\/portal\/wp-content\/uploads\/2016\/01\/Maria1.jpg?resize=200%2C132&amp;ssl=1 200w, https:\/\/i0.wp.com\/eltrabajo.cl\/portal\/wp-content\/uploads\/2016\/01\/Maria1.jpg?resize=228%2C150&amp;ssl=1 228w, https:\/\/i0.wp.com\/eltrabajo.cl\/portal\/wp-content\/uploads\/2016\/01\/Maria1.jpg?resize=400%2C263&amp;ssl=1 400w, https:\/\/i0.wp.com\/eltrabajo.cl\/portal\/wp-content\/uploads\/2016\/01\/Maria1.jpg?w=530&amp;ssl=1 530w\" sizes=\"auto, (max-width: 300px) 100vw, 300px\" \/><figcaption id=\"caption-attachment-66205\" class=\"wp-caption-text\">MAR\u00cdA MOLINA GODOY.- Este s\u00e1bado 2 de enero fue su 103\u00ba cumplea\u00f1os pero falleci\u00f3 este lunes por causas propias de su edad.<\/figcaption><\/figure>\n<p>Este s\u00e1bado 2 de enero fue su 103\u00ba cumplea\u00f1os, pero falleci\u00f3 este lunes por causas propias de su edad. Naci\u00f3 el jueves 2 de enero de 1913 en Cha\u00f1aral, Copiap\u00f3; era la mayor de ocho hermanos y se desempe\u00f1\u00f3 trabajando como ec\u00f3noma en la antigua Escuela Hogar de San Felipe. Hablamos de do\u00f1a Mar\u00eda Molina Godoy, vecina de nuestra comuna que alcanz\u00f3 a cumplir 103 a\u00f1os de vida.<\/p>\n<p><strong>\u00daLTIMA FIESTA<\/strong><br \/>\nFue el propio alcalde de San Felipe ese s\u00e1bado de cumplea\u00f1os, Patricio Freire Canto, quien en horas de la tarde toc\u00f3 a la puerta de su casa, siendo recibido por la familia de do\u00f1a Mar\u00eda. Ya con torta en mano, el edil comparti\u00f3 con do\u00f1a Mar\u00eda y la familia las an\u00e9cdotas de nuestra cumplea\u00f1era.<br \/>\n\u00abMam\u00e1 fue una mujer muy trabajadora, se cas\u00f3 con pap\u00e1, don Ren\u00e9 Flores, un connotado profesor del San Felipe de ayer, soy su \u00fanico hijo y le di a mam\u00e1 tres nietos, Alejandra, Cristian y Constanza, todos en casa le queremos, la cuidamos mucho y nos alegramos de que ella no sufra de enfermedades cr\u00f3nicas, es un roble mi madrecita\u00bb, coment\u00f3 aquel d\u00eda emocionado a Diario El Trabajo, el hijo de do\u00f1a Mar\u00eda, don Ren\u00e9 Patricio Flores Molina. Fue el mismo Ren\u00e9, quien le dio con cari\u00f1o un buen trozo de torta a do\u00f1a Mar\u00eda, quedando patentado el buen apetito de esta centenaria vecina sanfelipe\u00f1a. Es importante rescatar que do\u00f1a Mar\u00eda tambi\u00e9n desarroll\u00f3 sus virtudes a trav\u00e9s del trabajo social cuando milit\u00f3 en el Centro Femenino del Club Patria y Libertad; as\u00ed como fiel activista en el Club Social Uni\u00f3n Femenina de nuestra comuna. Todos quienes laboramos en Diario El Trabajo por este medio presentamos nuestro sentido P\u00e9same a la familia de do\u00f1a Mar\u00eda, esperando que encuentren paz en este proceso de duelo.<br \/>\n<strong>Roberto Gonz\u00e1lez Short<\/strong><\/p>\n<p><div class=\"tiled-gallery type-rectangular tiled-gallery-unresized\" data-original-width=\"640\" data-carousel-extra='null' itemscope itemtype=\"http:\/\/schema.org\/ImageGallery\" > <div class=\"gallery-row\" style=\"width: 640px; height: 283px;\" data-original-width=\"640\" data-original-height=\"283\" > <div class=\"gallery-group images-1\" style=\"width: 427px; height: 283px;\" data-original-width=\"427\" data-original-height=\"283\" > <div class=\"tiled-gallery-item tiled-gallery-item-large\" itemprop=\"associatedMedia\" itemscope itemtype=\"http:\/\/schema.org\/ImageObject\"> <a href=\"https:\/\/eltrabajo.cl\/portal\/fallecio-a-sus-103-anos-dona-maria-molina-godoy\/abuelita1-4\/\" border=\"0\" itemprop=\"url\"> <meta itemprop=\"width\" content=\"423\"> <meta itemprop=\"height\" content=\"279\"> <img decoding=\"async\" class=\"\" data-attachment-id=\"66206\" data-orig-file=\"https:\/\/eltrabajo.cl\/portal\/wp-content\/uploads\/2016\/01\/Abuelita1.jpg\" data-orig-size=\"530,350\" data-comments-opened=\"1\" data-image-meta=\"{&quot;aperture&quot;:&quot;0&quot;,&quot;credit&quot;:&quot;&quot;,&quot;camera&quot;:&quot;&quot;,&quot;caption&quot;:&quot;&quot;,&quot;created_timestamp&quot;:&quot;0&quot;,&quot;copyright&quot;:&quot;&quot;,&quot;focal_length&quot;:&quot;0&quot;,&quot;iso&quot;:&quot;0&quot;,&quot;shutter_speed&quot;:&quot;0&quot;,&quot;title&quot;:&quot;&quot;,&quot;orientation&quot;:&quot;0&quot;}\" data-image-title=\"Abuelita1\" data-image-description=\"&lt;p&gt;DE CAPA CA\u00cdDA.- El velatorio de do\u00f1a Mar\u00eda se realizan hoy en la parroquia La Merced, la Misa y funerales se llevar\u00e1n a cabo a partir de las 11:00 horas, su cuerpo ser\u00e1 sepultado en Parque Auco.&lt;\/p&gt; \" data-medium-file=\"https:\/\/i0.wp.com\/eltrabajo.cl\/portal\/wp-content\/uploads\/2016\/01\/Abuelita1.jpg?fit=300%2C198&#038;ssl=1\" data-large-file=\"https:\/\/i0.wp.com\/eltrabajo.cl\/portal\/wp-content\/uploads\/2016\/01\/Abuelita1.jpg?fit=530%2C350&#038;ssl=1\" src=\"https:\/\/i0.wp.com\/eltrabajo.cl\/portal\/wp-content\/uploads\/2016\/01\/Abuelita1.jpg?w=423&#038;h=279&#038;ssl=1\" srcset=\"https:\/\/i0.wp.com\/eltrabajo.cl\/portal\/wp-content\/uploads\/2016\/01\/Abuelita1.jpg?w=530&amp;ssl=1 530w, https:\/\/i0.wp.com\/eltrabajo.cl\/portal\/wp-content\/uploads\/2016\/01\/Abuelita1.jpg?resize=200%2C132&amp;ssl=1 200w, https:\/\/i0.wp.com\/eltrabajo.cl\/portal\/wp-content\/uploads\/2016\/01\/Abuelita1.jpg?resize=300%2C198&amp;ssl=1 300w, https:\/\/i0.wp.com\/eltrabajo.cl\/portal\/wp-content\/uploads\/2016\/01\/Abuelita1.jpg?resize=227%2C150&amp;ssl=1 227w, https:\/\/i0.wp.com\/eltrabajo.cl\/portal\/wp-content\/uploads\/2016\/01\/Abuelita1.jpg?resize=400%2C264&amp;ssl=1 400w\" width=\"423\" height=\"279\" loading=\"lazy\" data-original-width=\"423\" data-original-height=\"279\" itemprop=\"http:\/\/schema.org\/image\" title=\"Abuelita1\" alt=\"DE CAPA CA\u00cdDA.- El velatorio de do\u00f1a Mar\u00eda se realizan hoy en la parroquia La Merced, la Misa y funerales se llevar\u00e1n a cabo a partir de las 11:00 horas, su cuerpo ser\u00e1 sepultado en Parque Auco.\" style=\"width: 423px; height: 279px;\" \/> <\/a> <div class=\"tiled-gallery-caption\" itemprop=\"caption description\"> DE CAPA CA\u00cdDA.- El velatorio de do\u00f1a Mar\u00eda se realizan hoy en la parroquia La Merced, la Misa y funerales se llevar\u00e1n a cabo a partir de las 11:00 horas, su cuerpo ser\u00e1 sepultado en Parque Auco. <\/div> <\/div> <\/div> <!-- close group --> <div class=\"gallery-group images-2\" style=\"width: 213px; height: 283px;\" data-original-width=\"213\" data-original-height=\"283\" > <div class=\"tiled-gallery-item tiled-gallery-item-small\" itemprop=\"associatedMedia\" itemscope itemtype=\"http:\/\/schema.org\/ImageObject\"> <a href=\"https:\/\/eltrabajo.cl\/portal\/fallecio-a-sus-103-anos-dona-maria-molina-godoy\/abuelita103-2\/\" border=\"0\" itemprop=\"url\"> <meta itemprop=\"width\" content=\"209\"> <meta itemprop=\"height\" content=\"137\"> <img decoding=\"async\" class=\"\" data-attachment-id=\"66207\" data-orig-file=\"https:\/\/eltrabajo.cl\/portal\/wp-content\/uploads\/2016\/01\/Abuelita103-1.jpg\" data-orig-size=\"530,348\" data-comments-opened=\"1\" data-image-meta=\"{&quot;aperture&quot;:&quot;0&quot;,&quot;credit&quot;:&quot;&quot;,&quot;camera&quot;:&quot;&quot;,&quot;caption&quot;:&quot;&quot;,&quot;created_timestamp&quot;:&quot;0&quot;,&quot;copyright&quot;:&quot;&quot;,&quot;focal_length&quot;:&quot;0&quot;,&quot;iso&quot;:&quot;0&quot;,&quot;shutter_speed&quot;:&quot;0&quot;,&quot;title&quot;:&quot;&quot;,&quot;orientation&quot;:&quot;0&quot;}\" data-image-title=\"Abuelita103\" data-image-description=\"&lt;p&gt;MURI\u00d3 EN PAZ.- Do\u00f1a Mar\u00eda disfrut\u00f3 de la torta de cumplea\u00f1os que el alcalde Patricio Freire le llev\u00f3 para celebrar sus 103 a\u00f1os de vida.&lt;\/p&gt; \" data-medium-file=\"https:\/\/i0.wp.com\/eltrabajo.cl\/portal\/wp-content\/uploads\/2016\/01\/Abuelita103-1.jpg?fit=300%2C197&#038;ssl=1\" data-large-file=\"https:\/\/i0.wp.com\/eltrabajo.cl\/portal\/wp-content\/uploads\/2016\/01\/Abuelita103-1.jpg?fit=530%2C348&#038;ssl=1\" src=\"https:\/\/i0.wp.com\/eltrabajo.cl\/portal\/wp-content\/uploads\/2016\/01\/Abuelita103-1.jpg?w=209&#038;h=137&#038;ssl=1\" srcset=\"https:\/\/i0.wp.com\/eltrabajo.cl\/portal\/wp-content\/uploads\/2016\/01\/Abuelita103-1.jpg?w=530&amp;ssl=1 530w, https:\/\/i0.wp.com\/eltrabajo.cl\/portal\/wp-content\/uploads\/2016\/01\/Abuelita103-1.jpg?resize=200%2C131&amp;ssl=1 200w, https:\/\/i0.wp.com\/eltrabajo.cl\/portal\/wp-content\/uploads\/2016\/01\/Abuelita103-1.jpg?resize=300%2C197&amp;ssl=1 300w, https:\/\/i0.wp.com\/eltrabajo.cl\/portal\/wp-content\/uploads\/2016\/01\/Abuelita103-1.jpg?resize=228%2C150&amp;ssl=1 228w, https:\/\/i0.wp.com\/eltrabajo.cl\/portal\/wp-content\/uploads\/2016\/01\/Abuelita103-1.jpg?resize=400%2C263&amp;ssl=1 400w\" width=\"209\" height=\"137\" loading=\"lazy\" data-original-width=\"209\" data-original-height=\"137\" itemprop=\"http:\/\/schema.org\/image\" title=\"Abuelita103\" alt=\"MURI\u00d3 EN PAZ.- Do\u00f1a Mar\u00eda disfrut\u00f3 de la torta de cumplea\u00f1os que el alcalde Patricio Freire le llev\u00f3 para celebrar sus 103 a\u00f1os de vida.\" style=\"width: 209px; height: 137px;\" \/> <\/a> <div class=\"tiled-gallery-caption\" itemprop=\"caption description\"> MURI\u00d3 EN PAZ.- Do\u00f1a Mar\u00eda disfrut\u00f3 de la torta de cumplea\u00f1os que el alcalde Patricio Freire le llev\u00f3 para celebrar sus 103 a\u00f1os de vida. <\/div> <\/div> <div class=\"tiled-gallery-item tiled-gallery-item-small\" itemprop=\"associatedMedia\" itemscope itemtype=\"http:\/\/schema.org\/ImageObject\"> <a href=\"https:\/\/eltrabajo.cl\/portal\/fallecio-a-sus-103-anos-dona-maria-molina-godoy\/juventud33-2\/\" border=\"0\" itemprop=\"url\"> <meta itemprop=\"width\" content=\"209\"> <meta itemprop=\"height\" content=\"138\"> <img decoding=\"async\" class=\"\" data-attachment-id=\"66208\" data-orig-file=\"https:\/\/eltrabajo.cl\/portal\/wp-content\/uploads\/2016\/01\/Juventud33-1.jpg\" data-orig-size=\"530,349\" data-comments-opened=\"1\" data-image-meta=\"{&quot;aperture&quot;:&quot;0&quot;,&quot;credit&quot;:&quot;&quot;,&quot;camera&quot;:&quot;&quot;,&quot;caption&quot;:&quot;&quot;,&quot;created_timestamp&quot;:&quot;0&quot;,&quot;copyright&quot;:&quot;&quot;,&quot;focal_length&quot;:&quot;0&quot;,&quot;iso&quot;:&quot;0&quot;,&quot;shutter_speed&quot;:&quot;0&quot;,&quot;title&quot;:&quot;&quot;,&quot;orientation&quot;:&quot;0&quot;}\" data-image-title=\"Juventud33\" data-image-description=\"&lt;p&gt;A\u00d1OS DE JUVENTUD.- As\u00ed luc\u00eda do\u00f1a Mar\u00eda en sus a\u00f1os de juventud, foto del recuerdo con sus padres en los a\u00f1os treinta.&lt;\/p&gt; \" data-medium-file=\"https:\/\/i0.wp.com\/eltrabajo.cl\/portal\/wp-content\/uploads\/2016\/01\/Juventud33-1.jpg?fit=300%2C198&#038;ssl=1\" data-large-file=\"https:\/\/i0.wp.com\/eltrabajo.cl\/portal\/wp-content\/uploads\/2016\/01\/Juventud33-1.jpg?fit=530%2C349&#038;ssl=1\" src=\"https:\/\/i0.wp.com\/eltrabajo.cl\/portal\/wp-content\/uploads\/2016\/01\/Juventud33-1.jpg?w=209&#038;h=138&#038;ssl=1\" srcset=\"https:\/\/i0.wp.com\/eltrabajo.cl\/portal\/wp-content\/uploads\/2016\/01\/Juventud33-1.jpg?w=530&amp;ssl=1 530w, https:\/\/i0.wp.com\/eltrabajo.cl\/portal\/wp-content\/uploads\/2016\/01\/Juventud33-1.jpg?resize=200%2C132&amp;ssl=1 200w, https:\/\/i0.wp.com\/eltrabajo.cl\/portal\/wp-content\/uploads\/2016\/01\/Juventud33-1.jpg?resize=300%2C198&amp;ssl=1 300w, https:\/\/i0.wp.com\/eltrabajo.cl\/portal\/wp-content\/uploads\/2016\/01\/Juventud33-1.jpg?resize=228%2C150&amp;ssl=1 228w, https:\/\/i0.wp.com\/eltrabajo.cl\/portal\/wp-content\/uploads\/2016\/01\/Juventud33-1.jpg?resize=400%2C263&amp;ssl=1 400w\" width=\"209\" height=\"138\" loading=\"lazy\" data-original-width=\"209\" data-original-height=\"138\" itemprop=\"http:\/\/schema.org\/image\" title=\"Juventud33\" alt=\"A\u00d1OS DE JUVENTUD.- As\u00ed luc\u00eda do\u00f1a Mar\u00eda en sus a\u00f1os de juventud, foto del recuerdo con sus padres en los a\u00f1os treinta.\" style=\"width: 209px; height: 138px;\" \/> <\/a> <div class=\"tiled-gallery-caption\" itemprop=\"caption description\"> A\u00d1OS DE JUVENTUD.- As\u00ed luc\u00eda do\u00f1a Mar\u00eda en sus a\u00f1os de juventud, foto del recuerdo con sus padres en los a\u00f1os treinta. <\/div> <\/div> <\/div> <!-- close group --> <\/div> <!-- close row --> <\/div><br \/>\n<strong>rgonzalez@eltrabajo.cl<\/strong><\/p>\n","protected":false},"excerpt":{"rendered":"<p>Este s\u00e1bado 2 de enero fue su 103\u00ba cumplea\u00f1os, pero falleci\u00f3 este lunes por causas propias de su edad. Naci\u00f3 el jueves 2 de enero de 1913 en Cha\u00f1aral, Copiap\u00f3; era la&#8230;<\/p>\n","protected":false},"author":482,"featured_media":66205,"comment_status":"open","ping_status":"open","sticky":false,"template":"","format":"standard","meta":{"advanced_seo_description":"","jetpack_seo_html_title":"","jetpack_seo_noindex":false,"_jetpack_memberships_contains_paid_content":false,"footnotes":""},"categories":[15],"tags":[],"class_list":["post-66204","post","type-post","status-publish","format-standard","has-post-thumbnail","hentry","category-comunidad"],"jetpack_featured_media_url":"https:\/\/i0.wp.com\/eltrabajo.cl\/portal\/wp-content\/uploads\/2016\/01\/Maria1.jpg?fit=530%2C349&ssl=1","jetpack_sharing_enabled":true,"jetpack_likes_enabled":true,"jetpack-related-posts":[],"_links":{"self":[{"href":"https:\/\/eltrabajo.cl\/portal\/wp-json\/wp\/v2\/posts\/66204","targetHints":{"allow":["GET"]}}],"collection":[{"href":"https:\/\/eltrabajo.cl\/portal\/wp-json\/wp\/v2\/posts"}],"about":[{"href":"https:\/\/eltrabajo.cl\/portal\/wp-json\/wp\/v2\/types\/post"}],"author":[{"embeddable":true,"href":"https:\/\/eltrabajo.cl\/portal\/wp-json\/wp\/v2\/users\/482"}],"replies":[{"embeddable":true,"href":"https:\/\/eltrabajo.cl\/portal\/wp-json\/wp\/v2\/comments?post=66204"}],"version-history":[{"count":0,"href":"https:\/\/eltrabajo.cl\/portal\/wp-json\/wp\/v2\/posts\/66204\/revisions"}],"wp:featuredmedia":[{"embeddable":true,"href":"https:\/\/eltrabajo.cl\/portal\/wp-json\/wp\/v2\/media\/66205"}],"wp:attachment":[{"href":"https:\/\/eltrabajo.cl\/portal\/wp-json\/wp\/v2\/media?parent=66204"}],"wp:term":[{"taxonomy":"category","embeddable":true,"href":"https:\/\/eltrabajo.cl\/portal\/wp-json\/wp\/v2\/categories?post=66204"},{"taxonomy":"post_tag","embeddable":true,"href":"https:\/\/eltrabajo.cl\/portal\/wp-json\/wp\/v2\/tags?post=66204"}],"curies":[{"name":"wp","href":"https:\/\/api.w.org\/{rel}","templated":true}]}}