{"id":66210,"date":"2016-01-27T10:01:35","date_gmt":"2016-01-27T13:01:35","guid":{"rendered":"http:\/\/www.eltrabajo.cl\/portal\/?p=66210"},"modified":"2016-01-27T10:01:35","modified_gmt":"2016-01-27T13:01:35","slug":"recuperan-cerca-de-15-millones-en-productos-lacteos-sustraidos-en-presunto-autorobo","status":"publish","type":"post","link":"https:\/\/eltrabajo.cl\/portal\/recuperan-cerca-de-15-millones-en-productos-lacteos-sustraidos-en-presunto-autorobo\/","title":{"rendered":"Recuperan cerca de $15 millones en productos l\u00e1cteos sustra\u00eddos en presunto autorobo"},"content":{"rendered":"<figure id=\"attachment_66211\" aria-describedby=\"caption-attachment-66211\" style=\"width: 300px\" class=\"wp-caption alignleft\"><img data-recalc-dims=\"1\" loading=\"lazy\" decoding=\"async\" class=\"wp-image-66211 size-medium\" src=\"https:\/\/i0.wp.com\/www.eltrabajo.cl\/portal\/wp-content\/uploads\/2016\/01\/Autorobo-Lacteos-300x198.jpg?resize=300%2C198\" alt=\"La Biro logr\u00f3 la recuperaci\u00f3n de cerca de $15 millones en productos l\u00e1cteos que fueron sustra\u00eddos en un auto robo perpetrado el 23 de enero en la comuna de Calle Larga.\" width=\"300\" height=\"198\" srcset=\"https:\/\/i0.wp.com\/eltrabajo.cl\/portal\/wp-content\/uploads\/2016\/01\/Autorobo-Lacteos.jpg?resize=300%2C198&amp;ssl=1 300w, https:\/\/i0.wp.com\/eltrabajo.cl\/portal\/wp-content\/uploads\/2016\/01\/Autorobo-Lacteos.jpg?resize=200%2C132&amp;ssl=1 200w, https:\/\/i0.wp.com\/eltrabajo.cl\/portal\/wp-content\/uploads\/2016\/01\/Autorobo-Lacteos.jpg?resize=227%2C150&amp;ssl=1 227w, https:\/\/i0.wp.com\/eltrabajo.cl\/portal\/wp-content\/uploads\/2016\/01\/Autorobo-Lacteos.jpg?resize=400%2C264&amp;ssl=1 400w, https:\/\/i0.wp.com\/eltrabajo.cl\/portal\/wp-content\/uploads\/2016\/01\/Autorobo-Lacteos.jpg?w=530&amp;ssl=1 530w\" sizes=\"auto, (max-width: 300px) 100vw, 300px\" \/><figcaption id=\"caption-attachment-66211\" class=\"wp-caption-text\">La Biro logr\u00f3 la recuperaci\u00f3n de cerca de $15 millones en productos l\u00e1cteos que fueron sustra\u00eddos en un auto robo perpetrado el 23 de enero en la comuna de Calle Larga.<\/figcaption><\/figure>\n<ul>\n<li><strong>Chofer se coludi\u00f3 con antisociales para inventar un supuesto asalto.<\/strong><\/li>\n<\/ul>\n<p><strong>LOS ANDES<\/strong>.- La Brigada de Robos de la PDI de Los Andes logr\u00f3 la recuperaci\u00f3n de cerca de 15 millones de pesos en productos l\u00e1cteos que fueron sustra\u00eddos en un auto robo perpetrado la madrugada del pasado 23 de enero en la comuna de Calle Larga.<br \/>\nEse d\u00eda un cami\u00f3n de la empresa Soprole que se dirig\u00eda hacia Los Andes fue interceptado por una camioneta Chevrolet Luv de color blanco a la altura del puente El Castillo, desde la cual descendieron cuatro sujetos que intimidaron al chofer y el peoneta con armas de fuego.<br \/>\nPosteriormente el veh\u00edculo fue llevado hasta el sector de Valle Alegre donde el grupo de antisociales carg\u00f3 los productos en dos camionetas, dejando abandonado el m\u00f3vil en el lugar.<br \/>\nLuego de ello el conductor se present\u00f3 ante la Tenencia de Carabineros denunciando que hab\u00eda sido asaltado por los antisociales que le robaron toda la carga.<br \/>\nInicialmente las diligencias policiales resultaron infructuosas, recayendo la orden de investigar en la Brigada de Robos de la PDI.<br \/>\nDe esta manera, la ma\u00f1ana del lunes personal de la unidad que realizaba un patrullaje preventivo por el sector del callej\u00f3n la Tordilla en San Rafael observ\u00f3 en el antejard\u00edn de un domicilio la presencia de matas de marihuana.<br \/>\nLos oficiales procedieron a entrevistarse con el due\u00f1o de casa identificado como el obrero A.R.I.P., de 37 a\u00f1os, alias \u2018El Rosendo\u2019, quien autoriz\u00f3 el ingreso a la propiedad.<br \/>\nDe esta manera los detectives incautaron 14 plantas de cannabis sativa que est\u00e1n siendo cultivadas tanto en el exterior como en una habitaci\u00f3n del inmueble.<br \/>\nAsimismo, sobre el refrigerador hallaron varias piezas que queso que el sujeto no supo explicar su origen.<br \/>\nFinalmente el due\u00f1o de casa reconoci\u00f3 que esos productos hab\u00edan sido robados la madrugada del s\u00e1bado desde el cami\u00f3n de la empresa Soprole en Calle Larga.<br \/>\nEl propietario del inmueble dijo que el d\u00eda anterior hab\u00eda sido contactado por un primo y otros dos sujetos apodados como \u2018El Leo Rey\u2019 y el \u2018Witto\u2019 quienes le ofrecieron participar de este asalto simulado para apoderarse de la carga del cami\u00f3n y luego reducirla.<br \/>\nJustamente el conductor del cami\u00f3n junto a los antisociales ideo este plan de auto asalto para hacerlo m\u00e1s cre\u00edble.<br \/>\nEn diligencias posteriores efectuadas la misma tarde del lunes los oficiales de la Brigada de Robos recuperaron parte del cargamento que estaba oculto en otro domicilio del mismo sector de San Rafael.<br \/>\nAll\u00ed fueron detenidos otros dos imputados por el robo identificados como J.M.M.L, de 23 a\u00f1os y J.H.B., de 25.<br \/>\nSeg\u00fan inform\u00f3 el jefe de la Brigada Investigadora de Robos (Biro), Comisario Carlos Alegr\u00eda, durante las diligencias se pudo recuperar la totalidad de las especies sustra\u00eddas al cami\u00f3n, adem\u00e1s de la incautaci\u00f3n de las plantas.<br \/>\nEl oficial precis\u00f3 que se est\u00e1 trabajando en la identificaci\u00f3n de todos los integrantes de la banda que particip\u00f3 de este hecho sobre la base de la declaraci\u00f3n hecha por el detenido en calle la Tordilla.<br \/>\nAgreg\u00f3 que parte de los involucrados mantienen antecedentes penales, incluso uno de ellos estuvo involucrado en homicidio ocurrido en la comuna de San Esteban el a\u00f1o 2013.<br \/>\nPuntualiz\u00f3 que tres de los sujetos estar\u00edan vinculados con el delito de receptaci\u00f3n y otros cinco con el robo, incluso algunos de ellos con residencia en Santiago.<br \/>\nEl Jefe de la Biro afirm\u00f3 que la banda podr\u00eda haber participado de otros delitos similares ocurridos en la zona, pero ellos es materia de nuevas diligencias coordinadas con el Ministerio P\u00fablico.<br \/>\nEl due\u00f1o de la propiedad donde se encontr\u00f3 la marihuana fue puesto a disposici\u00f3n del Tribunal de Garant\u00eda de Los Andes, siendo formalizado por los delitos de receptaci\u00f3n de especies y cultivo de plantas prohibidas.<br \/>\nEl imputado qued\u00f3 con las medidas cautelares de arraigo nacional y firma mensual en el Ministerio P\u00fablico por los tres meses que durar\u00e1 la investigaci\u00f3n.<\/p>\n","protected":false},"excerpt":{"rendered":"<p>Chofer se coludi\u00f3 con antisociales para inventar un supuesto asalto. LOS ANDES.- La Brigada de Robos de la PDI de Los Andes logr\u00f3 la recuperaci\u00f3n de cerca de 15 millones de pesos&#8230;<\/p>\n","protected":false},"author":482,"featured_media":66211,"comment_status":"open","ping_status":"open","sticky":false,"template":"","format":"standard","meta":{"advanced_seo_description":"","jetpack_seo_html_title":"","jetpack_seo_noindex":false,"_jetpack_memberships_contains_paid_content":false,"footnotes":""},"categories":[21],"tags":[],"class_list":["post-66210","post","type-post","status-publish","format-standard","has-post-thumbnail","hentry","category-policial"],"jetpack_featured_media_url":"https:\/\/i0.wp.com\/eltrabajo.cl\/portal\/wp-content\/uploads\/2016\/01\/Autorobo-Lacteos.jpg?fit=530%2C350&ssl=1","jetpack_sharing_enabled":true,"jetpack_likes_enabled":true,"jetpack-related-posts":[],"_links":{"self":[{"href":"https:\/\/eltrabajo.cl\/portal\/wp-json\/wp\/v2\/posts\/66210","targetHints":{"allow":["GET"]}}],"collection":[{"href":"https:\/\/eltrabajo.cl\/portal\/wp-json\/wp\/v2\/posts"}],"about":[{"href":"https:\/\/eltrabajo.cl\/portal\/wp-json\/wp\/v2\/types\/post"}],"author":[{"embeddable":true,"href":"https:\/\/eltrabajo.cl\/portal\/wp-json\/wp\/v2\/users\/482"}],"replies":[{"embeddable":true,"href":"https:\/\/eltrabajo.cl\/portal\/wp-json\/wp\/v2\/comments?post=66210"}],"version-history":[{"count":0,"href":"https:\/\/eltrabajo.cl\/portal\/wp-json\/wp\/v2\/posts\/66210\/revisions"}],"wp:featuredmedia":[{"embeddable":true,"href":"https:\/\/eltrabajo.cl\/portal\/wp-json\/wp\/v2\/media\/66211"}],"wp:attachment":[{"href":"https:\/\/eltrabajo.cl\/portal\/wp-json\/wp\/v2\/media?parent=66210"}],"wp:term":[{"taxonomy":"category","embeddable":true,"href":"https:\/\/eltrabajo.cl\/portal\/wp-json\/wp\/v2\/categories?post=66210"},{"taxonomy":"post_tag","embeddable":true,"href":"https:\/\/eltrabajo.cl\/portal\/wp-json\/wp\/v2\/tags?post=66210"}],"curies":[{"name":"wp","href":"https:\/\/api.w.org\/{rel}","templated":true}]}}