{"id":66213,"date":"2016-01-27T10:04:09","date_gmt":"2016-01-27T13:04:09","guid":{"rendered":"http:\/\/www.eltrabajo.cl\/portal\/?p=66213"},"modified":"2016-01-27T10:04:09","modified_gmt":"2016-01-27T13:04:09","slug":"la-tragedia-que-enluta-a-un-grupo-de-universitarios-que-vieron-morir-a-un-companero","status":"publish","type":"post","link":"https:\/\/eltrabajo.cl\/portal\/la-tragedia-que-enluta-a-un-grupo-de-universitarios-que-vieron-morir-a-un-companero\/","title":{"rendered":"La tragedia que enluta a un grupo de universitarios que vieron morir a un compa\u00f1ero"},"content":{"rendered":"<figure id=\"attachment_66214\" aria-describedby=\"caption-attachment-66214\" style=\"width: 300px\" class=\"wp-caption alignleft\"><img data-recalc-dims=\"1\" loading=\"lazy\" decoding=\"async\" class=\"wp-image-66214 size-medium\" src=\"https:\/\/i0.wp.com\/www.eltrabajo.cl\/portal\/wp-content\/uploads\/2016\/01\/FOTO-RESCATE--300x198.jpg?resize=300%2C198\" alt=\"Personal de Bomberos y Carabineros en el traslado manual del cuerpo del fallecido estudiante de Historia, Mat\u00edas L\u00f3pez Carrasco desde la Quebrada Seca en Las Cortaderas de El Zaino de Santa Mar\u00eda.\" width=\"300\" height=\"198\" srcset=\"https:\/\/i0.wp.com\/eltrabajo.cl\/portal\/wp-content\/uploads\/2016\/01\/FOTO-RESCATE-.jpg?resize=300%2C198&amp;ssl=1 300w, https:\/\/i0.wp.com\/eltrabajo.cl\/portal\/wp-content\/uploads\/2016\/01\/FOTO-RESCATE-.jpg?resize=200%2C132&amp;ssl=1 200w, https:\/\/i0.wp.com\/eltrabajo.cl\/portal\/wp-content\/uploads\/2016\/01\/FOTO-RESCATE-.jpg?resize=227%2C150&amp;ssl=1 227w, https:\/\/i0.wp.com\/eltrabajo.cl\/portal\/wp-content\/uploads\/2016\/01\/FOTO-RESCATE-.jpg?resize=400%2C264&amp;ssl=1 400w, https:\/\/i0.wp.com\/eltrabajo.cl\/portal\/wp-content\/uploads\/2016\/01\/FOTO-RESCATE-.jpg?w=530&amp;ssl=1 530w\" sizes=\"auto, (max-width: 300px) 100vw, 300px\" \/><figcaption id=\"caption-attachment-66214\" class=\"wp-caption-text\">Personal de Bomberos y Carabineros en el traslado manual del cuerpo del fallecido estudiante de Historia, Mat\u00edas L\u00f3pez Carrasco desde la Quebrada Seca en Las Cortaderas de El Zaino de Santa Mar\u00eda.<\/figcaption><\/figure>\n<ul>\n<li><strong>El grupo conformado por estudiantes de la Universidad Diego Portales en Santiago junto a un profesor se internaron hacia la Laguna El Cop\u00edn con el objetivo de realizar un documental hist\u00f3rico, sin embargo uno de estos universitarios cay\u00f3 a un precipicio de siete metros provoc\u00e1ndole la muerte instant\u00e1nea.<\/strong><\/li>\n<\/ul>\n<p>Una ardua jornada que se extendi\u00f3 por m\u00e1s de cinco horas, fue la que vivieron los organismos de emergencias del Samu, Bomberos y Carabineros, cuando buscaban al joven universitario, Mat\u00edas L\u00f3pez Carrasco de 21 a\u00f1os de edad, quien falleciera al caer desde una altura de al menos siete metros tras el desprendimiento de una piedra en una planicie de Quebrada Seca, en Las Cortaderas de Santa Mar\u00eda.<br \/>\nDe acuerdo a la versi\u00f3n policial, un grupo de siete estudiantes de la carrera de Historia junto a un profesor de la Universidad Diego Portales en Santiago, arribaron hasta la comuna de Santa Mar\u00eda la tarde del lunes con el objetivo de realizar un documental sobre la historia de Laguna El Cop\u00edn.<br \/>\nEstos estudiantes se fueron internando en el lugar hasta llegar al sector de El Zaino, en donde habr\u00edan acampado durante esa noche, sin dar cuenta de esta visita universitaria a Carabineros, siendo precisamente lo recomendado para poder socorrer en este tipo de extrav\u00edos o emergencias que suceden en estas pr\u00e1cticas.<\/p>\n<figure id=\"attachment_66215\" aria-describedby=\"caption-attachment-66215\" style=\"width: 300px\" class=\"wp-caption alignright\"><img data-recalc-dims=\"1\" loading=\"lazy\" decoding=\"async\" class=\"wp-image-66215 size-medium\" src=\"https:\/\/i0.wp.com\/www.eltrabajo.cl\/portal\/wp-content\/uploads\/2016\/01\/FOTO-RESCATE-2-300x198.jpg?resize=300%2C198\" alt=\"Enorme consternaci\u00f3n entre los estudiantes excursionistas que vieron morir a su compa\u00f1ero mientras realizaban un documental de la Laguna El Cop\u00edn en Santa Mar\u00eda.\" width=\"300\" height=\"198\" srcset=\"https:\/\/i0.wp.com\/eltrabajo.cl\/portal\/wp-content\/uploads\/2016\/01\/FOTO-RESCATE-2.jpg?resize=300%2C198&amp;ssl=1 300w, https:\/\/i0.wp.com\/eltrabajo.cl\/portal\/wp-content\/uploads\/2016\/01\/FOTO-RESCATE-2.jpg?resize=200%2C132&amp;ssl=1 200w, https:\/\/i0.wp.com\/eltrabajo.cl\/portal\/wp-content\/uploads\/2016\/01\/FOTO-RESCATE-2.jpg?resize=227%2C150&amp;ssl=1 227w, https:\/\/i0.wp.com\/eltrabajo.cl\/portal\/wp-content\/uploads\/2016\/01\/FOTO-RESCATE-2.jpg?resize=400%2C264&amp;ssl=1 400w, https:\/\/i0.wp.com\/eltrabajo.cl\/portal\/wp-content\/uploads\/2016\/01\/FOTO-RESCATE-2.jpg?w=530&amp;ssl=1 530w\" sizes=\"auto, (max-width: 300px) 100vw, 300px\" \/><figcaption id=\"caption-attachment-66215\" class=\"wp-caption-text\">Enorme consternaci\u00f3n entre los estudiantes excursionistas que vieron morir a su compa\u00f1ero mientras realizaban un documental de la Laguna El Cop\u00edn en Santa Mar\u00eda.<\/figcaption><\/figure>\n<p><strong>TR\u00c1GICO DOCUMENTAL<\/strong><br \/>\nAsimismo, a primera hora de este martes el grupo de estudiantes contact\u00f3 a un lugare\u00f1o que les indic\u00f3 c\u00f3mo llegar hasta la laguna, dividi\u00e9ndose en dos grupos para escalar las laderas hacia El Cop\u00edn; unos montados a caballo y otros a pi\u00e9 fueron plasmando los registros que se adosar\u00edan al documental propiamente tal para su carrera.<br \/>\nEn uno de estos grupos se encontraba el estudiante de 21 a\u00f1os, Mat\u00edas L\u00f3pez Carrasco, oriundo de la comuna de San Bernardo en la Regi\u00f3n Metropolitana, quien al desconocer los riesgos de este tipo de escalamientos, habr\u00eda apoyando su pie en una piedra adosada, cayendo repentinamente hacia un precipicio de al menos siete metros de altura, hiriendo gravemente su cr\u00e1neo en dos oportunidades, provoc\u00e1ndole la muerte.<br \/>\n\u201cEllos son de la Facultad de Historia y estaban haciendo un documental respecto de la historia de esta laguna. Se dividieron en dos grupos estos muchachos, en uno de ellos iba la v\u00edctima, descendi\u00f3 a un lugar de siete metros aproximadamente donde hubo una suerte de deslave. Cay\u00f3 hacia unas piedras, una de ellas le golpe\u00f3 el cr\u00e1neo, lo hace caer y se golpea nuevamente en el cr\u00e1neo en otra piedra m\u00e1s, falleciendo a ra\u00edz de un traumatismo enc\u00e9falo craneano complicado\u201d, afirm\u00f3 el Jefe de la Brigada de Homicidios de la Polic\u00eda de Investigaciones de Los Andes, Comisario Gino Guti\u00e9rrez.<\/p>\n<p><strong>ENORME CONSTERNACI\u00d3N<\/strong><br \/>\nFue as\u00ed que el resto de los excursionistas at\u00f3nitos con lo sucedido, cerca de las 15:30 horas del martes descendieron de la quebrada en b\u00fasqueda de se\u00f1al en sus celulares para requerir ayuda a Carabineros, Bomberos y personal de Samu para dar cuenta del fatal accidente.<br \/>\nAl tomar contacto con los organismos de emergencias, este grupo de universitarios inform\u00f3 la ubicaci\u00f3n exacta donde se alojaban. Se trataba de un lugar de dif\u00edcil acceso de veh\u00edculo, debiendo acudir un grupo de rescatistas de bomberos y Carabineros en su b\u00fasqueda.<br \/>\nLas labores de rescate se extendieron hasta pasadas las 21:00 horas cuando se logr\u00f3 llegar hasta el lugar donde yac\u00eda muerto el joven estudiante, mismo que debi\u00f3 ser trasladado manualmente en una camilla por Bomberos, tras descartar el uso de un helic\u00f3ptero debido a las condiciones clim\u00e1ticas que imperaban en esos momentos; hab\u00eda chubascos d\u00e9biles y fuertes vientos que podr\u00edan haber afectado el rescate.<br \/>\nHasta el lugar de los hechos concurri\u00f3 la Brigada de Homicidios de Los Andes para realizar las primeras pericias externas al cuerpo del universitario, descartando la intervenci\u00f3n de terceras personas, siendo trasladado hasta el Servicio M\u00e9dico Legal de San Felipe para la correspondiente autopsia de rigor, \u201ctodas las lesiones eras constitutivas y coet\u00e1neas a la mec\u00e1nica de c\u00f3mo acaeci\u00f3 el deceso y el deslave que sufri\u00f3 el joven\u201d, a\u00f1adi\u00f3 el Comisario Gino Guti\u00e9rrez.<br \/>\nSeg\u00fan se pudo conocer, el resto de los excursionistas no resultaron con lesiones f\u00edsicas pero de igual forma fueron derivados hasta centros hospitalarios para ser atendidos debido a que presentaban signos de deshidrataci\u00f3n y un evidente estado de shock tras las cr\u00edticas circunstancias acaecidas.<br \/>\nDurante esta emergencia el gobernador Eduardo Le\u00f3n, al conocer los detalles sobre el lamentable accidente y coordinar las ayudas de los equipos de emergencia, destac\u00f3 que esta zona presenta un terreno irregular y es de dif\u00edcil acceso para el tr\u00e1nsito de personas. \u201cEste lugar no se ocupa usualmente para llegar a la Laguna El Cop\u00edn. Ahora trabaj\u00f3 Carabineros y PDI para establecer los hechos. El Samu atendi\u00f3 a los otros muchachos de la excursi\u00f3n y se eval\u00faa en terreno el estado de salud de los estudiantes\u201d, inform\u00f3.<br \/>\n<strong>Pablo Salinas Sald\u00edas<\/strong><\/p>\n","protected":false},"excerpt":{"rendered":"<p>El grupo conformado por estudiantes de la Universidad Diego Portales en Santiago junto a un profesor se internaron hacia la Laguna El Cop\u00edn con el objetivo de realizar un documental hist\u00f3rico, sin&#8230;<\/p>\n","protected":false},"author":482,"featured_media":66214,"comment_status":"open","ping_status":"open","sticky":false,"template":"","format":"standard","meta":{"advanced_seo_description":"","jetpack_seo_html_title":"","jetpack_seo_noindex":false,"_jetpack_memberships_contains_paid_content":false,"footnotes":""},"categories":[21],"tags":[],"class_list":["post-66213","post","type-post","status-publish","format-standard","has-post-thumbnail","hentry","category-policial"],"jetpack_featured_media_url":"https:\/\/i0.wp.com\/eltrabajo.cl\/portal\/wp-content\/uploads\/2016\/01\/FOTO-RESCATE-.jpg?fit=530%2C350&ssl=1","jetpack_sharing_enabled":true,"jetpack_likes_enabled":true,"jetpack-related-posts":[],"_links":{"self":[{"href":"https:\/\/eltrabajo.cl\/portal\/wp-json\/wp\/v2\/posts\/66213","targetHints":{"allow":["GET"]}}],"collection":[{"href":"https:\/\/eltrabajo.cl\/portal\/wp-json\/wp\/v2\/posts"}],"about":[{"href":"https:\/\/eltrabajo.cl\/portal\/wp-json\/wp\/v2\/types\/post"}],"author":[{"embeddable":true,"href":"https:\/\/eltrabajo.cl\/portal\/wp-json\/wp\/v2\/users\/482"}],"replies":[{"embeddable":true,"href":"https:\/\/eltrabajo.cl\/portal\/wp-json\/wp\/v2\/comments?post=66213"}],"version-history":[{"count":0,"href":"https:\/\/eltrabajo.cl\/portal\/wp-json\/wp\/v2\/posts\/66213\/revisions"}],"wp:featuredmedia":[{"embeddable":true,"href":"https:\/\/eltrabajo.cl\/portal\/wp-json\/wp\/v2\/media\/66214"}],"wp:attachment":[{"href":"https:\/\/eltrabajo.cl\/portal\/wp-json\/wp\/v2\/media?parent=66213"}],"wp:term":[{"taxonomy":"category","embeddable":true,"href":"https:\/\/eltrabajo.cl\/portal\/wp-json\/wp\/v2\/categories?post=66213"},{"taxonomy":"post_tag","embeddable":true,"href":"https:\/\/eltrabajo.cl\/portal\/wp-json\/wp\/v2\/tags?post=66213"}],"curies":[{"name":"wp","href":"https:\/\/api.w.org\/{rel}","templated":true}]}}