{"id":66217,"date":"2016-01-28T09:34:43","date_gmt":"2016-01-28T12:34:43","guid":{"rendered":"http:\/\/www.eltrabajo.cl\/portal\/?p=66217"},"modified":"2016-01-28T09:34:43","modified_gmt":"2016-01-28T12:34:43","slug":"con-emotiva-ceremonia-servicio-pais-presenta-cuenta-publica-2015-en-santa-maria","status":"publish","type":"post","link":"https:\/\/eltrabajo.cl\/portal\/con-emotiva-ceremonia-servicio-pais-presenta-cuenta-publica-2015-en-santa-maria\/","title":{"rendered":"Con emotiva ceremonia, Servicio Pa\u00eds presenta Cuenta P\u00fablica 2015 en Santa Mar\u00eda"},"content":{"rendered":"<figure id=\"attachment_66218\" aria-describedby=\"caption-attachment-66218\" style=\"width: 300px\" class=\"wp-caption alignleft\"><img data-recalc-dims=\"1\" loading=\"lazy\" decoding=\"async\" class=\"wp-image-66218 size-medium\" src=\"https:\/\/i0.wp.com\/www.eltrabajo.cl\/portal\/wp-content\/uploads\/2016\/01\/Ceremonia-cuenta-publica-servicio-Pais-300x198.jpg?resize=300%2C198\" alt=\"En una emotiva ceremonia, presentaron su Cuenta P\u00fablica 2015 j\u00f3venes de Servicio Pa\u00eds en Santa Mar\u00eda.\" width=\"300\" height=\"198\" srcset=\"https:\/\/i0.wp.com\/eltrabajo.cl\/portal\/wp-content\/uploads\/2016\/01\/Ceremonia-cuenta-publica-servicio-Pais.jpg?resize=300%2C198&amp;ssl=1 300w, https:\/\/i0.wp.com\/eltrabajo.cl\/portal\/wp-content\/uploads\/2016\/01\/Ceremonia-cuenta-publica-servicio-Pais.jpg?resize=200%2C132&amp;ssl=1 200w, https:\/\/i0.wp.com\/eltrabajo.cl\/portal\/wp-content\/uploads\/2016\/01\/Ceremonia-cuenta-publica-servicio-Pais.jpg?resize=227%2C150&amp;ssl=1 227w, https:\/\/i0.wp.com\/eltrabajo.cl\/portal\/wp-content\/uploads\/2016\/01\/Ceremonia-cuenta-publica-servicio-Pais.jpg?resize=400%2C264&amp;ssl=1 400w, https:\/\/i0.wp.com\/eltrabajo.cl\/portal\/wp-content\/uploads\/2016\/01\/Ceremonia-cuenta-publica-servicio-Pais.jpg?w=530&amp;ssl=1 530w\" sizes=\"auto, (max-width: 300px) 100vw, 300px\" \/><figcaption id=\"caption-attachment-66218\" class=\"wp-caption-text\">En una emotiva ceremonia, presentaron su Cuenta P\u00fablica 2015 j\u00f3venes de Servicio Pa\u00eds en Santa Mar\u00eda.<\/figcaption><\/figure>\n<p><strong>SANTA MAR\u00cdA.<\/strong>&#8211; Una emotiva cuenta p\u00fablica present\u00f3 el equipo de Servicio pa\u00eds que trabaj\u00f3 en la comuna durante el a\u00f1o 2015. Si bien la actividad estuvo llena de datos y cifras, la emotividad fue la mayor demostraci\u00f3n de un trabajo bien hecho.<br \/>\nEstefany Bailey, Samuel Duarte y Daniela Borques lograron lo que los profesionales j\u00f3venes y llenos de entusiasmo generan\u2026un acercamiento con la gente y eso crea lazos emotivos que se demostraron con creces durante esta despedida. Para Estefany Bailey la experiencia fue transformadora, \u201ccomo dise\u00f1adora casi siempre el dise\u00f1o est\u00e1 enfocado al \u00e1mbito publicitario, encerrado entre cuatro paredes de una oficina. Ac\u00e1 encontr\u00e9 la magia del dise\u00f1o social, el compartir con la gente, el entender que la creaci\u00f3n no vale uno sino que vale otro tambi\u00e9n ya que todo fue trabajar en equipo\u201d.<br \/>\nLa actividad estuvo decorada con dos n\u00fameros musicales de gran calidad de m\u00fasicos consagrados y de una chica de un grupo juvenil con un destacado talento. Y un coctel amenizado por el cari\u00f1o y las manifestaciones de afecto que se brindaron a este grupo de profesionales j\u00f3venes.<br \/>\n\u201cMi experiencia fue incre\u00edble, yo vengo de Santiago y la realidad es muy diferente, la gente de provincia es muy cari\u00f1osa. La experiencia que nos entregan solo por el hecho de abrir las puertas de su casa, de contarnos de su vivir y de tratar de solucionar sus problemas en conjunto, es muy gratificante\u201d, manifest\u00f3 Samuel Duarte.<br \/>\nMarisol Ponce, concejal de la comuna de Santa Mar\u00eda, dijo estar muy satisfecha con el desempe\u00f1o de Servicio Pa\u00eds y que para la comuna era una inversi\u00f3n y una intervenci\u00f3n que funcionaba muy bien: \u201cLos tres profesionales que vinieron esta vez, fueron muy cercanos a la gente. Mostraron una cuenta p\u00fablica muy buena, muy efectiva. La gentes empoder\u00f3 de ellos se puede decir, porque desarrollaron varios proyectos y acompa\u00f1aron al 100%. Estos chicos se dan mucho para la gente.\u201d<br \/>\nSin embargo, las despedidas son algo tristes y hubo m\u00e1s de una l\u00e1grima entre los asistentes y de los profesionales que no quieren irse de la comuna. Daniela Borques dijo haber aprendido a trabajar en equipo y haber recibido y entregado conocimientos. \u201cYo soy de Tocopilla, as\u00ed que, imag\u00ednense como todo es muy diferente aqu\u00ed en Santa Mar\u00eda. Aqu\u00ed todo es muy lindo, sus valles, sus monta\u00f1as, su gente, el verde, entonces claro, es una experiencia impagable poder venir a trabajar en una comuna como \u00e9sta\u201d, se\u00f1al\u00f3.<br \/>\nRoberto Mercado Aced<\/p>\n","protected":false},"excerpt":{"rendered":"<p>SANTA MAR\u00cdA.&#8211; Una emotiva cuenta p\u00fablica present\u00f3 el equipo de Servicio pa\u00eds que trabaj\u00f3 en la comuna durante el a\u00f1o 2015. Si bien la actividad estuvo llena de datos y cifras, la&#8230;<\/p>\n","protected":false},"author":482,"featured_media":66218,"comment_status":"open","ping_status":"open","sticky":false,"template":"","format":"standard","meta":{"advanced_seo_description":"","jetpack_seo_html_title":"","jetpack_seo_noindex":false,"_jetpack_memberships_contains_paid_content":false,"footnotes":""},"categories":[15],"tags":[],"class_list":["post-66217","post","type-post","status-publish","format-standard","has-post-thumbnail","hentry","category-comunidad"],"jetpack_featured_media_url":"https:\/\/i0.wp.com\/eltrabajo.cl\/portal\/wp-content\/uploads\/2016\/01\/Ceremonia-cuenta-publica-servicio-Pais.jpg?fit=530%2C350&ssl=1","jetpack_sharing_enabled":true,"jetpack_likes_enabled":true,"jetpack-related-posts":[],"_links":{"self":[{"href":"https:\/\/eltrabajo.cl\/portal\/wp-json\/wp\/v2\/posts\/66217","targetHints":{"allow":["GET"]}}],"collection":[{"href":"https:\/\/eltrabajo.cl\/portal\/wp-json\/wp\/v2\/posts"}],"about":[{"href":"https:\/\/eltrabajo.cl\/portal\/wp-json\/wp\/v2\/types\/post"}],"author":[{"embeddable":true,"href":"https:\/\/eltrabajo.cl\/portal\/wp-json\/wp\/v2\/users\/482"}],"replies":[{"embeddable":true,"href":"https:\/\/eltrabajo.cl\/portal\/wp-json\/wp\/v2\/comments?post=66217"}],"version-history":[{"count":0,"href":"https:\/\/eltrabajo.cl\/portal\/wp-json\/wp\/v2\/posts\/66217\/revisions"}],"wp:featuredmedia":[{"embeddable":true,"href":"https:\/\/eltrabajo.cl\/portal\/wp-json\/wp\/v2\/media\/66218"}],"wp:attachment":[{"href":"https:\/\/eltrabajo.cl\/portal\/wp-json\/wp\/v2\/media?parent=66217"}],"wp:term":[{"taxonomy":"category","embeddable":true,"href":"https:\/\/eltrabajo.cl\/portal\/wp-json\/wp\/v2\/categories?post=66217"},{"taxonomy":"post_tag","embeddable":true,"href":"https:\/\/eltrabajo.cl\/portal\/wp-json\/wp\/v2\/tags?post=66217"}],"curies":[{"name":"wp","href":"https:\/\/api.w.org\/{rel}","templated":true}]}}