{"id":66220,"date":"2016-01-28T09:36:56","date_gmt":"2016-01-28T12:36:56","guid":{"rendered":"http:\/\/www.eltrabajo.cl\/portal\/?p=66220"},"modified":"2016-01-28T09:36:56","modified_gmt":"2016-01-28T12:36:56","slug":"en-piscina-municipal-senda-previene-lanza-campana-de-verano","status":"publish","type":"post","link":"https:\/\/eltrabajo.cl\/portal\/en-piscina-municipal-senda-previene-lanza-campana-de-verano\/","title":{"rendered":"En piscina municipal Senda Previene lanza campa\u00f1a de verano"},"content":{"rendered":"<figure id=\"attachment_66221\" aria-describedby=\"caption-attachment-66221\" style=\"width: 300px\" class=\"wp-caption alignleft\"><img data-recalc-dims=\"1\" loading=\"lazy\" decoding=\"async\" class=\"wp-image-66221 size-medium\" src=\"https:\/\/i0.wp.com\/www.eltrabajo.cl\/portal\/wp-content\/uploads\/2016\/01\/Senda-previene-Santa-Maria-300x198.jpg?resize=300%2C198\" alt=\"Senda Previene lanz\u00f3 su campa\u00f1a de verano 2016 de prevenci\u00f3n de drogas en la piscina municipal de Santa Mar\u00eda.\" width=\"300\" height=\"198\" srcset=\"https:\/\/i0.wp.com\/eltrabajo.cl\/portal\/wp-content\/uploads\/2016\/01\/Senda-previene-Santa-Maria.jpg?resize=300%2C198&amp;ssl=1 300w, https:\/\/i0.wp.com\/eltrabajo.cl\/portal\/wp-content\/uploads\/2016\/01\/Senda-previene-Santa-Maria.jpg?resize=200%2C132&amp;ssl=1 200w, https:\/\/i0.wp.com\/eltrabajo.cl\/portal\/wp-content\/uploads\/2016\/01\/Senda-previene-Santa-Maria.jpg?resize=227%2C150&amp;ssl=1 227w, https:\/\/i0.wp.com\/eltrabajo.cl\/portal\/wp-content\/uploads\/2016\/01\/Senda-previene-Santa-Maria.jpg?resize=400%2C264&amp;ssl=1 400w, https:\/\/i0.wp.com\/eltrabajo.cl\/portal\/wp-content\/uploads\/2016\/01\/Senda-previene-Santa-Maria.jpg?w=530&amp;ssl=1 530w\" sizes=\"auto, (max-width: 300px) 100vw, 300px\" \/><figcaption id=\"caption-attachment-66221\" class=\"wp-caption-text\">Senda Previene lanz\u00f3 su campa\u00f1a de verano 2016 de prevenci\u00f3n de drogas en la piscina municipal de Santa Mar\u00eda.<\/figcaption><\/figure>\n<p><strong>SANTA MAR\u00cdA<\/strong>.- Una gran fiesta preventiva se vivi\u00f3 en la piscina municipal de la comuna.<br \/>\nCon el objetivo de prevenir el consumo de alcohol y drogas en ni\u00f1os y adolescentes mediante el buen uso del tiempo libre, Senda Previene lanz\u00f3 su campa\u00f1a de verano 2016.<br \/>\nBajo el slogan \u2018Estas vacaciones son un buen momento para empezar a conversar\u2019, se realiz\u00f3 el lanzamiento oficial de la iniciativa con una gran fiesta recreativa en plena piscina de la comuna, con la participaci\u00f3n de doscientas personas entre ni\u00f1os, adolecentes y adultos.<br \/>\n\u201cEl objetivo de esta actividad fue incentivar a los padres o adultos responsables para que se acerquen a sus hijos en estas vacaciones y puedan conversar sobre los riesgos que genera consumir alcohol, tabaco y drogas. Tambi\u00e9n el mensaje apunta a los m\u00e1s j\u00f3venes, para que utilicen de buena manera su tiempo libre, por ejemplo, con actividades deportivas\u201d, explic\u00f3 Claudia Berrios Berrios, directora regional de Senda.<br \/>\nPor su parte, el alcalde don Claudio Zurita Ibarra, subray\u00f3 que \u201cnuestra obligaci\u00f3n como municipio es trabajar en pro de la prevenci\u00f3n y tomarnos los espacios p\u00fablicos para llevar nuestro mensaje preventivo, tambi\u00e9n es importante mencionar que como municipio tenemos una misi\u00f3n clara y es la de fomentar, la vida sana, el deporte y la recreaci\u00f3n, que alejemos a nuestra juventud del alcohol y las drogas. Hemos visto mucho entusiasmo, mucha energ\u00eda y una muy buena recepci\u00f3n a este importante mensaje\u201d.<br \/>\nTambi\u00e9n estuvieron presentes Los concejales, Eloy Ibacache, Jos\u00e9 Gerbic, Mar\u00eda Cristina Meza, y representantes de la Uni\u00f3n Comuna de juntas de vecinos, Albina Marambio, Lea Lazcano, Patricia Costa, y Elizabeth Gallardo<br \/>\nEn los jardines de la piscina los asistentes pudieron disfrutar de juegos inflables, m\u00fasica en vivo. Se entregaron regalos a todos los participantes, adem\u00e1s de informaci\u00f3n sobre la campa\u00f1a.<br \/>\nA esta actividad se hicieron presentes vecinos y vecinas de Los H\u00e9roes, Tres Carrera, Los Aromos, Padre Pio, San Jos\u00e9, Nieto Sur y Calle el Medio. Las actividades enmarcadas en esta iniciativa continuar\u00e1n durante los que queda del verano, Frutillar y Poblaci\u00f3n Villa Espa\u00f1a.<\/p>\n","protected":false},"excerpt":{"rendered":"<p>SANTA MAR\u00cdA.- Una gran fiesta preventiva se vivi\u00f3 en la piscina municipal de la comuna. Con el objetivo de prevenir el consumo de alcohol y drogas en ni\u00f1os y adolescentes mediante el&#8230;<\/p>\n","protected":false},"author":482,"featured_media":66221,"comment_status":"open","ping_status":"open","sticky":false,"template":"","format":"standard","meta":{"advanced_seo_description":"","jetpack_seo_html_title":"","jetpack_seo_noindex":false,"_jetpack_memberships_contains_paid_content":false,"footnotes":""},"categories":[1],"tags":[],"class_list":["post-66220","post","type-post","status-publish","format-standard","has-post-thumbnail","hentry","category-cronica"],"jetpack_featured_media_url":"https:\/\/i0.wp.com\/eltrabajo.cl\/portal\/wp-content\/uploads\/2016\/01\/Senda-previene-Santa-Maria.jpg?fit=530%2C350&ssl=1","jetpack_sharing_enabled":true,"jetpack_likes_enabled":true,"jetpack-related-posts":[],"_links":{"self":[{"href":"https:\/\/eltrabajo.cl\/portal\/wp-json\/wp\/v2\/posts\/66220","targetHints":{"allow":["GET"]}}],"collection":[{"href":"https:\/\/eltrabajo.cl\/portal\/wp-json\/wp\/v2\/posts"}],"about":[{"href":"https:\/\/eltrabajo.cl\/portal\/wp-json\/wp\/v2\/types\/post"}],"author":[{"embeddable":true,"href":"https:\/\/eltrabajo.cl\/portal\/wp-json\/wp\/v2\/users\/482"}],"replies":[{"embeddable":true,"href":"https:\/\/eltrabajo.cl\/portal\/wp-json\/wp\/v2\/comments?post=66220"}],"version-history":[{"count":0,"href":"https:\/\/eltrabajo.cl\/portal\/wp-json\/wp\/v2\/posts\/66220\/revisions"}],"wp:featuredmedia":[{"embeddable":true,"href":"https:\/\/eltrabajo.cl\/portal\/wp-json\/wp\/v2\/media\/66221"}],"wp:attachment":[{"href":"https:\/\/eltrabajo.cl\/portal\/wp-json\/wp\/v2\/media?parent=66220"}],"wp:term":[{"taxonomy":"category","embeddable":true,"href":"https:\/\/eltrabajo.cl\/portal\/wp-json\/wp\/v2\/categories?post=66220"},{"taxonomy":"post_tag","embeddable":true,"href":"https:\/\/eltrabajo.cl\/portal\/wp-json\/wp\/v2\/tags?post=66220"}],"curies":[{"name":"wp","href":"https:\/\/api.w.org\/{rel}","templated":true}]}}