{"id":66223,"date":"2016-01-28T09:38:33","date_gmt":"2016-01-28T12:38:33","guid":{"rendered":"http:\/\/www.eltrabajo.cl\/portal\/?p=66223"},"modified":"2016-01-28T09:38:33","modified_gmt":"2016-01-28T12:38:33","slug":"entregan-nuevo-carro-bomba-a-sexta-compania-de-bomberos-de-rio-blanco","status":"publish","type":"post","link":"https:\/\/eltrabajo.cl\/portal\/entregan-nuevo-carro-bomba-a-sexta-compania-de-bomberos-de-rio-blanco\/","title":{"rendered":"Entregan nuevo carro bomba a sexta Compa\u00f1\u00eda de Bomberos de R\u00edo Blanco"},"content":{"rendered":"<figure id=\"attachment_66224\" aria-describedby=\"caption-attachment-66224\" style=\"width: 300px\" class=\"wp-caption alignleft\"><img data-recalc-dims=\"1\" loading=\"lazy\" decoding=\"async\" class=\"wp-image-66224 size-medium\" src=\"https:\/\/i0.wp.com\/www.eltrabajo.cl\/portal\/wp-content\/uploads\/2016\/01\/Nuevo-carro-Bomba-6ta-compania-1-300x198.jpg?resize=300%2C198\" alt=\"La 6\u00aa Compa\u00f1\u00eda de Bomberos del sector R\u00edo Blanco obtuvo un nuevo carro bomba que ayudar\u00e1 a mejorar los servicios que presta a la comunidad.\" width=\"300\" height=\"198\" srcset=\"https:\/\/i0.wp.com\/eltrabajo.cl\/portal\/wp-content\/uploads\/2016\/01\/Nuevo-carro-Bomba-6ta-compania-1.jpg?resize=300%2C198&amp;ssl=1 300w, https:\/\/i0.wp.com\/eltrabajo.cl\/portal\/wp-content\/uploads\/2016\/01\/Nuevo-carro-Bomba-6ta-compania-1.jpg?resize=200%2C132&amp;ssl=1 200w, https:\/\/i0.wp.com\/eltrabajo.cl\/portal\/wp-content\/uploads\/2016\/01\/Nuevo-carro-Bomba-6ta-compania-1.jpg?resize=227%2C150&amp;ssl=1 227w, https:\/\/i0.wp.com\/eltrabajo.cl\/portal\/wp-content\/uploads\/2016\/01\/Nuevo-carro-Bomba-6ta-compania-1.jpg?resize=400%2C264&amp;ssl=1 400w, https:\/\/i0.wp.com\/eltrabajo.cl\/portal\/wp-content\/uploads\/2016\/01\/Nuevo-carro-Bomba-6ta-compania-1.jpg?w=530&amp;ssl=1 530w\" sizes=\"auto, (max-width: 300px) 100vw, 300px\" \/><figcaption id=\"caption-attachment-66224\" class=\"wp-caption-text\">La 6\u00aa Compa\u00f1\u00eda de Bomberos del sector R\u00edo Blanco obtuvo un nuevo carro bomba que ayudar\u00e1 a mejorar los servicios que presta a la comunidad.<\/figcaption><\/figure>\n<p><strong>LOS ANDES<\/strong>.- Gracias al compromiso del Gobierno Regional de Valpara\u00edso y Bomberos de Los Andes, la Sexta Compa\u00f1\u00eda de Bomberos del sector R\u00edo Blanco obtuvo un nuevo carro bomba, con el cual se podr\u00e1 mejorar la calidad del servicio prestado de manera abnegada por parte de Bomberos en la comunidad.<br \/>\nCon la presencia de autoridades locales, el equipo de la Gobernaci\u00f3n Provincial de Los Andes y los miembros de la directiva de la Sexta Compa\u00f1\u00eda, encabezados por su director Patricio Riquelme, se inaugur\u00f3 este moderno veh\u00edculo, cuya capacidad es de cuatro mil litros de agua, tuvo un costo superior a los 138 millones de pesos, y que cuenta con tecnolog\u00eda de punta.<br \/>\nCon este nuevo carro, la Sexta Compa\u00f1\u00eda de Bomberos de Los Andes podr\u00e1 fortalecer a\u00fan m\u00e1s el apoyo brindado hacia la comunidad, siendo la principal poblaci\u00f3n beneficiada las familias del Camino Internacional, R\u00edo Blanco y Guardia Vieja, entre otras localidades.<br \/>\nAdem\u00e1s, permitir\u00e1 colaborar de mejor manera en contingencias similares a la que ocurri\u00f3 con el \u00faltimo frente clim\u00e1tico que afect\u00f3 parte de la Ruta Internacional desde el lado argentino, la cual produjo cortes de camino que causaron el cierre del Complejo Fronterizo Los Libertadores.<br \/>\nAnte esto, los representantes de la Gobernaci\u00f3n Provincial de Los Andes, Mauricio Hern\u00e1ndez y Alejandro Escudero, se\u00f1alaron que los turistas varados en el Camino Internacional fueron suministrados de agua potable gracias al apoyo de la Sexta Compa\u00f1\u00eda de Bomberos y del Cuerpo de Bomberos de Los Andes, por lo que valoraron la labor realizado por la instituci\u00f3n en diversas emergencias.<br \/>\nPatricio Riquelme, director de la Sexta Compa\u00f1\u00eda de Bomberos, destac\u00f3 el compromiso por parte de las autoridades en el logro de este veh\u00edculo y manifest\u00f3 que el rol que cumple Bomberos es fundamental para superar situaciones de peligro y resguardar a la poblaci\u00f3n, por lo que es imprescindible su labor, particularmente, en esta zona lejana de la comuna de Los Andes.<br \/>\nCabe mencionar que la instituci\u00f3n bomberil y dirigentes de R\u00edo Blanco son parte de la Mesa de Trabajo del Camino Internacional y del Comit\u00e9 T\u00e9cnico Asesor, las cuales buscan mejorar la calidad de vida del sector.<\/p>\n","protected":false},"excerpt":{"rendered":"<p>LOS ANDES.- Gracias al compromiso del Gobierno Regional de Valpara\u00edso y Bomberos de Los Andes, la Sexta Compa\u00f1\u00eda de Bomberos del sector R\u00edo Blanco obtuvo un nuevo carro bomba, con el cual&#8230;<\/p>\n","protected":false},"author":482,"featured_media":66224,"comment_status":"open","ping_status":"open","sticky":false,"template":"","format":"standard","meta":{"advanced_seo_description":"","jetpack_seo_html_title":"","jetpack_seo_noindex":false,"_jetpack_memberships_contains_paid_content":false,"footnotes":""},"categories":[1],"tags":[],"class_list":["post-66223","post","type-post","status-publish","format-standard","has-post-thumbnail","hentry","category-cronica"],"jetpack_featured_media_url":"https:\/\/i0.wp.com\/eltrabajo.cl\/portal\/wp-content\/uploads\/2016\/01\/Nuevo-carro-Bomba-6ta-compania-1.jpg?fit=530%2C350&ssl=1","jetpack_sharing_enabled":true,"jetpack_likes_enabled":true,"jetpack-related-posts":[],"_links":{"self":[{"href":"https:\/\/eltrabajo.cl\/portal\/wp-json\/wp\/v2\/posts\/66223","targetHints":{"allow":["GET"]}}],"collection":[{"href":"https:\/\/eltrabajo.cl\/portal\/wp-json\/wp\/v2\/posts"}],"about":[{"href":"https:\/\/eltrabajo.cl\/portal\/wp-json\/wp\/v2\/types\/post"}],"author":[{"embeddable":true,"href":"https:\/\/eltrabajo.cl\/portal\/wp-json\/wp\/v2\/users\/482"}],"replies":[{"embeddable":true,"href":"https:\/\/eltrabajo.cl\/portal\/wp-json\/wp\/v2\/comments?post=66223"}],"version-history":[{"count":0,"href":"https:\/\/eltrabajo.cl\/portal\/wp-json\/wp\/v2\/posts\/66223\/revisions"}],"wp:featuredmedia":[{"embeddable":true,"href":"https:\/\/eltrabajo.cl\/portal\/wp-json\/wp\/v2\/media\/66224"}],"wp:attachment":[{"href":"https:\/\/eltrabajo.cl\/portal\/wp-json\/wp\/v2\/media?parent=66223"}],"wp:term":[{"taxonomy":"category","embeddable":true,"href":"https:\/\/eltrabajo.cl\/portal\/wp-json\/wp\/v2\/categories?post=66223"},{"taxonomy":"post_tag","embeddable":true,"href":"https:\/\/eltrabajo.cl\/portal\/wp-json\/wp\/v2\/tags?post=66223"}],"curies":[{"name":"wp","href":"https:\/\/api.w.org\/{rel}","templated":true}]}}