{"id":66226,"date":"2016-01-28T09:41:36","date_gmt":"2016-01-28T12:41:36","guid":{"rendered":"http:\/\/www.eltrabajo.cl\/portal\/?p=66226"},"modified":"2016-01-28T09:41:36","modified_gmt":"2016-01-28T12:41:36","slug":"visitando-el-centro-recreativo-cultural-endemico-aconcagua","status":"publish","type":"post","link":"https:\/\/eltrabajo.cl\/portal\/visitando-el-centro-recreativo-cultural-endemico-aconcagua\/","title":{"rendered":"Visitando el Centro Recreativo Cultural End\u00e9mico Aconcagua"},"content":{"rendered":"<figure id=\"attachment_66227\" aria-describedby=\"caption-attachment-66227\" style=\"width: 300px\" class=\"wp-caption alignleft\"><img data-recalc-dims=\"1\" loading=\"lazy\" decoding=\"async\" class=\"wp-image-66227 size-medium\" src=\"https:\/\/i0.wp.com\/www.eltrabajo.cl\/portal\/wp-content\/uploads\/2016\/01\/Cactus3-300x198.jpg?resize=300%2C198\" alt=\"MUNDO CACTUS.- Los cactus que hay en el Centro Recreativo Cultural End\u00e9mico Aconcagua se venden \u2018como pan caliente\u2019.\" width=\"300\" height=\"198\" srcset=\"https:\/\/i0.wp.com\/eltrabajo.cl\/portal\/wp-content\/uploads\/2016\/01\/Cactus3.jpg?resize=300%2C198&amp;ssl=1 300w, https:\/\/i0.wp.com\/eltrabajo.cl\/portal\/wp-content\/uploads\/2016\/01\/Cactus3.jpg?resize=200%2C132&amp;ssl=1 200w, https:\/\/i0.wp.com\/eltrabajo.cl\/portal\/wp-content\/uploads\/2016\/01\/Cactus3.jpg?resize=227%2C150&amp;ssl=1 227w, https:\/\/i0.wp.com\/eltrabajo.cl\/portal\/wp-content\/uploads\/2016\/01\/Cactus3.jpg?resize=400%2C264&amp;ssl=1 400w, https:\/\/i0.wp.com\/eltrabajo.cl\/portal\/wp-content\/uploads\/2016\/01\/Cactus3.jpg?w=530&amp;ssl=1 530w\" sizes=\"auto, (max-width: 300px) 100vw, 300px\" \/><figcaption id=\"caption-attachment-66227\" class=\"wp-caption-text\">MUNDO CACTUS.- Los cactus que hay en el Centro Recreativo Cultural End\u00e9mico Aconcagua se venden \u2018como pan caliente\u2019.<\/figcaption><\/figure>\n<p>Una propuesta original y muy funcional para quienes buscaban tener un espacio recreativo; esot\u00e9rico; natural y multicultural para el desarrollo de actividades folcl\u00f3ricas en nuestra comuna, es el que ha nacido en San Felipe, puntualmente en Tocornal 3300 D4, frente a Hogar Trivelli. Se trata del Centro Recreativo Cultural End\u00e9mico Aconcagua.<br \/>\nDiario El Trabajo visit\u00f3 ese plantel para conocer m\u00e1s de cerca las cualidades de la propuesta del ingeniero paisajista, oriundo de Santa Mar\u00eda, Alex Gallardo, quien al lado de su socio Andr\u00e9s Fern\u00e1ndez, ya est\u00e1n trabajando en los detalles finales de su proyecto.<br \/>\n\u00abNuestro centro ya est\u00e1 abierto, aqu\u00ed estamos potenciando la venta de cactus de muchas especies; plantas ex\u00f3ticas como gram\u00edneas, Flor de p\u00e1jaro y Rayito de sol entre otras. No somos un vivero. Estamos tambi\u00e9n trabajando con cuarzo; simbolog\u00eda esot\u00e9rica y cazadores de sue\u00f1o gigantes entre otras cosas para incorporar en terreno a los grupos culturales que nos quieran visitar y empezar a trabajar con ellos, chamanes, loncos, escultores, pintores y artesanos tambi\u00e9n\u00bb, explic\u00f3 a nuestro medio Alex Gallardo.<\/p>\n<p><strong>PROYECTO ABIERTO<\/strong><br \/>\nSeg\u00fan nos explic\u00f3 Alex, pr\u00f3ximamente se realizar\u00e1 una inauguraci\u00f3n oficial de este centro cultural, en donde habr\u00e1 bailes chinos y algunas sorpresas art\u00edsticas.<br \/>\n\u00abQueremos invitar a los escultores y a quienes trabajan en la forja, para que se acerquen a nosotros y que podamos quiz\u00e1 montar talleres o sumar ideas a nuestro proyecto, la idea es que m\u00e1s adelante las fuerzas vivas de Aconcagua puedan proponer tambi\u00e9n iniciativas y poder desarrollarlas juntos, los cactus son el principal atractivo por ahora, este patio-jard\u00edn a penas nace\u00bb, agreg\u00f3 Gallardo a Diario El Trabajo.<br \/>\n<strong>Roberto Gonz\u00e1lez Short<\/strong><br \/>\n<strong>rgonzalez@eltrabajo.cl<\/strong><\/p>\n","protected":false},"excerpt":{"rendered":"<p>Una propuesta original y muy funcional para quienes buscaban tener un espacio recreativo; esot\u00e9rico; natural y multicultural para el desarrollo de actividades folcl\u00f3ricas en nuestra comuna, es el que ha nacido en&#8230;<\/p>\n","protected":false},"author":482,"featured_media":66227,"comment_status":"open","ping_status":"open","sticky":false,"template":"","format":"standard","meta":{"advanced_seo_description":"","jetpack_seo_html_title":"","jetpack_seo_noindex":false,"_jetpack_memberships_contains_paid_content":false,"footnotes":""},"categories":[15],"tags":[],"class_list":["post-66226","post","type-post","status-publish","format-standard","has-post-thumbnail","hentry","category-comunidad"],"jetpack_featured_media_url":"https:\/\/i0.wp.com\/eltrabajo.cl\/portal\/wp-content\/uploads\/2016\/01\/Cactus3.jpg?fit=530%2C350&ssl=1","jetpack_sharing_enabled":true,"jetpack_likes_enabled":true,"jetpack-related-posts":[],"_links":{"self":[{"href":"https:\/\/eltrabajo.cl\/portal\/wp-json\/wp\/v2\/posts\/66226","targetHints":{"allow":["GET"]}}],"collection":[{"href":"https:\/\/eltrabajo.cl\/portal\/wp-json\/wp\/v2\/posts"}],"about":[{"href":"https:\/\/eltrabajo.cl\/portal\/wp-json\/wp\/v2\/types\/post"}],"author":[{"embeddable":true,"href":"https:\/\/eltrabajo.cl\/portal\/wp-json\/wp\/v2\/users\/482"}],"replies":[{"embeddable":true,"href":"https:\/\/eltrabajo.cl\/portal\/wp-json\/wp\/v2\/comments?post=66226"}],"version-history":[{"count":0,"href":"https:\/\/eltrabajo.cl\/portal\/wp-json\/wp\/v2\/posts\/66226\/revisions"}],"wp:featuredmedia":[{"embeddable":true,"href":"https:\/\/eltrabajo.cl\/portal\/wp-json\/wp\/v2\/media\/66227"}],"wp:attachment":[{"href":"https:\/\/eltrabajo.cl\/portal\/wp-json\/wp\/v2\/media?parent=66226"}],"wp:term":[{"taxonomy":"category","embeddable":true,"href":"https:\/\/eltrabajo.cl\/portal\/wp-json\/wp\/v2\/categories?post=66226"},{"taxonomy":"post_tag","embeddable":true,"href":"https:\/\/eltrabajo.cl\/portal\/wp-json\/wp\/v2\/tags?post=66226"}],"curies":[{"name":"wp","href":"https:\/\/api.w.org\/{rel}","templated":true}]}}