{"id":66229,"date":"2016-01-28T09:43:09","date_gmt":"2016-01-28T12:43:09","guid":{"rendered":"http:\/\/www.eltrabajo.cl\/portal\/?p=66229"},"modified":"2016-01-28T09:43:09","modified_gmt":"2016-01-28T12:43:09","slug":"hoy-jueves-inician-jornadas-itinerantes-sobre-ley-de-glaciares","status":"publish","type":"post","link":"https:\/\/eltrabajo.cl\/portal\/hoy-jueves-inician-jornadas-itinerantes-sobre-ley-de-glaciares\/","title":{"rendered":"Hoy jueves inician jornadas itinerantes sobre ley de glaciares"},"content":{"rendered":"<figure id=\"attachment_66230\" aria-describedby=\"caption-attachment-66230\" style=\"width: 300px\" class=\"wp-caption alignleft\"><img data-recalc-dims=\"1\" loading=\"lazy\" decoding=\"async\" class=\"wp-image-66230 size-medium\" src=\"https:\/\/i0.wp.com\/www.eltrabajo.cl\/portal\/wp-content\/uploads\/2016\/01\/Sylvia-Chavez-300x197.jpg?resize=300%2C197\" alt=\"Sylvia Ch\u00e1vez, vocera de la Agrupaci\u00f3n Ecologista de Aconcagua.\" width=\"300\" height=\"197\" srcset=\"https:\/\/i0.wp.com\/eltrabajo.cl\/portal\/wp-content\/uploads\/2016\/01\/Sylvia-Chavez.jpg?resize=300%2C197&amp;ssl=1 300w, https:\/\/i0.wp.com\/eltrabajo.cl\/portal\/wp-content\/uploads\/2016\/01\/Sylvia-Chavez.jpg?resize=200%2C131&amp;ssl=1 200w, https:\/\/i0.wp.com\/eltrabajo.cl\/portal\/wp-content\/uploads\/2016\/01\/Sylvia-Chavez.jpg?resize=228%2C150&amp;ssl=1 228w, https:\/\/i0.wp.com\/eltrabajo.cl\/portal\/wp-content\/uploads\/2016\/01\/Sylvia-Chavez.jpg?resize=400%2C263&amp;ssl=1 400w, https:\/\/i0.wp.com\/eltrabajo.cl\/portal\/wp-content\/uploads\/2016\/01\/Sylvia-Chavez.jpg?w=530&amp;ssl=1 530w\" sizes=\"auto, (max-width: 300px) 100vw, 300px\" \/><figcaption id=\"caption-attachment-66230\" class=\"wp-caption-text\">Sylvia Ch\u00e1vez, vocera de la Agrupaci\u00f3n Ecologista de Aconcagua.<\/figcaption><\/figure>\n<ul>\n<li><strong>La actividad se realizar\u00e1 en c\u00e9ntrico restor\u00e1n sanfelipe\u00f1o.<\/strong><\/li>\n<\/ul>\n<p><strong>LOS ANDES<\/strong>.- Diversas organizaciones ecologistas locales est\u00e1n convocando a jornadas itinerantes para discutir sobre la ley de glaciares que impulsa el gobierno en el parlamento y a la vez levantar propuestas alternativas a esta iniciativa la cual a su juicio no protege estas fuentes de agua.<br \/>\nLa primera jornada se realizar\u00e1 hoy jueves a las 18.45 horas en el restor\u00e1n \u2018Bien Hecho\u2019 en San Felipe.<br \/>\nSylvia Ch\u00e1vez, vocera de la Agrupaci\u00f3n Ecologista de Aconcagua, manifest\u00f3 que la idea es levantar propuestas desde los territorios sobre una normativa que efectivamente proteja los glaciares y el libre acceso al agua y los ecosistemas.<br \/>\nRecord\u00f3 que se realizaron una serie foros para informar a la comunidad sobre lo que estaba ocurriendo en nuestros territorios con el tema del agua y los glaciares, \u00aby con esa informaci\u00f3n la comunidad debiera estar informada y capacitada como para tomar decisiones y saber qu\u00e9 leyes queremos para proteger la vida y ese es gran objetivo de estos conversatorios\u00bb.<br \/>\nInsisti\u00f3 en que la discusi\u00f3n se basa en c\u00f3mo nos afectar\u00eda una mala ley de glaciares en un momento en que hay un calentamiento global mundial.<br \/>\nEn este sentido ejemplific\u00f3 el problema que se suscitar\u00eda con la ejecuci\u00f3n del proyecto Andina 244 que efectivamente destruir\u00eda glaciares, \u00aby la desertificaci\u00f3n a causa de la destrucci\u00f3n de estas fuentes de agua es un problema planetario\u00bb.<br \/>\nCh\u00e1vez manifest\u00f3 que esperan tener una respuesta masiva de la comunidad en su participaci\u00f3n de estos conversatorios, \u00abpues la idea es poder encontrarnos y a veces lo que se dice en las p\u00e1ginas sociales con tanto amor por nuestro valle quisi\u00e9ramos verlo reflejado en el trabajo concreto y levantar entre todos una propuesta de ley\u00bb.<br \/>\nLa vocera cuestion\u00f3 tambi\u00e9n el poco involucramiento de los parlamentarios locales en una buena ley de protecci\u00f3n de glaciares, \u00aby es ahora cuando nuestro valle, nuestro planeta, necesita de acciones concretas, queremos hechos y no palabras\u00bb.<br \/>\nPuntualiz\u00f3 que uno de los art\u00edculos de la ley que se discute en el parlamento propone que los glaciares sean bienes de uso p\u00fablico, \u00aby ya sabemos lo que ocurre con el agua que es un bien de uso p\u00fablico donde llega cualquier transnacional y se instale sobre ellas, en estos momentos para extraer minerales, pero luego poder el agua poniendo en riesgo el abastecimiento para el consumo humano\u00bb.<br \/>\nAdvirti\u00f3 que el acuerdo econ\u00f3mico del transpac\u00edfico firmado entre doce pa\u00edses pretende vulnerar los derechos incluso de las propias naciones en cuanto al uso de sus recursos naturales, \u00abampliando los derechos de las empresas por sobre nuestra soberan\u00eda y este tratado nuestros parlamentarios aun no terminan de leer y es posible que el gobierno lo firme el 4 de febrero\u00bb.<\/p>\n","protected":false},"excerpt":{"rendered":"<p>La actividad se realizar\u00e1 en c\u00e9ntrico restor\u00e1n sanfelipe\u00f1o. LOS ANDES.- Diversas organizaciones ecologistas locales est\u00e1n convocando a jornadas itinerantes para discutir sobre la ley de glaciares que impulsa el gobierno en el&#8230;<\/p>\n","protected":false},"author":482,"featured_media":66230,"comment_status":"open","ping_status":"open","sticky":false,"template":"","format":"standard","meta":{"advanced_seo_description":"","jetpack_seo_html_title":"","jetpack_seo_noindex":false,"_jetpack_memberships_contains_paid_content":false,"footnotes":""},"categories":[1],"tags":[],"class_list":["post-66229","post","type-post","status-publish","format-standard","has-post-thumbnail","hentry","category-cronica"],"jetpack_featured_media_url":"https:\/\/i0.wp.com\/eltrabajo.cl\/portal\/wp-content\/uploads\/2016\/01\/Sylvia-Chavez.jpg?fit=530%2C348&ssl=1","jetpack_sharing_enabled":true,"jetpack_likes_enabled":true,"jetpack-related-posts":[],"_links":{"self":[{"href":"https:\/\/eltrabajo.cl\/portal\/wp-json\/wp\/v2\/posts\/66229","targetHints":{"allow":["GET"]}}],"collection":[{"href":"https:\/\/eltrabajo.cl\/portal\/wp-json\/wp\/v2\/posts"}],"about":[{"href":"https:\/\/eltrabajo.cl\/portal\/wp-json\/wp\/v2\/types\/post"}],"author":[{"embeddable":true,"href":"https:\/\/eltrabajo.cl\/portal\/wp-json\/wp\/v2\/users\/482"}],"replies":[{"embeddable":true,"href":"https:\/\/eltrabajo.cl\/portal\/wp-json\/wp\/v2\/comments?post=66229"}],"version-history":[{"count":0,"href":"https:\/\/eltrabajo.cl\/portal\/wp-json\/wp\/v2\/posts\/66229\/revisions"}],"wp:featuredmedia":[{"embeddable":true,"href":"https:\/\/eltrabajo.cl\/portal\/wp-json\/wp\/v2\/media\/66230"}],"wp:attachment":[{"href":"https:\/\/eltrabajo.cl\/portal\/wp-json\/wp\/v2\/media?parent=66229"}],"wp:term":[{"taxonomy":"category","embeddable":true,"href":"https:\/\/eltrabajo.cl\/portal\/wp-json\/wp\/v2\/categories?post=66229"},{"taxonomy":"post_tag","embeddable":true,"href":"https:\/\/eltrabajo.cl\/portal\/wp-json\/wp\/v2\/tags?post=66229"}],"curies":[{"name":"wp","href":"https:\/\/api.w.org\/{rel}","templated":true}]}}