{"id":66232,"date":"2016-01-28T09:45:40","date_gmt":"2016-01-28T12:45:40","guid":{"rendered":"http:\/\/www.eltrabajo.cl\/portal\/?p=66232"},"modified":"2016-01-28T09:45:40","modified_gmt":"2016-01-28T12:45:40","slug":"junto-a-21-servicios-publicos-realizan-primer-comite-tecnico-2016","status":"publish","type":"post","link":"https:\/\/eltrabajo.cl\/portal\/junto-a-21-servicios-publicos-realizan-primer-comite-tecnico-2016\/","title":{"rendered":"Junto a 21 servicios p\u00fablicos realizan primer comit\u00e9 t\u00e9cnico 2016"},"content":{"rendered":"<figure id=\"attachment_66233\" aria-describedby=\"caption-attachment-66233\" style=\"width: 300px\" class=\"wp-caption alignleft\"><img data-recalc-dims=\"1\" loading=\"lazy\" decoding=\"async\" class=\"wp-image-66233 size-medium\" src=\"https:\/\/i0.wp.com\/www.eltrabajo.cl\/portal\/wp-content\/uploads\/2016\/01\/Comite-tecnico-asesor-300x198.jpg?resize=300%2C198\" alt=\"Encabezado por la gobernaci\u00f3n, se llev\u00f3 a cabo el primer comit\u00e9 t\u00e9cnico asesor de este a\u00f1o en el cual participaron cerca de 21 servicios p\u00fablicos.\" width=\"300\" height=\"198\" srcset=\"https:\/\/i0.wp.com\/eltrabajo.cl\/portal\/wp-content\/uploads\/2016\/01\/Comite-tecnico-asesor.jpg?resize=300%2C198&amp;ssl=1 300w, https:\/\/i0.wp.com\/eltrabajo.cl\/portal\/wp-content\/uploads\/2016\/01\/Comite-tecnico-asesor.jpg?resize=200%2C132&amp;ssl=1 200w, https:\/\/i0.wp.com\/eltrabajo.cl\/portal\/wp-content\/uploads\/2016\/01\/Comite-tecnico-asesor.jpg?resize=227%2C150&amp;ssl=1 227w, https:\/\/i0.wp.com\/eltrabajo.cl\/portal\/wp-content\/uploads\/2016\/01\/Comite-tecnico-asesor.jpg?resize=400%2C264&amp;ssl=1 400w, https:\/\/i0.wp.com\/eltrabajo.cl\/portal\/wp-content\/uploads\/2016\/01\/Comite-tecnico-asesor.jpg?w=530&amp;ssl=1 530w\" sizes=\"auto, (max-width: 300px) 100vw, 300px\" \/><figcaption id=\"caption-attachment-66233\" class=\"wp-caption-text\">Encabezado por la gobernaci\u00f3n, se llev\u00f3 a cabo el primer comit\u00e9 t\u00e9cnico asesor de este a\u00f1o en el cual participaron cerca de 21 servicios p\u00fablicos.<\/figcaption><\/figure>\n<ul>\n<li><strong>Reuni\u00f3n cont\u00f3 con la participaci\u00f3n de representantes de Corfo, Seremi de Econom\u00eda y de Miner\u00eda.<\/strong><\/li>\n<\/ul>\n<p>Durante la tarde del martes, se desarroll\u00f3 el primer Comit\u00e9 T\u00e9cnico Asesor del a\u00f1o, encabezado por la Gobernaci\u00f3n de San Felipe y que estuvo enfocado en los lineamientos de trabajo de los servicios p\u00fablicos en la Provincia durante este 2016.<br \/>\nEste comit\u00e9 tiene como prioridad trabajar de manera conjunta y participativa con los Servicios P\u00fablicos para velar por el desarrollo provincial, bajo una perspectiva territorial mediante el cumplimiento de las pol\u00edticas p\u00fablicas y programas de infraestructura econ\u00f3mica y social. Cumple con identificar las problem\u00e1ticas del territorio, coordinar a los actores p\u00fablicos hacia un trabajo conjunto y articular al intersector para fortalecer el programa regional de Gobierno.<br \/>\nEn la ocasi\u00f3n, se acord\u00f3 iniciar una mesa provincial econ\u00f3mica, que permita ser un apoyo real para potenciar el sector productivo. Tambi\u00e9n, se inform\u00f3 que el programa Tu Gobierno en Terreno, junto con el cambio de nombre a \u2018Gobierno Presente\u2019, tendr\u00e1 una mayor participaci\u00f3n en las zonas m\u00e1s aisladas de cada comuna de la Provincia, permitiendo con esto, acercar los servicios p\u00fablicos a la comunidad.<br \/>\nAnte esto, el gobernador Eduardo Le\u00f3n destac\u00f3 que \u201clo importante es llevar el trabajo a la ciudadan\u00eda de manera clara y transparente, y para eso, nosotros los servicios p\u00fablicos, debemos estar coordinados, ese es el objetivo. Ac\u00e1 vimos las perspectivas de trabajo que delineamos, como el tema de desarrollo productivo, temas de g\u00e9nero, seguridad ciudadana. Tenemos importantes tareas por delante, pero noto un buen \u00e1nimo para coordinarnos y entregar un buen trabajo a la comunidad\u201d, destac\u00f3.<br \/>\nFueron 21 servicios p\u00fablicos los que estuvieron presentes en este primer comit\u00e9 t\u00e9cnico destacando la participaci\u00f3n de Corfo, Seremis de Econom\u00eda y Miner\u00eda.<\/p>\n","protected":false},"excerpt":{"rendered":"<p>Reuni\u00f3n cont\u00f3 con la participaci\u00f3n de representantes de Corfo, Seremi de Econom\u00eda y de Miner\u00eda. Durante la tarde del martes, se desarroll\u00f3 el primer Comit\u00e9 T\u00e9cnico Asesor del a\u00f1o, encabezado por la&#8230;<\/p>\n","protected":false},"author":482,"featured_media":66233,"comment_status":"open","ping_status":"open","sticky":false,"template":"","format":"standard","meta":{"advanced_seo_description":"","jetpack_seo_html_title":"","jetpack_seo_noindex":false,"_jetpack_memberships_contains_paid_content":false,"footnotes":""},"categories":[1],"tags":[],"class_list":["post-66232","post","type-post","status-publish","format-standard","has-post-thumbnail","hentry","category-cronica"],"jetpack_featured_media_url":"https:\/\/i0.wp.com\/eltrabajo.cl\/portal\/wp-content\/uploads\/2016\/01\/Comite-tecnico-asesor.jpg?fit=530%2C350&ssl=1","jetpack_sharing_enabled":true,"jetpack_likes_enabled":true,"jetpack-related-posts":[],"_links":{"self":[{"href":"https:\/\/eltrabajo.cl\/portal\/wp-json\/wp\/v2\/posts\/66232","targetHints":{"allow":["GET"]}}],"collection":[{"href":"https:\/\/eltrabajo.cl\/portal\/wp-json\/wp\/v2\/posts"}],"about":[{"href":"https:\/\/eltrabajo.cl\/portal\/wp-json\/wp\/v2\/types\/post"}],"author":[{"embeddable":true,"href":"https:\/\/eltrabajo.cl\/portal\/wp-json\/wp\/v2\/users\/482"}],"replies":[{"embeddable":true,"href":"https:\/\/eltrabajo.cl\/portal\/wp-json\/wp\/v2\/comments?post=66232"}],"version-history":[{"count":0,"href":"https:\/\/eltrabajo.cl\/portal\/wp-json\/wp\/v2\/posts\/66232\/revisions"}],"wp:featuredmedia":[{"embeddable":true,"href":"https:\/\/eltrabajo.cl\/portal\/wp-json\/wp\/v2\/media\/66233"}],"wp:attachment":[{"href":"https:\/\/eltrabajo.cl\/portal\/wp-json\/wp\/v2\/media?parent=66232"}],"wp:term":[{"taxonomy":"category","embeddable":true,"href":"https:\/\/eltrabajo.cl\/portal\/wp-json\/wp\/v2\/categories?post=66232"},{"taxonomy":"post_tag","embeddable":true,"href":"https:\/\/eltrabajo.cl\/portal\/wp-json\/wp\/v2\/tags?post=66232"}],"curies":[{"name":"wp","href":"https:\/\/api.w.org\/{rel}","templated":true}]}}