{"id":66238,"date":"2016-01-28T09:50:12","date_gmt":"2016-01-28T12:50:12","guid":{"rendered":"http:\/\/www.eltrabajo.cl\/portal\/?p=66238"},"modified":"2016-01-28T09:50:12","modified_gmt":"2016-01-28T12:50:12","slug":"municipio-y-carabineros-de-san-felipe-se-juegan-una-nueva-carta-para-erradicar-el-lavado-de-vehiculos-en-el-centro-de-la-ciudad","status":"publish","type":"post","link":"https:\/\/eltrabajo.cl\/portal\/municipio-y-carabineros-de-san-felipe-se-juegan-una-nueva-carta-para-erradicar-el-lavado-de-vehiculos-en-el-centro-de-la-ciudad\/","title":{"rendered":"Municipio y Carabineros de San Felipe se juegan una nueva carta para erradicar el lavado de veh\u00edculos en el centro de la ciudad"},"content":{"rendered":"<figure id=\"attachment_66239\" aria-describedby=\"caption-attachment-66239\" style=\"width: 300px\" class=\"wp-caption alignleft\"><img data-recalc-dims=\"1\" loading=\"lazy\" decoding=\"async\" class=\"wp-image-66239 size-medium\" src=\"https:\/\/i0.wp.com\/www.eltrabajo.cl\/portal\/wp-content\/uploads\/2016\/01\/nota-lavadores-auto-300x199.jpg?resize=300%2C199\" alt=\"Si bien los limpiadores de autos han decidido ignorar la se\u00f1al\u00e9tica instalada en la Plaza de Armas, la nueva ordenanza municipal busca multar a los propietarios de veh\u00edculos que autoricen su limpieza en la v\u00eda p\u00fablica.\" width=\"300\" height=\"199\" srcset=\"https:\/\/i0.wp.com\/eltrabajo.cl\/portal\/wp-content\/uploads\/2016\/01\/nota-lavadores-auto.jpg?resize=300%2C199&amp;ssl=1 300w, https:\/\/i0.wp.com\/eltrabajo.cl\/portal\/wp-content\/uploads\/2016\/01\/nota-lavadores-auto.jpg?resize=200%2C133&amp;ssl=1 200w, https:\/\/i0.wp.com\/eltrabajo.cl\/portal\/wp-content\/uploads\/2016\/01\/nota-lavadores-auto.jpg?resize=226%2C150&amp;ssl=1 226w, https:\/\/i0.wp.com\/eltrabajo.cl\/portal\/wp-content\/uploads\/2016\/01\/nota-lavadores-auto.jpg?resize=400%2C265&amp;ssl=1 400w, https:\/\/i0.wp.com\/eltrabajo.cl\/portal\/wp-content\/uploads\/2016\/01\/nota-lavadores-auto.jpg?w=528&amp;ssl=1 528w\" sizes=\"auto, (max-width: 300px) 100vw, 300px\" \/><figcaption id=\"caption-attachment-66239\" class=\"wp-caption-text\">Si bien los limpiadores de autos han decidido ignorar la se\u00f1al\u00e9tica instalada en la Plaza de Armas, la nueva ordenanza municipal busca multar a los propietarios de veh\u00edculos que autoricen su limpieza en la v\u00eda p\u00fablica.<\/figcaption><\/figure>\n<ul>\n<li><strong>Durante dos semanas se llevar\u00e1 a cabo un per\u00edodo de marcha blanca en el cual se informar\u00e1 de las sanciones que pueden recibir los involucrados en esta actividad ilegal, multas que van desde 1 a 5 UTM.<\/strong><\/li>\n<\/ul>\n<p>Buscando erradicar de forma definitiva la problem\u00e1tica de los lavadores de autos en el centro de San Felipe, la Municipalidad ha puesto en marcha, la nueva ordenanza que en noviembre pasado aprobara el Concejo Municipal y que dice relaci\u00f3n con las infracciones que se cursar\u00e1n a los propietarios de Veh\u00edculos, que permitan el aseo de su m\u00f3vil mientras est\u00e1n estacionados en las calles c\u00e9ntricas de la ciudad.<br \/>\nLa normativa pretende terminar con el dolor de cabeza en el que se ha transformado para la mayor\u00eda de los sanfelipe\u00f1os llegar a estacionar sus veh\u00edculos cerca de la Plaza de Armas, pues muchas veces sinti\u00e9ndose amenazados, se ven obligados a aceptar que los lavadores cumplan con este oficio, que dicho sea de paso constituye una infracci\u00f3n a la Ley de Tr\u00e1nsito.<br \/>\nMauricio Mass, abogado del Departamento Jur\u00eddico de la Municipalidad, asegur\u00f3 que en un principio y durante al menos 2 semanas, la modificaci\u00f3n en la ordenanza municipal, contempla un proceso de marcha blanca, con el objetivo de advertir e informar de las multas a las que se exponen los conductores que acepten el lavado de su veh\u00edculo.<br \/>\n\u201cComo ha sido preocupaci\u00f3n constante del alcalde Freire de recuperar los espacios p\u00fablicos y adem\u00e1s hermosear y asear la ciudad, hoy (ayer) damos el lanzamiento a una campa\u00f1a de socializaci\u00f3n del cambio que se efectu\u00f3 a la ordenanza n\u00famero 9 de aseo, que establece sanciones a los propietarios que sean sorprendidos lavando sus veh\u00edculos en las calles de la ciudad\u201d, advirti\u00f3 Mass.<br \/>\nEn la misma l\u00ednea, el abogado agreg\u00f3 que \u201cla marcha blanca ser\u00e1 de al menos 15 d\u00edas, tiempo en el que vamos a entregar unos folletos a trav\u00e9s de los funcionarios de Carabineros y adem\u00e1s por los fiscalizadores municipales, en donde se explica claramente cu\u00e1l es la sanci\u00f3n que se establece y tambi\u00e9n las personas que pueden ser multadas. Insisto, esto est\u00e1 dirigido a la persona que autorice el lavado del veh\u00edculo en la v\u00eda p\u00fablica, como tambi\u00e9n a quien est\u00e9 desarrollando la labor\u201d, enfatiz\u00f3.<br \/>\nLas calles que, seguramente estar\u00e1n sometidas a un mayor poder de fiscalizaciones, ser\u00e1n las aleda\u00f1as a la Plaza de Armas y particularmente Prat, Merced, Carlos Condell, Freire y Santo Domingo. Sin embargo, Mass insisti\u00f3 en que \u201ces importante se\u00f1alar que la normativa no es s\u00f3lo para las calles c\u00e9ntricas, la prohibici\u00f3n se establece para todas las calles de la ciudad, pero en especial las calles del centro\u201d, puntualiz\u00f3.<br \/>\nRespecto de cu\u00e1les ser\u00e1n las infracciones que se cursar\u00e1n a causa de este tipo de actividades, el letrado asegur\u00f3 que \u00e9stas quedaran en conocimiento del Juzgado de Polic\u00eda Local, donde se puede cursar multas que van desde 1 UTM a las 5 UTM, es decir entre 45 mil y 225 mil pesos aproximadamente.<br \/>\nDe conocimiento general es que, hasta el momento, cada intento que se ha realizado por parte del municipio sanfelipe\u00f1o y de Carabineros ha sido est\u00e9ril y no ha logrado doblar la mano de los lavadores de autos, quienes con ingenio para conseguir agua y prepotencia para ignorar la se\u00f1al\u00e9tica instalada en la Plaza de Armas, donde se proh\u00edbe estrictamente la ejecuci\u00f3n de este oficio, se las arreglan para hacerse pasar como amos y se\u00f1ores de los estacionamientos p\u00fablicos.<br \/>\nAnte este escenario, Mass fundamenta la determinaci\u00f3n de apuntar a la otra cara de la moneda, argumentando que \u201cla idea es desincentivar el lavado de veh\u00edculos en la v\u00eda p\u00fablica. Muchas veces caemos en esta flojera o desidia de traer el auto y que se lo laven mientras se realizan otras cosas, la verdad es que es una actividad que est\u00e1 prohibida en la Ley de Tr\u00e1nsito, ahora lo reafirmamos a trav\u00e9s de esta ordenanza, es una actividad ilegal de estas personas, considerando adem\u00e1s los otros problemas aleda\u00f1os de suciedad, de sensaci\u00f3n de inseguridad y nosotros de una vez por todas queremos recuperar los espacios p\u00fablicos para la ciudadan\u00eda\u201d, recalc\u00f3.<br \/>\nA su vez, el Mayor de la Segunda Comisar\u00eda de San Felipe, Comisario \u00c1lvaro Rodr\u00edguez, detall\u00f3 cu\u00e1l ser\u00e1 el accionar de carabineros frente al cambio que adquiere la ordenanza municipal y ante una actividad que no ha logrado ser erradicada, detallando que \u201cde acuerdo a las coordinaciones que hemos efectuado con el municipio de San Felipe, vamos a estar trabajando en la campa\u00f1a de prevenci\u00f3n de lavado de autom\u00f3viles en la v\u00eda p\u00fablica, explic\u00e1ndole a la gente que al tomar este servicio tambi\u00e9n est\u00e1n cometiendo una infracci\u00f3n\u201d, apunt\u00f3.<br \/>\nRespecto de cu\u00e1l ser\u00e1 la labor de la polic\u00eda uniformada en caso de que la comunidad se sienta amenazada por alguna de las personas que efect\u00faan este oficio y se vean obligados a aceptar el aseo para evitar da\u00f1os f\u00edsicos o al mismo veh\u00edculo, \u00c1lvarez fue tajante en se\u00f1alar que \u201cpor supuesto que en cualquier situaci\u00f3n que el p\u00fablico se sienta amenazado, hay que llamar al n\u00famero de emergencias 133 y estaremos llanos a concurrir de inmediato, verificar cu\u00e1l es la situaci\u00f3n y tomar las denuncias correspondientes\u201d, expuso.<br \/>\nCarabineros de San Felipe trabajar\u00e1 con el mismo personal que act\u00faa en el Plan Cuadrante, aunque el Mayor reconoci\u00f3 que se pretende reforzar el n\u00famero de efectivos para tener una mayor presencia en las zonas de mayor desarrollo de esta actividad.<br \/>\nEn relaci\u00f3n con la posibilidad de tomar detenidos a los lavadores de autos que contin\u00faen realizando esta actividad, a\u00fan cuando ya hayan sido multados, \u00c1lvarez dijo que \u201cla infracci\u00f3n de la que estamos hablando y que nos causa este problema, no corresponde a una detenci\u00f3n, s\u00f3lo la multa, la detenci\u00f3n podr\u00eda venir en caso de que la multa no sea cancelada, ah\u00ed es cuando el Juzgado de Polic\u00eda local debe extender la orden de arresto respectiva, la que no llegar\u00e1 a nosotros que tendremos que proceder con arrestar a la persona indicada\u201d, remat\u00f3.<\/p>\n<div class=\"tiled-gallery type-rectangular tiled-gallery-unresized\" data-original-width=\"640\" data-carousel-extra='null' itemscope itemtype=\"http:\/\/schema.org\/ImageGallery\" > <div class=\"gallery-row\" style=\"width: 640px; height: 211px;\" data-original-width=\"640\" data-original-height=\"211\" > <div class=\"gallery-group images-1\" style=\"width: 320px; height: 211px;\" data-original-width=\"320\" data-original-height=\"211\" > <div class=\"tiled-gallery-item tiled-gallery-item-large\" itemprop=\"associatedMedia\" itemscope itemtype=\"http:\/\/schema.org\/ImageObject\"> <a href=\"https:\/\/eltrabajo.cl\/portal\/municipio-y-carabineros-de-san-felipe-se-juegan-una-nueva-carta-para-erradicar-el-lavado-de-vehiculos-en-el-centro-de-la-ciudad\/foto-1-mauricio-mass-abogado-del-departamento-juridico-de-la-municipalidad-de-san-felipe\/\" border=\"0\" itemprop=\"url\"> <meta itemprop=\"width\" content=\"316\"> <meta itemprop=\"height\" content=\"207\"> <img decoding=\"async\" class=\"\" data-attachment-id=\"66240\" data-orig-file=\"https:\/\/eltrabajo.cl\/portal\/wp-content\/uploads\/2016\/01\/FOTO-1-MAURICIO-MASS-ABOGADO-DEL-DEPARTAMENTO-JURIDICO-DE-LA-MUNICIPALIDAD-DE-SAN-FELIPE.jpg\" data-orig-size=\"530,348\" data-comments-opened=\"1\" data-image-meta=\"{&quot;aperture&quot;:&quot;0&quot;,&quot;credit&quot;:&quot;&quot;,&quot;camera&quot;:&quot;&quot;,&quot;caption&quot;:&quot;&quot;,&quot;created_timestamp&quot;:&quot;0&quot;,&quot;copyright&quot;:&quot;Copyright 2012&quot;,&quot;focal_length&quot;:&quot;0&quot;,&quot;iso&quot;:&quot;0&quot;,&quot;shutter_speed&quot;:&quot;0&quot;,&quot;title&quot;:&quot;&quot;,&quot;orientation&quot;:&quot;0&quot;}\" data-image-title=\"FOTO 1 MAURICIO MASS ABOGADO DEL DEPARTAMENTO JURIDICO DE LA MUNICIPALIDAD DE SAN FELIPE\" data-image-description=\"&lt;p&gt;Mauricio Mass, abogado del departamento jur\u00eddico de la Municipalidad de San Felipe.&lt;\/p&gt; \" data-medium-file=\"https:\/\/i0.wp.com\/eltrabajo.cl\/portal\/wp-content\/uploads\/2016\/01\/FOTO-1-MAURICIO-MASS-ABOGADO-DEL-DEPARTAMENTO-JURIDICO-DE-LA-MUNICIPALIDAD-DE-SAN-FELIPE.jpg?fit=300%2C197&#038;ssl=1\" data-large-file=\"https:\/\/i0.wp.com\/eltrabajo.cl\/portal\/wp-content\/uploads\/2016\/01\/FOTO-1-MAURICIO-MASS-ABOGADO-DEL-DEPARTAMENTO-JURIDICO-DE-LA-MUNICIPALIDAD-DE-SAN-FELIPE.jpg?fit=530%2C348&#038;ssl=1\" src=\"https:\/\/i0.wp.com\/eltrabajo.cl\/portal\/wp-content\/uploads\/2016\/01\/FOTO-1-MAURICIO-MASS-ABOGADO-DEL-DEPARTAMENTO-JURIDICO-DE-LA-MUNICIPALIDAD-DE-SAN-FELIPE.jpg?w=316&#038;h=207&#038;ssl=1\" srcset=\"https:\/\/i0.wp.com\/eltrabajo.cl\/portal\/wp-content\/uploads\/2016\/01\/FOTO-1-MAURICIO-MASS-ABOGADO-DEL-DEPARTAMENTO-JURIDICO-DE-LA-MUNICIPALIDAD-DE-SAN-FELIPE.jpg?w=530&amp;ssl=1 530w, https:\/\/i0.wp.com\/eltrabajo.cl\/portal\/wp-content\/uploads\/2016\/01\/FOTO-1-MAURICIO-MASS-ABOGADO-DEL-DEPARTAMENTO-JURIDICO-DE-LA-MUNICIPALIDAD-DE-SAN-FELIPE.jpg?resize=200%2C131&amp;ssl=1 200w, https:\/\/i0.wp.com\/eltrabajo.cl\/portal\/wp-content\/uploads\/2016\/01\/FOTO-1-MAURICIO-MASS-ABOGADO-DEL-DEPARTAMENTO-JURIDICO-DE-LA-MUNICIPALIDAD-DE-SAN-FELIPE.jpg?resize=300%2C197&amp;ssl=1 300w, https:\/\/i0.wp.com\/eltrabajo.cl\/portal\/wp-content\/uploads\/2016\/01\/FOTO-1-MAURICIO-MASS-ABOGADO-DEL-DEPARTAMENTO-JURIDICO-DE-LA-MUNICIPALIDAD-DE-SAN-FELIPE.jpg?resize=228%2C150&amp;ssl=1 228w, https:\/\/i0.wp.com\/eltrabajo.cl\/portal\/wp-content\/uploads\/2016\/01\/FOTO-1-MAURICIO-MASS-ABOGADO-DEL-DEPARTAMENTO-JURIDICO-DE-LA-MUNICIPALIDAD-DE-SAN-FELIPE.jpg?resize=400%2C263&amp;ssl=1 400w\" width=\"316\" height=\"207\" loading=\"lazy\" data-original-width=\"316\" data-original-height=\"207\" itemprop=\"http:\/\/schema.org\/image\" title=\"FOTO 1 MAURICIO MASS ABOGADO DEL DEPARTAMENTO JURIDICO DE LA MUNICIPALIDAD DE SAN FELIPE\" alt=\"Mauricio Mass, abogado del departamento jur\u00eddico de la Municipalidad de San Felipe.\" style=\"width: 316px; height: 207px;\" \/> <\/a> <div class=\"tiled-gallery-caption\" itemprop=\"caption description\"> Mauricio Mass, abogado del departamento jur\u00eddico de la Municipalidad de San Felipe. <\/div> <\/div> <\/div> <!-- close group --> <div class=\"gallery-group images-1\" style=\"width: 320px; height: 211px;\" data-original-width=\"320\" data-original-height=\"211\" > <div class=\"tiled-gallery-item tiled-gallery-item-large\" itemprop=\"associatedMedia\" itemscope itemtype=\"http:\/\/schema.org\/ImageObject\"> <a href=\"https:\/\/eltrabajo.cl\/portal\/municipio-y-carabineros-de-san-felipe-se-juegan-una-nueva-carta-para-erradicar-el-lavado-de-vehiculos-en-el-centro-de-la-ciudad\/foto-2-comisraio-de-las-segunda-comisaria-de-san-felipe-mayor-alvaro-rodriguez\/\" border=\"0\" itemprop=\"url\"> <meta itemprop=\"width\" content=\"316\"> <meta itemprop=\"height\" content=\"207\"> <img decoding=\"async\" class=\"\" data-attachment-id=\"66241\" data-orig-file=\"https:\/\/eltrabajo.cl\/portal\/wp-content\/uploads\/2016\/01\/FOTO-2-COMISRAIO-DE-LAS-SEGUNDA-COMISARIA-DE-SAN-FELIPE-MAYOR-ALVARO-RODRIGUEZ.jpg\" data-orig-size=\"530,348\" data-comments-opened=\"1\" data-image-meta=\"{&quot;aperture&quot;:&quot;0&quot;,&quot;credit&quot;:&quot;&quot;,&quot;camera&quot;:&quot;&quot;,&quot;caption&quot;:&quot;&quot;,&quot;created_timestamp&quot;:&quot;0&quot;,&quot;copyright&quot;:&quot;Copyright 2012&quot;,&quot;focal_length&quot;:&quot;0&quot;,&quot;iso&quot;:&quot;0&quot;,&quot;shutter_speed&quot;:&quot;0&quot;,&quot;title&quot;:&quot;&quot;,&quot;orientation&quot;:&quot;0&quot;}\" data-image-title=\"FOTO 2 COMISRAIO DE LAS SEGUNDA COMISARIA DE SAN FELIPE MAYOR ALVARO RODRIGUEZ\" data-image-description=\"&lt;p&gt;Comisario de la Segunda Comisar\u00eda de San Felipe, Mayor \u00c1lvaro Rodr\u00edguez.&lt;\/p&gt; \" data-medium-file=\"https:\/\/i0.wp.com\/eltrabajo.cl\/portal\/wp-content\/uploads\/2016\/01\/FOTO-2-COMISRAIO-DE-LAS-SEGUNDA-COMISARIA-DE-SAN-FELIPE-MAYOR-ALVARO-RODRIGUEZ.jpg?fit=300%2C197&#038;ssl=1\" data-large-file=\"https:\/\/i0.wp.com\/eltrabajo.cl\/portal\/wp-content\/uploads\/2016\/01\/FOTO-2-COMISRAIO-DE-LAS-SEGUNDA-COMISARIA-DE-SAN-FELIPE-MAYOR-ALVARO-RODRIGUEZ.jpg?fit=530%2C348&#038;ssl=1\" src=\"https:\/\/i0.wp.com\/eltrabajo.cl\/portal\/wp-content\/uploads\/2016\/01\/FOTO-2-COMISRAIO-DE-LAS-SEGUNDA-COMISARIA-DE-SAN-FELIPE-MAYOR-ALVARO-RODRIGUEZ.jpg?w=316&#038;h=207&#038;ssl=1\" srcset=\"https:\/\/i0.wp.com\/eltrabajo.cl\/portal\/wp-content\/uploads\/2016\/01\/FOTO-2-COMISRAIO-DE-LAS-SEGUNDA-COMISARIA-DE-SAN-FELIPE-MAYOR-ALVARO-RODRIGUEZ.jpg?w=530&amp;ssl=1 530w, https:\/\/i0.wp.com\/eltrabajo.cl\/portal\/wp-content\/uploads\/2016\/01\/FOTO-2-COMISRAIO-DE-LAS-SEGUNDA-COMISARIA-DE-SAN-FELIPE-MAYOR-ALVARO-RODRIGUEZ.jpg?resize=200%2C131&amp;ssl=1 200w, https:\/\/i0.wp.com\/eltrabajo.cl\/portal\/wp-content\/uploads\/2016\/01\/FOTO-2-COMISRAIO-DE-LAS-SEGUNDA-COMISARIA-DE-SAN-FELIPE-MAYOR-ALVARO-RODRIGUEZ.jpg?resize=300%2C197&amp;ssl=1 300w, https:\/\/i0.wp.com\/eltrabajo.cl\/portal\/wp-content\/uploads\/2016\/01\/FOTO-2-COMISRAIO-DE-LAS-SEGUNDA-COMISARIA-DE-SAN-FELIPE-MAYOR-ALVARO-RODRIGUEZ.jpg?resize=228%2C150&amp;ssl=1 228w, https:\/\/i0.wp.com\/eltrabajo.cl\/portal\/wp-content\/uploads\/2016\/01\/FOTO-2-COMISRAIO-DE-LAS-SEGUNDA-COMISARIA-DE-SAN-FELIPE-MAYOR-ALVARO-RODRIGUEZ.jpg?resize=400%2C263&amp;ssl=1 400w\" width=\"316\" height=\"207\" loading=\"lazy\" data-original-width=\"316\" data-original-height=\"207\" itemprop=\"http:\/\/schema.org\/image\" title=\"FOTO 2 COMISRAIO DE LAS SEGUNDA COMISARIA DE SAN FELIPE MAYOR ALVARO RODRIGUEZ\" alt=\"Comisario de la Segunda Comisar\u00eda de San Felipe, Mayor \u00c1lvaro Rodr\u00edguez.\" style=\"width: 316px; height: 207px;\" \/> <\/a> <div class=\"tiled-gallery-caption\" itemprop=\"caption description\"> Comisario de la Segunda Comisar\u00eda de San Felipe, Mayor \u00c1lvaro Rodr\u00edguez. <\/div> <\/div> <\/div> <!-- close group --> <\/div> <!-- close row --> <\/div>\n","protected":false},"excerpt":{"rendered":"<p>Durante dos semanas se llevar\u00e1 a cabo un per\u00edodo de marcha blanca en el cual se informar\u00e1 de las sanciones que pueden recibir los involucrados en esta actividad ilegal, multas que van&#8230;<\/p>\n","protected":false},"author":482,"featured_media":66239,"comment_status":"open","ping_status":"open","sticky":false,"template":"","format":"standard","meta":{"advanced_seo_description":"","jetpack_seo_html_title":"","jetpack_seo_noindex":false,"_jetpack_memberships_contains_paid_content":false,"footnotes":""},"categories":[15],"tags":[],"class_list":["post-66238","post","type-post","status-publish","format-standard","has-post-thumbnail","hentry","category-comunidad"],"jetpack_featured_media_url":"https:\/\/i0.wp.com\/eltrabajo.cl\/portal\/wp-content\/uploads\/2016\/01\/nota-lavadores-auto.jpg?fit=528%2C350&ssl=1","jetpack_sharing_enabled":true,"jetpack_likes_enabled":true,"jetpack-related-posts":[],"_links":{"self":[{"href":"https:\/\/eltrabajo.cl\/portal\/wp-json\/wp\/v2\/posts\/66238","targetHints":{"allow":["GET"]}}],"collection":[{"href":"https:\/\/eltrabajo.cl\/portal\/wp-json\/wp\/v2\/posts"}],"about":[{"href":"https:\/\/eltrabajo.cl\/portal\/wp-json\/wp\/v2\/types\/post"}],"author":[{"embeddable":true,"href":"https:\/\/eltrabajo.cl\/portal\/wp-json\/wp\/v2\/users\/482"}],"replies":[{"embeddable":true,"href":"https:\/\/eltrabajo.cl\/portal\/wp-json\/wp\/v2\/comments?post=66238"}],"version-history":[{"count":0,"href":"https:\/\/eltrabajo.cl\/portal\/wp-json\/wp\/v2\/posts\/66238\/revisions"}],"wp:featuredmedia":[{"embeddable":true,"href":"https:\/\/eltrabajo.cl\/portal\/wp-json\/wp\/v2\/media\/66239"}],"wp:attachment":[{"href":"https:\/\/eltrabajo.cl\/portal\/wp-json\/wp\/v2\/media?parent=66238"}],"wp:term":[{"taxonomy":"category","embeddable":true,"href":"https:\/\/eltrabajo.cl\/portal\/wp-json\/wp\/v2\/categories?post=66238"},{"taxonomy":"post_tag","embeddable":true,"href":"https:\/\/eltrabajo.cl\/portal\/wp-json\/wp\/v2\/tags?post=66238"}],"curies":[{"name":"wp","href":"https:\/\/api.w.org\/{rel}","templated":true}]}}