{"id":66243,"date":"2016-01-28T09:54:20","date_gmt":"2016-01-28T12:54:20","guid":{"rendered":"http:\/\/www.eltrabajo.cl\/portal\/?p=66243"},"modified":"2016-01-28T09:54:20","modified_gmt":"2016-01-28T12:54:20","slug":"oficina-de-la-juventud-san-felipe-invita-a-participar-de-charla-informativa-para-postular-a-fondos-concursables-del-injuv","status":"publish","type":"post","link":"https:\/\/eltrabajo.cl\/portal\/oficina-de-la-juventud-san-felipe-invita-a-participar-de-charla-informativa-para-postular-a-fondos-concursables-del-injuv\/","title":{"rendered":"Oficina de la Juventud San Felipe invita a participar de charla informativa para postular a fondos concursables del Injuv"},"content":{"rendered":"<figure id=\"attachment_66244\" aria-describedby=\"caption-attachment-66244\" style=\"width: 300px\" class=\"wp-caption alignleft\"><img data-recalc-dims=\"1\" loading=\"lazy\" decoding=\"async\" class=\"wp-image-66244 size-medium\" src=\"https:\/\/i0.wp.com\/www.eltrabajo.cl\/portal\/wp-content\/uploads\/2016\/01\/FOTO-3-REPRESENTANTES-DE-LAS-DISTINTASg-300x198.jpg?resize=300%2C198\" alt=\"Encargada de la Oficina Municipal de la Juventud de San Felipe, Sabina Castro.\" width=\"300\" height=\"198\" srcset=\"https:\/\/i0.wp.com\/eltrabajo.cl\/portal\/wp-content\/uploads\/2016\/01\/FOTO-3-REPRESENTANTES-DE-LAS-DISTINTASg.jpg?resize=300%2C198&amp;ssl=1 300w, https:\/\/i0.wp.com\/eltrabajo.cl\/portal\/wp-content\/uploads\/2016\/01\/FOTO-3-REPRESENTANTES-DE-LAS-DISTINTASg.jpg?resize=200%2C132&amp;ssl=1 200w, https:\/\/i0.wp.com\/eltrabajo.cl\/portal\/wp-content\/uploads\/2016\/01\/FOTO-3-REPRESENTANTES-DE-LAS-DISTINTASg.jpg?resize=227%2C150&amp;ssl=1 227w, https:\/\/i0.wp.com\/eltrabajo.cl\/portal\/wp-content\/uploads\/2016\/01\/FOTO-3-REPRESENTANTES-DE-LAS-DISTINTASg.jpg?resize=400%2C264&amp;ssl=1 400w, https:\/\/i0.wp.com\/eltrabajo.cl\/portal\/wp-content\/uploads\/2016\/01\/FOTO-3-REPRESENTANTES-DE-LAS-DISTINTASg.jpg?w=530&amp;ssl=1 530w\" sizes=\"auto, (max-width: 300px) 100vw, 300px\" \/><figcaption id=\"caption-attachment-66244\" class=\"wp-caption-text\">Encargada de la Oficina Municipal de la Juventud de San Felipe, Sabina Castro.<\/figcaption><\/figure>\n<ul>\n<li><strong>Panoramas juveniles veraniegos se encuentran en plena ejecuci\u00f3n. Este s\u00e1bado se desarrollar\u00e1 el primer impacto juvenil del 2016 y los lunes se puede participar de las clases de yoga a luca en Alameda Chacabuco.<\/strong><\/li>\n<\/ul>\n<p>Junto con dar a conocer el nutrido calendario de actividades veraniegas que tiene programada la Oficina Municipal de la Juventud de San Felipe, su encargada, Sabina Castro, hizo un importante llamado a las organizaciones sociales de la Comuna, para que participen de una charla informativa que se realizar\u00e1 ma\u00f1ana viernes a las 15 horas en el Sal\u00f3n de Honor del municipio.<br \/>\nEn la cita se abordar\u00e1n temas referidos a las postulaciones a los fondos concursables del Instituto Nacional de la Juventud, Injuv, recursos que seg\u00fan Castro no han sido utilizados por las organizaciones sociales del Valle de Aconcagua.<br \/>\n\u201cInvitamos a toda la comunidad, Juntas de Vecinos, Clubes Deportivos, organizaciones culturales, Federaciones de Estudiantes, cualquier tipo de organizaci\u00f3n social que idealmente tenga personalidad jur\u00eddica a que venga y se informe de c\u00f3mo postular a los fondos concursables que tiene abierto el Injuv y que financian hasta 3 millones de pesos. En la provincia nunca nos hemos adjudicado proyectos porque tenemos bajo inter\u00e9s y participaci\u00f3n de las organizaciones y la idea es poder incentivar este beneficio\u201d, adujo.<br \/>\nEn relaci\u00f3n a la calendarizaci\u00f3n de actividades programadas para el mes de febrero, Castro afirm\u00f3 que ya hay panoramas juveniles en ejecuci\u00f3n, contando que \u201cla verdad es que estamos desarrollando una serie de actividades durante el verano y la idea es proyectarlas para el transcurso del a\u00f1o\u201d, afirm\u00f3, destacando que \u201cya se est\u00e1n realizando clases de \u2018yoga a luca\u2019, los d\u00edas lunes desde las 18.30 a 19.30 horas en la Alameda Chacabuco entre Coimas y Salinas, por lo que esperamos que vayan, pueden asistir j\u00f3venes desde los 13 a\u00f1os en adelante, sin tope de edad, abierto para toda la comunidad y la idea de hacerlo en la alameda tiene que ver con la posibilidad de recuperar espacios p\u00fablicos para el desarrollo de actividades recreativas, l\u00fadicas, que permitan mejorar nuestra calidad de vida y nuestra condici\u00f3n f\u00edsica\u201d, sostuvo.<br \/>\nFinalmente, Castro anunci\u00f3 que este s\u00e1bado 30 de enero, se va a desarrollar el primer \u2018Impacto Juvenil\u2019 del 2016 y que se extender\u00e1 durante todo el a\u00f1o, el tercer s\u00e1bado de cada mes. En esta ocasi\u00f3n tendr\u00e1 un sello particular destinado a diversas bandas de Rock compuestas por estudiantes secundarios de la comuna.<br \/>\n\u201cNos logramos contactar con ellos a partir de su participaci\u00f3n en el \u00faltimo evento de Telet\u00f3n que tuvimos ac\u00e1 y que ahora se han organizado en diferentes bandas, para tocar a partir de las 5 de la tarde, el s\u00e1bado en la terraza de la plaza de San Felipe\u201d, apunt\u00f3 la profesional.<br \/>\nUno de los j\u00f3venes m\u00fasicos que junto a su banda de Heavy Metal \u2018Crash Moto\u2019, participar\u00e1 de esta presentaci\u00f3n, es Williams Jeg\u00f3 quien se mostr\u00f3 feliz de contar con esta instancia y manifest\u00f3 que \u201cqueremos mostrarle a San Felipe que hay otra variedad de m\u00fasica, porque ahora est\u00e1 de moda el rap, el reggaet\u00f3n, entonces queremos mostrar a los exponentes locales de la vieja escuela del Rock, que somos j\u00f3venes y que estamos surgiendo\u201d, expres\u00f3.<br \/>\nEn cuanto a la oportunidad y el espacio que entrega el municipio sanfelipe\u00f1o, Jeg\u00f3 a\u00f1adi\u00f3 que \u201ces de lujo tener esta opci\u00f3n, porque de esa forma la gente nos ubica, nos conoce y nos puede encontrar en Facebook por ejemplo\u201d, valor\u00f3.<\/p>\n<div class=\"tiled-gallery type-rectangular tiled-gallery-unresized\" data-original-width=\"640\" data-carousel-extra='null' itemscope itemtype=\"http:\/\/schema.org\/ImageGallery\" > <div class=\"gallery-row\" style=\"width: 640px; height: 211px;\" data-original-width=\"640\" data-original-height=\"211\" > <div class=\"gallery-group images-1\" style=\"width: 320px; height: 211px;\" data-original-width=\"320\" data-original-height=\"211\" > <div class=\"tiled-gallery-item tiled-gallery-item-large\" itemprop=\"associatedMedia\" itemscope itemtype=\"http:\/\/schema.org\/ImageObject\"> <a href=\"https:\/\/eltrabajo.cl\/portal\/oficina-de-la-juventud-san-felipe-invita-a-participar-de-charla-informativa-para-postular-a-fondos-concursables-del-injuv\/foto-1-sabina-castro-encargada-de-la-oficina-municipal-de-la-juventud\/\" border=\"0\" itemprop=\"url\"> <meta itemprop=\"width\" content=\"316\"> <meta itemprop=\"height\" content=\"207\"> <img decoding=\"async\" class=\"\" data-attachment-id=\"66245\" data-orig-file=\"https:\/\/eltrabajo.cl\/portal\/wp-content\/uploads\/2016\/01\/FOTO-1-SABINA-CASTRO-ENCARGADA-DE-LA-OFICINA-MUNICIPAL-DE-LA-JUVENTUD.jpg\" data-orig-size=\"530,348\" data-comments-opened=\"1\" data-image-meta=\"{&quot;aperture&quot;:&quot;0&quot;,&quot;credit&quot;:&quot;&quot;,&quot;camera&quot;:&quot;&quot;,&quot;caption&quot;:&quot;&quot;,&quot;created_timestamp&quot;:&quot;0&quot;,&quot;copyright&quot;:&quot;Copyright 2012&quot;,&quot;focal_length&quot;:&quot;0&quot;,&quot;iso&quot;:&quot;0&quot;,&quot;shutter_speed&quot;:&quot;0&quot;,&quot;title&quot;:&quot;&quot;,&quot;orientation&quot;:&quot;0&quot;}\" data-image-title=\"FOTO 1 SABINA CASTRO ENCARGADA DE LA OFICINA MUNICIPAL DE LA JUVENTUD\" data-image-description=\"&lt;p&gt;Representantes de las distintas bandas de rock que el pr\u00f3ximo s\u00e1bado se estar\u00e1n presentando en la terraza de la Plaza de Armas a partir de las 17 horas.&lt;\/p&gt; \" data-medium-file=\"https:\/\/i0.wp.com\/eltrabajo.cl\/portal\/wp-content\/uploads\/2016\/01\/FOTO-1-SABINA-CASTRO-ENCARGADA-DE-LA-OFICINA-MUNICIPAL-DE-LA-JUVENTUD.jpg?fit=300%2C197&#038;ssl=1\" data-large-file=\"https:\/\/i0.wp.com\/eltrabajo.cl\/portal\/wp-content\/uploads\/2016\/01\/FOTO-1-SABINA-CASTRO-ENCARGADA-DE-LA-OFICINA-MUNICIPAL-DE-LA-JUVENTUD.jpg?fit=530%2C348&#038;ssl=1\" src=\"https:\/\/i0.wp.com\/eltrabajo.cl\/portal\/wp-content\/uploads\/2016\/01\/FOTO-1-SABINA-CASTRO-ENCARGADA-DE-LA-OFICINA-MUNICIPAL-DE-LA-JUVENTUD.jpg?w=316&#038;h=207&#038;ssl=1\" srcset=\"https:\/\/i0.wp.com\/eltrabajo.cl\/portal\/wp-content\/uploads\/2016\/01\/FOTO-1-SABINA-CASTRO-ENCARGADA-DE-LA-OFICINA-MUNICIPAL-DE-LA-JUVENTUD.jpg?w=530&amp;ssl=1 530w, https:\/\/i0.wp.com\/eltrabajo.cl\/portal\/wp-content\/uploads\/2016\/01\/FOTO-1-SABINA-CASTRO-ENCARGADA-DE-LA-OFICINA-MUNICIPAL-DE-LA-JUVENTUD.jpg?resize=200%2C131&amp;ssl=1 200w, https:\/\/i0.wp.com\/eltrabajo.cl\/portal\/wp-content\/uploads\/2016\/01\/FOTO-1-SABINA-CASTRO-ENCARGADA-DE-LA-OFICINA-MUNICIPAL-DE-LA-JUVENTUD.jpg?resize=300%2C197&amp;ssl=1 300w, https:\/\/i0.wp.com\/eltrabajo.cl\/portal\/wp-content\/uploads\/2016\/01\/FOTO-1-SABINA-CASTRO-ENCARGADA-DE-LA-OFICINA-MUNICIPAL-DE-LA-JUVENTUD.jpg?resize=228%2C150&amp;ssl=1 228w, https:\/\/i0.wp.com\/eltrabajo.cl\/portal\/wp-content\/uploads\/2016\/01\/FOTO-1-SABINA-CASTRO-ENCARGADA-DE-LA-OFICINA-MUNICIPAL-DE-LA-JUVENTUD.jpg?resize=400%2C263&amp;ssl=1 400w\" width=\"316\" height=\"207\" loading=\"lazy\" data-original-width=\"316\" data-original-height=\"207\" itemprop=\"http:\/\/schema.org\/image\" title=\"FOTO 1 SABINA CASTRO ENCARGADA DE LA OFICINA MUNICIPAL DE LA JUVENTUD\" alt=\"Representantes de las distintas bandas de rock que el pr\u00f3ximo s\u00e1bado se estar\u00e1n presentando en la terraza de la Plaza de Armas a partir de las 17 horas.\" style=\"width: 316px; height: 207px;\" \/> <\/a> <div class=\"tiled-gallery-caption\" itemprop=\"caption description\"> Representantes de las distintas bandas de rock que el pr\u00f3ximo s\u00e1bado se estar\u00e1n presentando en la terraza de la Plaza de Armas a partir de las 17 horas. <\/div> <\/div> <\/div> <!-- close group --> <div class=\"gallery-group images-1\" style=\"width: 320px; height: 211px;\" data-original-width=\"320\" data-original-height=\"211\" > <div class=\"tiled-gallery-item tiled-gallery-item-large\" itemprop=\"associatedMedia\" itemscope itemtype=\"http:\/\/schema.org\/ImageObject\"> <a href=\"https:\/\/eltrabajo.cl\/portal\/oficina-de-la-juventud-san-felipe-invita-a-participar-de-charla-informativa-para-postular-a-fondos-concursables-del-injuv\/foto-2-williams-jego-uno-de-los-lideres-de-la-banda-sanfelipena-de-heavy-metal-crash-moto\/\" border=\"0\" itemprop=\"url\"> <meta itemprop=\"width\" content=\"316\"> <meta itemprop=\"height\" content=\"207\"> <img decoding=\"async\" class=\"\" data-attachment-id=\"66246\" data-orig-file=\"https:\/\/eltrabajo.cl\/portal\/wp-content\/uploads\/2016\/01\/FOTO-2-Williams-Jego-uno-de-los-lideres-de-la-banda-sanfelipena-de-Heavy-Metal-CRASH-MOTO.jpg\" data-orig-size=\"530,348\" data-comments-opened=\"1\" data-image-meta=\"{&quot;aperture&quot;:&quot;0&quot;,&quot;credit&quot;:&quot;&quot;,&quot;camera&quot;:&quot;&quot;,&quot;caption&quot;:&quot;&quot;,&quot;created_timestamp&quot;:&quot;0&quot;,&quot;copyright&quot;:&quot;Copyright 2012&quot;,&quot;focal_length&quot;:&quot;0&quot;,&quot;iso&quot;:&quot;0&quot;,&quot;shutter_speed&quot;:&quot;0&quot;,&quot;title&quot;:&quot;&quot;,&quot;orientation&quot;:&quot;0&quot;}\" data-image-title=\"FOTO 2 Williams Jego uno de los lideres de la banda sanfelipena de Heavy Metal CRASH MOTO\" data-image-description=\"&lt;p&gt;Williams Jeg\u00f3, uno de los l\u00edderes de la banda sanfelipe\u00f1a de Heavy Metal \u2018Crash Moto\u2019.&lt;\/p&gt; \" data-medium-file=\"https:\/\/i0.wp.com\/eltrabajo.cl\/portal\/wp-content\/uploads\/2016\/01\/FOTO-2-Williams-Jego-uno-de-los-lideres-de-la-banda-sanfelipena-de-Heavy-Metal-CRASH-MOTO.jpg?fit=300%2C197&#038;ssl=1\" data-large-file=\"https:\/\/i0.wp.com\/eltrabajo.cl\/portal\/wp-content\/uploads\/2016\/01\/FOTO-2-Williams-Jego-uno-de-los-lideres-de-la-banda-sanfelipena-de-Heavy-Metal-CRASH-MOTO.jpg?fit=530%2C348&#038;ssl=1\" src=\"https:\/\/i0.wp.com\/eltrabajo.cl\/portal\/wp-content\/uploads\/2016\/01\/FOTO-2-Williams-Jego-uno-de-los-lideres-de-la-banda-sanfelipena-de-Heavy-Metal-CRASH-MOTO.jpg?w=316&#038;h=207&#038;ssl=1\" srcset=\"https:\/\/i0.wp.com\/eltrabajo.cl\/portal\/wp-content\/uploads\/2016\/01\/FOTO-2-Williams-Jego-uno-de-los-lideres-de-la-banda-sanfelipena-de-Heavy-Metal-CRASH-MOTO.jpg?w=530&amp;ssl=1 530w, https:\/\/i0.wp.com\/eltrabajo.cl\/portal\/wp-content\/uploads\/2016\/01\/FOTO-2-Williams-Jego-uno-de-los-lideres-de-la-banda-sanfelipena-de-Heavy-Metal-CRASH-MOTO.jpg?resize=200%2C131&amp;ssl=1 200w, https:\/\/i0.wp.com\/eltrabajo.cl\/portal\/wp-content\/uploads\/2016\/01\/FOTO-2-Williams-Jego-uno-de-los-lideres-de-la-banda-sanfelipena-de-Heavy-Metal-CRASH-MOTO.jpg?resize=300%2C197&amp;ssl=1 300w, https:\/\/i0.wp.com\/eltrabajo.cl\/portal\/wp-content\/uploads\/2016\/01\/FOTO-2-Williams-Jego-uno-de-los-lideres-de-la-banda-sanfelipena-de-Heavy-Metal-CRASH-MOTO.jpg?resize=228%2C150&amp;ssl=1 228w, https:\/\/i0.wp.com\/eltrabajo.cl\/portal\/wp-content\/uploads\/2016\/01\/FOTO-2-Williams-Jego-uno-de-los-lideres-de-la-banda-sanfelipena-de-Heavy-Metal-CRASH-MOTO.jpg?resize=400%2C263&amp;ssl=1 400w\" width=\"316\" height=\"207\" loading=\"lazy\" data-original-width=\"316\" data-original-height=\"207\" itemprop=\"http:\/\/schema.org\/image\" title=\"FOTO 2 Williams Jego uno de los lideres de la banda sanfelipena de Heavy Metal CRASH MOTO\" alt=\"Williams Jeg\u00f3, uno de los l\u00edderes de la banda sanfelipe\u00f1a de Heavy Metal \u2018Crash Moto\u2019.\" style=\"width: 316px; height: 207px;\" \/> <\/a> <div class=\"tiled-gallery-caption\" itemprop=\"caption description\"> Williams Jeg\u00f3, uno de los l\u00edderes de la banda sanfelipe\u00f1a de Heavy Metal \u2018Crash Moto\u2019. <\/div> <\/div> <\/div> <!-- close group --> <\/div> <!-- close row --> <\/div>\n","protected":false},"excerpt":{"rendered":"<p>Panoramas juveniles veraniegos se encuentran en plena ejecuci\u00f3n. Este s\u00e1bado se desarrollar\u00e1 el primer impacto juvenil del 2016 y los lunes se puede participar de las clases de yoga a luca en&#8230;<\/p>\n","protected":false},"author":482,"featured_media":66244,"comment_status":"open","ping_status":"open","sticky":false,"template":"","format":"standard","meta":{"advanced_seo_description":"","jetpack_seo_html_title":"","jetpack_seo_noindex":false,"_jetpack_memberships_contains_paid_content":false,"footnotes":""},"categories":[1],"tags":[],"class_list":["post-66243","post","type-post","status-publish","format-standard","has-post-thumbnail","hentry","category-cronica"],"jetpack_featured_media_url":"https:\/\/i0.wp.com\/eltrabajo.cl\/portal\/wp-content\/uploads\/2016\/01\/FOTO-3-REPRESENTANTES-DE-LAS-DISTINTASg.jpg?fit=530%2C350&ssl=1","jetpack_sharing_enabled":true,"jetpack_likes_enabled":true,"jetpack-related-posts":[],"_links":{"self":[{"href":"https:\/\/eltrabajo.cl\/portal\/wp-json\/wp\/v2\/posts\/66243","targetHints":{"allow":["GET"]}}],"collection":[{"href":"https:\/\/eltrabajo.cl\/portal\/wp-json\/wp\/v2\/posts"}],"about":[{"href":"https:\/\/eltrabajo.cl\/portal\/wp-json\/wp\/v2\/types\/post"}],"author":[{"embeddable":true,"href":"https:\/\/eltrabajo.cl\/portal\/wp-json\/wp\/v2\/users\/482"}],"replies":[{"embeddable":true,"href":"https:\/\/eltrabajo.cl\/portal\/wp-json\/wp\/v2\/comments?post=66243"}],"version-history":[{"count":0,"href":"https:\/\/eltrabajo.cl\/portal\/wp-json\/wp\/v2\/posts\/66243\/revisions"}],"wp:featuredmedia":[{"embeddable":true,"href":"https:\/\/eltrabajo.cl\/portal\/wp-json\/wp\/v2\/media\/66244"}],"wp:attachment":[{"href":"https:\/\/eltrabajo.cl\/portal\/wp-json\/wp\/v2\/media?parent=66243"}],"wp:term":[{"taxonomy":"category","embeddable":true,"href":"https:\/\/eltrabajo.cl\/portal\/wp-json\/wp\/v2\/categories?post=66243"},{"taxonomy":"post_tag","embeddable":true,"href":"https:\/\/eltrabajo.cl\/portal\/wp-json\/wp\/v2\/tags?post=66243"}],"curies":[{"name":"wp","href":"https:\/\/api.w.org\/{rel}","templated":true}]}}