{"id":66252,"date":"2016-01-28T10:01:57","date_gmt":"2016-01-28T13:01:57","guid":{"rendered":"http:\/\/www.eltrabajo.cl\/portal\/?p=66252"},"modified":"2016-01-28T10:01:57","modified_gmt":"2016-01-28T13:01:57","slug":"aprecian-fallo-condenatorio-a-exmilitares-que-asesinaron-a-exdirector-de-salud-dr-absalon-wegner","status":"publish","type":"post","link":"https:\/\/eltrabajo.cl\/portal\/aprecian-fallo-condenatorio-a-exmilitares-que-asesinaron-a-exdirector-de-salud-dr-absalon-wegner\/","title":{"rendered":"Aprecian fallo condenatorio a exmilitares que asesinaron a exdirector de salud Dr. Absalon Wegner"},"content":{"rendered":"<figure id=\"attachment_66253\" aria-describedby=\"caption-attachment-66253\" style=\"width: 300px\" class=\"wp-caption alignleft\"><img data-recalc-dims=\"1\" loading=\"lazy\" decoding=\"async\" class=\"wp-image-66253 size-medium\" src=\"https:\/\/i0.wp.com\/www.eltrabajo.cl\/portal\/wp-content\/uploads\/2016\/01\/FOTO-5-VILMA-OLAVE-DIRECTORA-DEL-SERVICIO-DE-SALUD-ACONCAGUA-300x197.jpg?resize=300%2C197\" alt=\"Dra. Vilma Olave, directora del Servicio de Salud Aconcagua.\" width=\"300\" height=\"197\" srcset=\"https:\/\/i0.wp.com\/eltrabajo.cl\/portal\/wp-content\/uploads\/2016\/01\/FOTO-5-VILMA-OLAVE-DIRECTORA-DEL-SERVICIO-DE-SALUD-ACONCAGUA.jpg?resize=300%2C197&amp;ssl=1 300w, https:\/\/i0.wp.com\/eltrabajo.cl\/portal\/wp-content\/uploads\/2016\/01\/FOTO-5-VILMA-OLAVE-DIRECTORA-DEL-SERVICIO-DE-SALUD-ACONCAGUA.jpg?resize=200%2C131&amp;ssl=1 200w, https:\/\/i0.wp.com\/eltrabajo.cl\/portal\/wp-content\/uploads\/2016\/01\/FOTO-5-VILMA-OLAVE-DIRECTORA-DEL-SERVICIO-DE-SALUD-ACONCAGUA.jpg?resize=228%2C150&amp;ssl=1 228w, https:\/\/i0.wp.com\/eltrabajo.cl\/portal\/wp-content\/uploads\/2016\/01\/FOTO-5-VILMA-OLAVE-DIRECTORA-DEL-SERVICIO-DE-SALUD-ACONCAGUA.jpg?resize=400%2C263&amp;ssl=1 400w, https:\/\/i0.wp.com\/eltrabajo.cl\/portal\/wp-content\/uploads\/2016\/01\/FOTO-5-VILMA-OLAVE-DIRECTORA-DEL-SERVICIO-DE-SALUD-ACONCAGUA.jpg?w=530&amp;ssl=1 530w\" sizes=\"auto, (max-width: 300px) 100vw, 300px\" \/><figcaption id=\"caption-attachment-66253\" class=\"wp-caption-text\">Dra. Vilma Olave, directora del Servicio de Salud Aconcagua.<\/figcaption><\/figure>\n<p>La Directora del Servicio de Salud Aconcagua, Dra. Vilma Olave, luego que tribunales condenara a cinco militares en retiro del ex Regimiento Yungay por el crimen cometido contra Rigoberto Ach\u00fa y el Dr. Absal\u00f3n Wegner, valor\u00f3 y elogi\u00f3 la sentencia que estableci\u00f3 la responsabilidad de los procesados y conden\u00f3 a dieciocho a\u00f1os con penas efectivas por homicidio calificado a H\u00e9ctor Orozco Sep\u00falveda, Sergio Jara Arancibia y Pedro Lovera Betancourt, y ocho a\u00f1os en calidad de c\u00f3mplices al Dr. Ra\u00fal Navarro Quintana y Milton N\u00fa\u00f1ez Hidalgo.<br \/>\n\u201cDespu\u00e9s de m\u00e1s de cuatro d\u00e9cadas su familia, su hija que no alcanz\u00f3 a conocer, sus amigos y nosotros los funcionarios del Servicio de Salud Aconcagua, tenemos la tranquilidad de saber que los responsables del crimen que a los 31 a\u00f1os termin\u00f3 con la vida del Dr Absal\u00f3n Wegner Reyes han sido condenados. Era M\u00e9dico General de Zona en el Hospital San Felipe, trabajaba en el Sanatorio de Putaendo y ejerc\u00eda el cargo de Director Zonal de Salud de la Provincia de Aconcagua, cuando fue tomado prisionero y ejecutado en diciembre de 1973.<br \/>\n\u201cUna acci\u00f3n inhumana cometida contra una persona indefensa. A cuarenta y dos a\u00f1os de esta grave violaci\u00f3n de derechos humanos se hace justicia y se condena con penas efectivas a dieciocho a\u00f1os de c\u00e1rcel por homicidio calificado a H\u00e9ctor Orozco Sep\u00falveda, Sergio Jara Arancibia y Pedro Lovera Betancourt, y ocho a\u00f1os en calidad de c\u00f3mplices al Dr. Ra\u00fal Navarro Quintana y Milton N\u00fa\u00f1ez Hidalgo. Nombres que ninguna generaci\u00f3n debe olvidar por el da\u00f1o irreparable que nos provocaron.<br \/>\n\u201cConsidero necesario destacar la labor seria y responsable que por cerca de dos a\u00f1os realiz\u00f3 el Ministro en Visita. Su investigaci\u00f3n permiti\u00f3 una sentencia que confirma la cobard\u00eda con que actuaron estas personas. Tal como lo hizo la ex Directora y actual Ministra de Salud, Dra. Carmen Castillo, en los pr\u00f3ximos d\u00edas esta Direcci\u00f3n de Servicio realizar\u00e1 un nuevo acto reparatorio en memoria del Dr. Absal\u00f3n Wegner, como una manera m\u00e1s de mantener esa memoria hist\u00f3rica para reparar y aliviar, siquiera en algo, el sufrimiento de sus familiares, de nuestras instituciones y de nuestra sociedad\u201d, concluy\u00f3 la Dra. Vilma Olave, Directora del Servicio de Salud Aconcagua.<\/p>\n","protected":false},"excerpt":{"rendered":"<p>La Directora del Servicio de Salud Aconcagua, Dra. Vilma Olave, luego que tribunales condenara a cinco militares en retiro del ex Regimiento Yungay por el crimen cometido contra Rigoberto Ach\u00fa y el&#8230;<\/p>\n","protected":false},"author":482,"featured_media":66253,"comment_status":"open","ping_status":"open","sticky":false,"template":"","format":"standard","meta":{"advanced_seo_description":"","jetpack_seo_html_title":"","jetpack_seo_noindex":false,"_jetpack_memberships_contains_paid_content":false,"footnotes":""},"categories":[1],"tags":[],"class_list":["post-66252","post","type-post","status-publish","format-standard","has-post-thumbnail","hentry","category-cronica"],"jetpack_featured_media_url":"https:\/\/i0.wp.com\/eltrabajo.cl\/portal\/wp-content\/uploads\/2016\/01\/FOTO-5-VILMA-OLAVE-DIRECTORA-DEL-SERVICIO-DE-SALUD-ACONCAGUA.jpg?fit=530%2C348&ssl=1","jetpack_sharing_enabled":true,"jetpack_likes_enabled":true,"jetpack-related-posts":[],"_links":{"self":[{"href":"https:\/\/eltrabajo.cl\/portal\/wp-json\/wp\/v2\/posts\/66252","targetHints":{"allow":["GET"]}}],"collection":[{"href":"https:\/\/eltrabajo.cl\/portal\/wp-json\/wp\/v2\/posts"}],"about":[{"href":"https:\/\/eltrabajo.cl\/portal\/wp-json\/wp\/v2\/types\/post"}],"author":[{"embeddable":true,"href":"https:\/\/eltrabajo.cl\/portal\/wp-json\/wp\/v2\/users\/482"}],"replies":[{"embeddable":true,"href":"https:\/\/eltrabajo.cl\/portal\/wp-json\/wp\/v2\/comments?post=66252"}],"version-history":[{"count":0,"href":"https:\/\/eltrabajo.cl\/portal\/wp-json\/wp\/v2\/posts\/66252\/revisions"}],"wp:featuredmedia":[{"embeddable":true,"href":"https:\/\/eltrabajo.cl\/portal\/wp-json\/wp\/v2\/media\/66253"}],"wp:attachment":[{"href":"https:\/\/eltrabajo.cl\/portal\/wp-json\/wp\/v2\/media?parent=66252"}],"wp:term":[{"taxonomy":"category","embeddable":true,"href":"https:\/\/eltrabajo.cl\/portal\/wp-json\/wp\/v2\/categories?post=66252"},{"taxonomy":"post_tag","embeddable":true,"href":"https:\/\/eltrabajo.cl\/portal\/wp-json\/wp\/v2\/tags?post=66252"}],"curies":[{"name":"wp","href":"https:\/\/api.w.org\/{rel}","templated":true}]}}