{"id":66255,"date":"2016-01-28T10:04:17","date_gmt":"2016-01-28T13:04:17","guid":{"rendered":"http:\/\/www.eltrabajo.cl\/portal\/?p=66255"},"modified":"2016-01-29T09:30:38","modified_gmt":"2016-01-29T12:30:38","slug":"condenan-a-penas-efectivas-a-exmilitares-involucrados-en-muerte-de-rigoberto-achu","status":"publish","type":"post","link":"https:\/\/eltrabajo.cl\/portal\/condenan-a-penas-efectivas-a-exmilitares-involucrados-en-muerte-de-rigoberto-achu\/","title":{"rendered":"Condenan a penas efectivas a exmilitares involucrados en muerte de Rigoberto Ach\u00fa"},"content":{"rendered":"<figure id=\"attachment_66256\" aria-describedby=\"caption-attachment-66256\" style=\"width: 300px\" class=\"wp-caption alignleft\"><img data-recalc-dims=\"1\" loading=\"lazy\" decoding=\"async\" class=\"wp-image-66256 size-medium\" src=\"https:\/\/i0.wp.com\/www.eltrabajo.cl\/portal\/wp-content\/uploads\/2016\/01\/achu-wegner-300x198.jpg?resize=300%2C198\" alt=\"Fueron condenados los militares responsables del asesinato de Rigoberto Ach\u00fa Liendo y Absal\u00f3n Wegner Millar, ocurrido el 13 de diciembre de 1973.\" width=\"300\" height=\"198\" srcset=\"https:\/\/i0.wp.com\/eltrabajo.cl\/portal\/wp-content\/uploads\/2016\/01\/achu-wegner.jpg?resize=300%2C198&amp;ssl=1 300w, https:\/\/i0.wp.com\/eltrabajo.cl\/portal\/wp-content\/uploads\/2016\/01\/achu-wegner.jpg?resize=200%2C132&amp;ssl=1 200w, https:\/\/i0.wp.com\/eltrabajo.cl\/portal\/wp-content\/uploads\/2016\/01\/achu-wegner.jpg?resize=227%2C150&amp;ssl=1 227w, https:\/\/i0.wp.com\/eltrabajo.cl\/portal\/wp-content\/uploads\/2016\/01\/achu-wegner.jpg?resize=400%2C264&amp;ssl=1 400w, https:\/\/i0.wp.com\/eltrabajo.cl\/portal\/wp-content\/uploads\/2016\/01\/achu-wegner.jpg?w=530&amp;ssl=1 530w\" sizes=\"auto, (max-width: 300px) 100vw, 300px\" \/><figcaption id=\"caption-attachment-66256\" class=\"wp-caption-text\">Fueron condenados los militares responsables del asesinato de Rigoberto Ach\u00fa Liendo y Absal\u00f3n Wegner Millar, ocurrido el 13 de diciembre de 1973.<\/figcaption><\/figure>\n<p>Tras establecer las responsabilidades en las muertes de los prisioneros pol\u00edticos Rigoberto Ach\u00fa Liendo y Absal\u00f3n Wegner Millar, fueron condenados militares en retiro del ex Regimiento Yungay de San Felipe, por su asesinato ocurrido el 13 de diciembre de 1973.<br \/>\nCabe se\u00f1alar que despu\u00e9s de haber realizado la investigaci\u00f3n para iniciar una demanda en contra de quienes recay\u00f3 esta responsabilidad, resuelto por el ministro en visita Jaime Arancibia Pinto, 18 a\u00f1os con penas efectivas por homicidio calificado a H\u00e9ctor Orozco Sep\u00falveda, Sergio Jara Arancibia y Pedro Lovera Betancourt y ocho a\u00f1os en calidad de c\u00f3mplices para el doctor Ra\u00fal Navarro Quintana y Milton N\u00fa\u00f1ez Hidalgo.<br \/>\nAl mismo tiempo debemos indicar que atendida la extensi\u00f3n de las penas impuestas todas estas deber\u00e1n ser cumplidas de manera efectiva, donde adem\u00e1s el Estado chileno debe indemnizar por da\u00f1o moral a las familias de ambos prisioneros asesinados por efectivos militares mientras estaban detenidos en la c\u00e1rcel de San Felipe.<br \/>\nA su vez, debemos precisar que esta investigaci\u00f3n la llev\u00f3 a efecto en su primera parte el ministro en visita Julio Miranda Lillo, para posteriormente asumirla en su grado de extraordinario el juez Jaime Arancibia Pinto, donde los sentenciados ser\u00e1n informados por la Brigada de Derechos Humanos de la Polic\u00eda de Investigaciones de Chile para ingresar a cumplir la condena.<br \/>\nAl tomar contacto con el concejal Ricardo Covarrubias, quien estuvo pendiente del proceso, abordamos esta sentencia, donde manifest\u00f3 \u201cpasaron m\u00e1s de 42 a\u00f1os para que se hiciera justicia, porque al final tanto Rigoberto Ach\u00fa como Absal\u00f3n Wegner, se presentaron mediante un bando militar de manera voluntaria, pero sin embargo de estar desintegrados por la tortura fueron acribillados por una patrulla militar y lo negaron hasta el final a pesar de que las pruebas los incriminaban de manera permanente en sus declaraciones contradictorias\u201d, dijo.<br \/>\nFinalmente manifest\u00f3 que \u201cmuchos quisieron echar al olvido estos cr\u00edmenes para hacer el borr\u00f3n y cuenta nueva, lo que considero inmoral, porque en Chile existen interesados de querer no investigar estos cr\u00edmenes, sabiendo los da\u00f1os que se ocasionaron a familias indefensas y en el caso del Regimiento Yungay, en el Informe Rettig queda muy mal parado puesto que esta unidad fue llevada a Santiago para que cumpliera funciones represivas en contra de las poblaciones populares\u201d, concluy\u00f3 Ricardo Covarrubias.<\/p>\n","protected":false},"excerpt":{"rendered":"<p>Tras establecer las responsabilidades en las muertes de los prisioneros pol\u00edticos Rigoberto Ach\u00fa Liendo y Absal\u00f3n Wegner Millar, fueron condenados militares en retiro del ex Regimiento Yungay de San Felipe, por su&#8230;<\/p>\n","protected":false},"author":482,"featured_media":66256,"comment_status":"open","ping_status":"open","sticky":false,"template":"","format":"standard","meta":{"advanced_seo_description":"","jetpack_seo_html_title":"","jetpack_seo_noindex":false,"_jetpack_memberships_contains_paid_content":false,"footnotes":""},"categories":[1],"tags":[],"class_list":["post-66255","post","type-post","status-publish","format-standard","has-post-thumbnail","hentry","category-cronica"],"jetpack_featured_media_url":"https:\/\/i0.wp.com\/eltrabajo.cl\/portal\/wp-content\/uploads\/2016\/01\/achu-wegner.jpg?fit=530%2C350&ssl=1","jetpack_sharing_enabled":true,"jetpack_likes_enabled":true,"jetpack-related-posts":[],"_links":{"self":[{"href":"https:\/\/eltrabajo.cl\/portal\/wp-json\/wp\/v2\/posts\/66255","targetHints":{"allow":["GET"]}}],"collection":[{"href":"https:\/\/eltrabajo.cl\/portal\/wp-json\/wp\/v2\/posts"}],"about":[{"href":"https:\/\/eltrabajo.cl\/portal\/wp-json\/wp\/v2\/types\/post"}],"author":[{"embeddable":true,"href":"https:\/\/eltrabajo.cl\/portal\/wp-json\/wp\/v2\/users\/482"}],"replies":[{"embeddable":true,"href":"https:\/\/eltrabajo.cl\/portal\/wp-json\/wp\/v2\/comments?post=66255"}],"version-history":[{"count":0,"href":"https:\/\/eltrabajo.cl\/portal\/wp-json\/wp\/v2\/posts\/66255\/revisions"}],"wp:featuredmedia":[{"embeddable":true,"href":"https:\/\/eltrabajo.cl\/portal\/wp-json\/wp\/v2\/media\/66256"}],"wp:attachment":[{"href":"https:\/\/eltrabajo.cl\/portal\/wp-json\/wp\/v2\/media?parent=66255"}],"wp:term":[{"taxonomy":"category","embeddable":true,"href":"https:\/\/eltrabajo.cl\/portal\/wp-json\/wp\/v2\/categories?post=66255"},{"taxonomy":"post_tag","embeddable":true,"href":"https:\/\/eltrabajo.cl\/portal\/wp-json\/wp\/v2\/tags?post=66255"}],"curies":[{"name":"wp","href":"https:\/\/api.w.org\/{rel}","templated":true}]}}