{"id":66265,"date":"2016-01-29T09:32:10","date_gmt":"2016-01-29T12:32:10","guid":{"rendered":"http:\/\/www.eltrabajo.cl\/portal\/?p=66265"},"modified":"2016-01-29T09:32:10","modified_gmt":"2016-01-29T12:32:10","slug":"acusan-a-adultos-mayores-de-estafa-por-venta-de-terreno-en-granallas","status":"publish","type":"post","link":"https:\/\/eltrabajo.cl\/portal\/acusan-a-adultos-mayores-de-estafa-por-venta-de-terreno-en-granallas\/","title":{"rendered":"Acusan a adultos mayores de estafa por venta de terreno en Granallas"},"content":{"rendered":"<figure id=\"attachment_66266\" aria-describedby=\"caption-attachment-66266\" style=\"width: 300px\" class=\"wp-caption alignleft\"><img data-recalc-dims=\"1\" loading=\"lazy\" decoding=\"async\" class=\"wp-image-66266 size-medium\" src=\"https:\/\/i0.wp.com\/www.eltrabajo.cl\/portal\/wp-content\/uploads\/2016\/01\/Denuncia-compra-terreno-Granallas-300x198.jpg?resize=300%2C198\" alt=\"Los afectados se\u00f1alaron estar resignados a perder los m\u00e1s de $2 millones que pagaron a estos adultos mayores por el terreno que les fue vendido.\" width=\"300\" height=\"198\" srcset=\"https:\/\/i0.wp.com\/eltrabajo.cl\/portal\/wp-content\/uploads\/2016\/01\/Denuncia-compra-terreno-Granallas.jpg?resize=300%2C198&amp;ssl=1 300w, https:\/\/i0.wp.com\/eltrabajo.cl\/portal\/wp-content\/uploads\/2016\/01\/Denuncia-compra-terreno-Granallas.jpg?resize=200%2C132&amp;ssl=1 200w, https:\/\/i0.wp.com\/eltrabajo.cl\/portal\/wp-content\/uploads\/2016\/01\/Denuncia-compra-terreno-Granallas.jpg?resize=227%2C150&amp;ssl=1 227w, https:\/\/i0.wp.com\/eltrabajo.cl\/portal\/wp-content\/uploads\/2016\/01\/Denuncia-compra-terreno-Granallas.jpg?resize=400%2C264&amp;ssl=1 400w, https:\/\/i0.wp.com\/eltrabajo.cl\/portal\/wp-content\/uploads\/2016\/01\/Denuncia-compra-terreno-Granallas.jpg?w=530&amp;ssl=1 530w\" sizes=\"auto, (max-width: 300px) 100vw, 300px\" \/><figcaption id=\"caption-attachment-66266\" class=\"wp-caption-text\">Los afectados se\u00f1alaron estar resignados a perder los m\u00e1s de $2 millones que pagaron a estos adultos mayores por el terreno que les fue vendido.<\/figcaption><\/figure>\n<p><strong>PUTAENDO.<\/strong>&#8211; Marcela Moreno Mena tiene en tiene su vivienda en calle Los \u00c1lamos de Granallas y asegura que una pareja de adultos mayores la estafaron al venderle un terreno que no les pertenec\u00eda.<br \/>\nLa denunciante sostuvo que lleg\u00f3 hasta la localidad de Granallas hace poco m\u00e1s de dos a\u00f1os, invitados junto a su esposo y sus cinco hijos por el hijo de la adulta mayor, quien les prometi\u00f3 vender una propiedad superior a los ocho mil metros cuadrados, sellando un acuerdo de palabra mediante el cual se pagar\u00eda una suerte de arriendo con costo del valor total del sitio.<br \/>\nMoreno agreg\u00f3 que construyo su vivienda y comenz\u00f3 la limpieza del terreno, sin embargo indica que hace un par de meses comenzaron los problemas con los adultos mayores, quienes de acuerdo a su testimonio, comenzaron a insultarla y amenazarla, adem\u00e1s de se\u00f1alarle que deb\u00eda desocupar el terreno.<br \/>\nLos problemas para Marcela Moreno continuaron cuando hace una semana se present\u00f3 en el lugar un efectivo de Carabineros, quien le afirm\u00f3 que hab\u00eda comprado los derechos de propiedad de la misma mujer que le prometi\u00f3 venderle el terreno, comprobando en ese instante que la adulto mayor no era la \u00fanica due\u00f1a del sitio y que s\u00f3lo ten\u00eda participaci\u00f3n en partes y cuotas, raz\u00f3n por la cual manifiesta sentirse estafada.<br \/>\nMoreno precis\u00f3 que hoy enfrenta adem\u00e1s las amenazas del funcionario policial y declar\u00f3 que no puede llegar y desarmar su hogar, comprometi\u00e9ndose a entregar el terreno durante el mes de noviembre, pues adem\u00e1s no pudo cambiar a sus cinco hijos del colegio para regresar a Valpara\u00edso.<br \/>\nLa denunciante asegur\u00f3 que pag\u00f3 m\u00e1s de $2 millones a los adultos mayores e indic\u00f3 que est\u00e1 resignada a perder ese dinero, aunque de acuerdo a sus palabras, espera que tarde o temprano se haga justicia ante lo que calific\u00f3 como una estafa descarada.<br \/>\nLogramos ubicar a la adulta mayor denunciada, quien puntualiz\u00f3 que todas las acusaciones que se le imputan son falsas, expresando adem\u00e1s que s\u00f3lo ayudaron a la hoy denunciante y su familia y que ella a su vez se aprovech\u00f3 de ella y su esposo.<br \/>\n<strong>Patricio Gallardo M.<\/strong><\/p>\n","protected":false},"excerpt":{"rendered":"<p>PUTAENDO.&#8211; Marcela Moreno Mena tiene en tiene su vivienda en calle Los \u00c1lamos de Granallas y asegura que una pareja de adultos mayores la estafaron al venderle un terreno que no les&#8230;<\/p>\n","protected":false},"author":482,"featured_media":66266,"comment_status":"open","ping_status":"open","sticky":false,"template":"","format":"standard","meta":{"advanced_seo_description":"","jetpack_seo_html_title":"","jetpack_seo_noindex":false,"_jetpack_memberships_contains_paid_content":false,"footnotes":""},"categories":[15],"tags":[],"class_list":["post-66265","post","type-post","status-publish","format-standard","has-post-thumbnail","hentry","category-comunidad"],"jetpack_featured_media_url":"https:\/\/i0.wp.com\/eltrabajo.cl\/portal\/wp-content\/uploads\/2016\/01\/Denuncia-compra-terreno-Granallas.jpg?fit=530%2C350&ssl=1","jetpack_sharing_enabled":true,"jetpack_likes_enabled":true,"jetpack-related-posts":[],"_links":{"self":[{"href":"https:\/\/eltrabajo.cl\/portal\/wp-json\/wp\/v2\/posts\/66265","targetHints":{"allow":["GET"]}}],"collection":[{"href":"https:\/\/eltrabajo.cl\/portal\/wp-json\/wp\/v2\/posts"}],"about":[{"href":"https:\/\/eltrabajo.cl\/portal\/wp-json\/wp\/v2\/types\/post"}],"author":[{"embeddable":true,"href":"https:\/\/eltrabajo.cl\/portal\/wp-json\/wp\/v2\/users\/482"}],"replies":[{"embeddable":true,"href":"https:\/\/eltrabajo.cl\/portal\/wp-json\/wp\/v2\/comments?post=66265"}],"version-history":[{"count":0,"href":"https:\/\/eltrabajo.cl\/portal\/wp-json\/wp\/v2\/posts\/66265\/revisions"}],"wp:featuredmedia":[{"embeddable":true,"href":"https:\/\/eltrabajo.cl\/portal\/wp-json\/wp\/v2\/media\/66266"}],"wp:attachment":[{"href":"https:\/\/eltrabajo.cl\/portal\/wp-json\/wp\/v2\/media?parent=66265"}],"wp:term":[{"taxonomy":"category","embeddable":true,"href":"https:\/\/eltrabajo.cl\/portal\/wp-json\/wp\/v2\/categories?post=66265"},{"taxonomy":"post_tag","embeddable":true,"href":"https:\/\/eltrabajo.cl\/portal\/wp-json\/wp\/v2\/tags?post=66265"}],"curies":[{"name":"wp","href":"https:\/\/api.w.org\/{rel}","templated":true}]}}