{"id":66271,"date":"2016-01-29T09:37:48","date_gmt":"2016-01-29T12:37:48","guid":{"rendered":"http:\/\/www.eltrabajo.cl\/portal\/?p=66271"},"modified":"2016-01-29T09:37:48","modified_gmt":"2016-01-29T12:37:48","slug":"biblioteca-municipal-y-escuela-de-verano-se-unen-para-fomentar-la-lectura-en-ninos","status":"publish","type":"post","link":"https:\/\/eltrabajo.cl\/portal\/biblioteca-municipal-y-escuela-de-verano-se-unen-para-fomentar-la-lectura-en-ninos\/","title":{"rendered":"Biblioteca Municipal y Escuela de Verano se unen para fomentar la lectura en ni\u00f1os"},"content":{"rendered":"<figure id=\"attachment_66272\" aria-describedby=\"caption-attachment-66272\" style=\"width: 300px\" class=\"wp-caption alignleft\"><img data-recalc-dims=\"1\" loading=\"lazy\" decoding=\"async\" class=\"wp-image-66272 size-medium\" src=\"https:\/\/i0.wp.com\/www.eltrabajo.cl\/portal\/wp-content\/uploads\/2016\/01\/FOTO-5-FELICES-SE-MOSTRARON-LOS-300x198.jpg?resize=300%2C198\" alt=\"Felices se mostraron los ni\u00f1os durante taller que fomenta la lectura.\" width=\"300\" height=\"198\" srcset=\"https:\/\/i0.wp.com\/eltrabajo.cl\/portal\/wp-content\/uploads\/2016\/01\/FOTO-5-FELICES-SE-MOSTRARON-LOS.jpg?resize=300%2C198&amp;ssl=1 300w, https:\/\/i0.wp.com\/eltrabajo.cl\/portal\/wp-content\/uploads\/2016\/01\/FOTO-5-FELICES-SE-MOSTRARON-LOS.jpg?resize=200%2C132&amp;ssl=1 200w, https:\/\/i0.wp.com\/eltrabajo.cl\/portal\/wp-content\/uploads\/2016\/01\/FOTO-5-FELICES-SE-MOSTRARON-LOS.jpg?resize=228%2C150&amp;ssl=1 228w, https:\/\/i0.wp.com\/eltrabajo.cl\/portal\/wp-content\/uploads\/2016\/01\/FOTO-5-FELICES-SE-MOSTRARON-LOS.jpg?resize=400%2C263&amp;ssl=1 400w, https:\/\/i0.wp.com\/eltrabajo.cl\/portal\/wp-content\/uploads\/2016\/01\/FOTO-5-FELICES-SE-MOSTRARON-LOS.jpg?w=530&amp;ssl=1 530w\" sizes=\"auto, (max-width: 300px) 100vw, 300px\" \/><figcaption id=\"caption-attachment-66272\" class=\"wp-caption-text\">Felices se mostraron los ni\u00f1os durante taller que fomenta la lectura.<\/figcaption><\/figure>\n<ul>\n<li><strong>Centro de Atenci\u00f3n para hijos e hijas de madres temporeras participaron de novedosa iniciativa que pretende aumentar el abanico de actividades que desarrollan durante sus vacaciones.<\/strong><\/li>\n<\/ul>\n<p>Un grupo de 30 ni\u00f1os de diferentes edades, disfrutaron lo acogedora que resulta la Alameda O\u2019Higgins, entre Traslavi\u00f1a y Navarro. Se trata de los peque\u00f1os de la Escuela de Verano del Centro de Atenci\u00f3n para hijos de madres temporeras, que en conjunto con la Biblioteca Municipal, crearon una instancia de lectura entretenida, cuyo objetivo principal era generar un nuevo espacio de recreaci\u00f3n, que se suma a las distintas actividades deportivas que los peque\u00f1os realizan durante sus vacaciones.<br \/>\nMacarena Blanca Tapia, encargada de la Biblioteca P\u00fablica 126 San Felipe, se mostr\u00f3 feliz de poder concretar la idea de aprovechar un espacio distintivo de la ciudad para incentivar la lectura y argument\u00f3 que \u201cnosotros siempre tenemos instancias para hacer fomento lector y yo hab\u00eda visto que esta alameda est\u00e1 muy bonita, bien cuidada y al tratarse de la ex alameda Las Delicias, entonces por qu\u00e9 no disfrutar la delicia de leer al aire libre\u201d, expres\u00f3.<br \/>\nEn relaci\u00f3n a c\u00f3mo se genera la idea de realizar esta actividad con este grupo de muchachos, Blanca agreg\u00f3 que \u201csurgi\u00f3 el contacto con la encargada de este programa, a trav\u00e9s de la Municipalidad de San Felipe, ellos quer\u00edan visitar la Biblioteca y yo les dije ning\u00fan problema, pero lo ideal ser\u00eda que los libros los llevemos extra muro, que sea m\u00e1s entretenida, m\u00e1s l\u00fadica\u201d, apunt\u00f3.<br \/>\nRespecto de cu\u00e1les son los sentidos que m\u00e1s desarrollan los ni\u00f1os mediante estas iniciativas, Macarena Blanca afirm\u00f3 que \u201choy se usa mucho el tema de las mandalas para pintar y con eso tambi\u00e9n podemos incentivar la creatividad, la concentraci\u00f3n. Mientras ellos estaban pintando, estaban haciendo arte terapia y adem\u00e1s est\u00e1n escuchando la lectura\u201d, describi\u00f3.<br \/>\nFinalmente, Blanca dej\u00f3 las puertas abiertas para que las personas, dirigentes u organizaciones comunitarias que quieran llevar ni\u00f1os a la biblioteca, realizar este tipo de actividades o solicitar la visita a alguna poblaci\u00f3n \u201cestamos con toda la disposici\u00f3n del mundo para hacerlo durante este verano\u201d, ratific\u00f3 la funcionaria.<br \/>\nCeleste Carrasco, Coordinadora de la Escuela de Verano, centro John Kennedy destac\u00f3 cu\u00e1l es la relevancia de tener este tipo de actividades, pues seg\u00fan dijo vienen a complementar el trabajo que realizan habitualmente. \u201cEs muy importante desarrollar e impulsar la lectura, tenemos ni\u00f1os bastante chiquititos que est\u00e1n reci\u00e9n empezando a leer, otros que son lectores m\u00e1s avanzados, pero siempre consideramos el hecho de integrar la cultura a nuestras actividades ya que la lectura nos abre las puertas del mundo\u201d, puntualiz\u00f3.<br \/>\nA su vez, el Director de Desarrollo Comunitario, Dideco, Pablo Silva se\u00f1al\u00f3 que con este tipo de instancias se est\u00e1 cumpliendo con una de las solicitudes del alcalde Freire de poder incorporar nuevos espacios y recuperar lugares con actividades provechosas para la comunidad.<br \/>\n\u201cDada la instancia de trabajo que realizamos en las escuelas de verano para hijos de madres temporeras, surge esta posibilidad de atender a nuestros ni\u00f1os en torno a la motivaci\u00f3n por la lectura, la lectura significa imaginaci\u00f3n y muchas cosas que queremos recuperar, nuestros ni\u00f1os est\u00e1n totalmente absorbidos por lo visual y la imaginaci\u00f3n ha ido quedando de lado, la lectura nos provoca que podamos ir a otros mundos y eso es lo que hemos tratado de hacer con nuestros ni\u00f1os\u201d, narr\u00f3 Silva.<br \/>\nAdem\u00e1s el Dideco apunt\u00f3 que a trav\u00e9s de estas actividades se contribuye con un fundamento municipal, que es desarrollar la capacidad de ser buenos vecinos, mejores ciudadanos y sobre todo \u201centender que la posibilidad que tenemos de recuperar los espacios p\u00fablicos depende de nosotros\u201d, concluy\u00f3.<br \/>\nCabe destacar que en la Biblioteca Municipal, se desarrollan clases de computaci\u00f3n, para ni\u00f1os de entre 9 y 12 a\u00f1os , transform\u00e1ndose en una alternativa entretenida para que los pap\u00e1s puedan dejar a sus hijos en la biblioteca ya sea leyendo o aprendiendo computaci\u00f3n.<br \/>\nPor su parte, el Centro de Atenci\u00f3n para hijos de madres temporeras, desarrolla actividades tales como: piscinas entretenidas, caminatas, visitas a centros de adultos mayores, b\u00e9isbol, f\u00fatbol, talleres de cocina. Todo con el objetivo que los ni\u00f1os salgan de la rutina diaria y aprovechen bien sus vacaciones, aprendiendo cosas nuevas.<\/p>\n<div class=\"tiled-gallery type-rectangular tiled-gallery-unresized\" data-original-width=\"640\" data-carousel-extra='null' itemscope itemtype=\"http:\/\/schema.org\/ImageGallery\" > <div class=\"gallery-row\" style=\"width: 640px; height: 283px;\" data-original-width=\"640\" data-original-height=\"283\" > <div class=\"gallery-group images-1\" style=\"width: 427px; height: 283px;\" data-original-width=\"427\" data-original-height=\"283\" > <div class=\"tiled-gallery-item tiled-gallery-item-large\" itemprop=\"associatedMedia\" itemscope itemtype=\"http:\/\/schema.org\/ImageObject\"> <a href=\"https:\/\/eltrabajo.cl\/portal\/biblioteca-municipal-y-escuela-de-verano-se-unen-para-fomentar-la-lectura-en-ninos\/foto-1-taller-de-lectura-entretenida\/\" border=\"0\" itemprop=\"url\"> <meta itemprop=\"width\" content=\"423\"> <meta itemprop=\"height\" content=\"279\"> <img decoding=\"async\" class=\"\" data-attachment-id=\"66273\" data-orig-file=\"https:\/\/eltrabajo.cl\/portal\/wp-content\/uploads\/2016\/01\/FOTO-1-TALLER-DE-LECTURA-ENTRETENIDA.jpg\" data-orig-size=\"530,349\" data-comments-opened=\"1\" data-image-meta=\"{&quot;aperture&quot;:&quot;0&quot;,&quot;credit&quot;:&quot;&quot;,&quot;camera&quot;:&quot;&quot;,&quot;caption&quot;:&quot;&quot;,&quot;created_timestamp&quot;:&quot;0&quot;,&quot;copyright&quot;:&quot;Copyright 2012&quot;,&quot;focal_length&quot;:&quot;0&quot;,&quot;iso&quot;:&quot;0&quot;,&quot;shutter_speed&quot;:&quot;0&quot;,&quot;title&quot;:&quot;&quot;,&quot;orientation&quot;:&quot;0&quot;}\" data-image-title=\"FOTO 1 TALLER DE LECTURA ENTRETENIDA\" data-image-description=\"&lt;p&gt;Taller de lectura entretenida de la Biblioteca Municipal y el Centro de Atenci\u00f3n para hijos de madres temporeras, se desarroll\u00f3 con pleno \u00e9xito en Alameda O\u2019Higgins&lt;\/p&gt; \" data-medium-file=\"https:\/\/i0.wp.com\/eltrabajo.cl\/portal\/wp-content\/uploads\/2016\/01\/FOTO-1-TALLER-DE-LECTURA-ENTRETENIDA.jpg?fit=300%2C198&#038;ssl=1\" data-large-file=\"https:\/\/i0.wp.com\/eltrabajo.cl\/portal\/wp-content\/uploads\/2016\/01\/FOTO-1-TALLER-DE-LECTURA-ENTRETENIDA.jpg?fit=530%2C349&#038;ssl=1\" src=\"https:\/\/i0.wp.com\/eltrabajo.cl\/portal\/wp-content\/uploads\/2016\/01\/FOTO-1-TALLER-DE-LECTURA-ENTRETENIDA.jpg?w=423&#038;h=279&#038;ssl=1\" srcset=\"https:\/\/i0.wp.com\/eltrabajo.cl\/portal\/wp-content\/uploads\/2016\/01\/FOTO-1-TALLER-DE-LECTURA-ENTRETENIDA.jpg?w=530&amp;ssl=1 530w, https:\/\/i0.wp.com\/eltrabajo.cl\/portal\/wp-content\/uploads\/2016\/01\/FOTO-1-TALLER-DE-LECTURA-ENTRETENIDA.jpg?resize=200%2C132&amp;ssl=1 200w, https:\/\/i0.wp.com\/eltrabajo.cl\/portal\/wp-content\/uploads\/2016\/01\/FOTO-1-TALLER-DE-LECTURA-ENTRETENIDA.jpg?resize=300%2C198&amp;ssl=1 300w, https:\/\/i0.wp.com\/eltrabajo.cl\/portal\/wp-content\/uploads\/2016\/01\/FOTO-1-TALLER-DE-LECTURA-ENTRETENIDA.jpg?resize=228%2C150&amp;ssl=1 228w, https:\/\/i0.wp.com\/eltrabajo.cl\/portal\/wp-content\/uploads\/2016\/01\/FOTO-1-TALLER-DE-LECTURA-ENTRETENIDA.jpg?resize=400%2C263&amp;ssl=1 400w\" width=\"423\" height=\"279\" loading=\"lazy\" data-original-width=\"423\" data-original-height=\"279\" itemprop=\"http:\/\/schema.org\/image\" title=\"FOTO 1 TALLER DE LECTURA ENTRETENIDA\" alt=\"Taller de lectura entretenida de la Biblioteca Municipal y el Centro de Atenci\u00f3n para hijos de madres temporeras, se desarroll\u00f3 con pleno \u00e9xito en Alameda O\u2019Higgins\" style=\"width: 423px; height: 279px;\" \/> <\/a> <div class=\"tiled-gallery-caption\" itemprop=\"caption description\"> Taller de lectura entretenida de la Biblioteca Municipal y el Centro de Atenci\u00f3n para hijos de madres temporeras, se desarroll\u00f3 con pleno \u00e9xito en Alameda O\u2019Higgins <\/div> <\/div> <\/div> <!-- close group --> <div class=\"gallery-group images-2\" style=\"width: 213px; height: 283px;\" data-original-width=\"213\" data-original-height=\"283\" > <div class=\"tiled-gallery-item tiled-gallery-item-small\" itemprop=\"associatedMedia\" itemscope itemtype=\"http:\/\/schema.org\/ImageObject\"> <a href=\"https:\/\/eltrabajo.cl\/portal\/biblioteca-municipal-y-escuela-de-verano-se-unen-para-fomentar-la-lectura-en-ninos\/foto-3-pablo-sila-director\/\" border=\"0\" itemprop=\"url\"> <meta itemprop=\"width\" content=\"209\"> <meta itemprop=\"height\" content=\"138\"> <img decoding=\"async\" class=\"\" data-attachment-id=\"66275\" data-orig-file=\"https:\/\/eltrabajo.cl\/portal\/wp-content\/uploads\/2016\/01\/FOTO-3-PABLO-SILA-DIRECTOR-.jpg\" data-orig-size=\"530,348\" data-comments-opened=\"1\" data-image-meta=\"{&quot;aperture&quot;:&quot;0&quot;,&quot;credit&quot;:&quot;&quot;,&quot;camera&quot;:&quot;&quot;,&quot;caption&quot;:&quot;&quot;,&quot;created_timestamp&quot;:&quot;0&quot;,&quot;copyright&quot;:&quot;Copyright 2012&quot;,&quot;focal_length&quot;:&quot;0&quot;,&quot;iso&quot;:&quot;0&quot;,&quot;shutter_speed&quot;:&quot;0&quot;,&quot;title&quot;:&quot;&quot;,&quot;orientation&quot;:&quot;0&quot;}\" data-image-title=\"FOTO 3 PABLO SILA DIRECTOR\" data-image-description=\"&lt;p&gt;Pablo Sila, director de Desarrollo Comunitario de la Municipalidad de San Felipe&lt;\/p&gt; \" data-medium-file=\"https:\/\/i0.wp.com\/eltrabajo.cl\/portal\/wp-content\/uploads\/2016\/01\/FOTO-3-PABLO-SILA-DIRECTOR-.jpg?fit=300%2C197&#038;ssl=1\" data-large-file=\"https:\/\/i0.wp.com\/eltrabajo.cl\/portal\/wp-content\/uploads\/2016\/01\/FOTO-3-PABLO-SILA-DIRECTOR-.jpg?fit=530%2C348&#038;ssl=1\" src=\"https:\/\/i0.wp.com\/eltrabajo.cl\/portal\/wp-content\/uploads\/2016\/01\/FOTO-3-PABLO-SILA-DIRECTOR-.jpg?w=209&#038;h=138&#038;ssl=1\" srcset=\"https:\/\/i0.wp.com\/eltrabajo.cl\/portal\/wp-content\/uploads\/2016\/01\/FOTO-3-PABLO-SILA-DIRECTOR-.jpg?w=530&amp;ssl=1 530w, https:\/\/i0.wp.com\/eltrabajo.cl\/portal\/wp-content\/uploads\/2016\/01\/FOTO-3-PABLO-SILA-DIRECTOR-.jpg?resize=200%2C131&amp;ssl=1 200w, https:\/\/i0.wp.com\/eltrabajo.cl\/portal\/wp-content\/uploads\/2016\/01\/FOTO-3-PABLO-SILA-DIRECTOR-.jpg?resize=300%2C197&amp;ssl=1 300w, https:\/\/i0.wp.com\/eltrabajo.cl\/portal\/wp-content\/uploads\/2016\/01\/FOTO-3-PABLO-SILA-DIRECTOR-.jpg?resize=228%2C150&amp;ssl=1 228w, https:\/\/i0.wp.com\/eltrabajo.cl\/portal\/wp-content\/uploads\/2016\/01\/FOTO-3-PABLO-SILA-DIRECTOR-.jpg?resize=400%2C263&amp;ssl=1 400w\" width=\"209\" height=\"138\" loading=\"lazy\" data-original-width=\"209\" data-original-height=\"138\" itemprop=\"http:\/\/schema.org\/image\" title=\"FOTO 3 PABLO SILA DIRECTOR\" alt=\"Pablo Sila, director de Desarrollo Comunitario de la Municipalidad de San Felipe\" style=\"width: 209px; height: 138px;\" \/> <\/a> <div class=\"tiled-gallery-caption\" itemprop=\"caption description\"> Pablo Sila, director de Desarrollo Comunitario de la Municipalidad de San Felipe <\/div> <\/div> <div class=\"tiled-gallery-item tiled-gallery-item-small\" itemprop=\"associatedMedia\" itemscope itemtype=\"http:\/\/schema.org\/ImageObject\"> <a href=\"https:\/\/eltrabajo.cl\/portal\/biblioteca-municipal-y-escuela-de-verano-se-unen-para-fomentar-la-lectura-en-ninos\/foto-4-celeste-carrasco-coordinadora-escuela-de-verano-centro-john-kennedy\/\" border=\"0\" itemprop=\"url\"> <meta itemprop=\"width\" content=\"209\"> <meta itemprop=\"height\" content=\"137\"> <img decoding=\"async\" class=\"\" data-attachment-id=\"66276\" data-orig-file=\"https:\/\/eltrabajo.cl\/portal\/wp-content\/uploads\/2016\/01\/FOTO-4-CELESTE-CARRASCO-COORDINADORA-ESCUELA-DE-VERANO-CENTRO-JOHN-KENNEDY.jpg\" data-orig-size=\"530,348\" data-comments-opened=\"1\" data-image-meta=\"{&quot;aperture&quot;:&quot;0&quot;,&quot;credit&quot;:&quot;&quot;,&quot;camera&quot;:&quot;&quot;,&quot;caption&quot;:&quot;&quot;,&quot;created_timestamp&quot;:&quot;0&quot;,&quot;copyright&quot;:&quot;Copyright 2012&quot;,&quot;focal_length&quot;:&quot;0&quot;,&quot;iso&quot;:&quot;0&quot;,&quot;shutter_speed&quot;:&quot;0&quot;,&quot;title&quot;:&quot;&quot;,&quot;orientation&quot;:&quot;0&quot;}\" data-image-title=\"FOTO 4 CELESTE CARRASCO COORDINADORA ESCUELA DE VERANO CENTRO JOHN KENNEDY\" data-image-description=\"&lt;p&gt;Celeste Carrasco, coordinadora Escuela de Verano Centro John Kennedy.&lt;\/p&gt; \" data-medium-file=\"https:\/\/i0.wp.com\/eltrabajo.cl\/portal\/wp-content\/uploads\/2016\/01\/FOTO-4-CELESTE-CARRASCO-COORDINADORA-ESCUELA-DE-VERANO-CENTRO-JOHN-KENNEDY.jpg?fit=300%2C197&#038;ssl=1\" data-large-file=\"https:\/\/i0.wp.com\/eltrabajo.cl\/portal\/wp-content\/uploads\/2016\/01\/FOTO-4-CELESTE-CARRASCO-COORDINADORA-ESCUELA-DE-VERANO-CENTRO-JOHN-KENNEDY.jpg?fit=530%2C348&#038;ssl=1\" src=\"https:\/\/i0.wp.com\/eltrabajo.cl\/portal\/wp-content\/uploads\/2016\/01\/FOTO-4-CELESTE-CARRASCO-COORDINADORA-ESCUELA-DE-VERANO-CENTRO-JOHN-KENNEDY.jpg?w=209&#038;h=137&#038;ssl=1\" srcset=\"https:\/\/i0.wp.com\/eltrabajo.cl\/portal\/wp-content\/uploads\/2016\/01\/FOTO-4-CELESTE-CARRASCO-COORDINADORA-ESCUELA-DE-VERANO-CENTRO-JOHN-KENNEDY.jpg?w=530&amp;ssl=1 530w, https:\/\/i0.wp.com\/eltrabajo.cl\/portal\/wp-content\/uploads\/2016\/01\/FOTO-4-CELESTE-CARRASCO-COORDINADORA-ESCUELA-DE-VERANO-CENTRO-JOHN-KENNEDY.jpg?resize=200%2C131&amp;ssl=1 200w, https:\/\/i0.wp.com\/eltrabajo.cl\/portal\/wp-content\/uploads\/2016\/01\/FOTO-4-CELESTE-CARRASCO-COORDINADORA-ESCUELA-DE-VERANO-CENTRO-JOHN-KENNEDY.jpg?resize=300%2C197&amp;ssl=1 300w, https:\/\/i0.wp.com\/eltrabajo.cl\/portal\/wp-content\/uploads\/2016\/01\/FOTO-4-CELESTE-CARRASCO-COORDINADORA-ESCUELA-DE-VERANO-CENTRO-JOHN-KENNEDY.jpg?resize=228%2C150&amp;ssl=1 228w, https:\/\/i0.wp.com\/eltrabajo.cl\/portal\/wp-content\/uploads\/2016\/01\/FOTO-4-CELESTE-CARRASCO-COORDINADORA-ESCUELA-DE-VERANO-CENTRO-JOHN-KENNEDY.jpg?resize=400%2C263&amp;ssl=1 400w\" width=\"209\" height=\"137\" loading=\"lazy\" data-original-width=\"209\" data-original-height=\"137\" itemprop=\"http:\/\/schema.org\/image\" title=\"FOTO 4 CELESTE CARRASCO COORDINADORA ESCUELA DE VERANO CENTRO JOHN KENNEDY\" alt=\"Celeste Carrasco, coordinadora Escuela de Verano Centro John Kennedy.\" style=\"width: 209px; height: 137px;\" \/> <\/a> <div class=\"tiled-gallery-caption\" itemprop=\"caption description\"> Celeste Carrasco, coordinadora Escuela de Verano Centro John Kennedy. <\/div> <\/div> <\/div> <!-- close group --> <\/div> <!-- close row --> <div class=\"gallery-row\" style=\"width: 640px; height: 422px;\" data-original-width=\"640\" data-original-height=\"422\" > <div class=\"gallery-group images-1\" style=\"width: 640px; height: 422px;\" data-original-width=\"640\" data-original-height=\"422\" > <div class=\"tiled-gallery-item tiled-gallery-item-large\" itemprop=\"associatedMedia\" itemscope itemtype=\"http:\/\/schema.org\/ImageObject\"> <a href=\"https:\/\/eltrabajo.cl\/portal\/biblioteca-municipal-y-escuela-de-verano-se-unen-para-fomentar-la-lectura-en-ninos\/foto-2-macarena-blanca-tapia\/\" border=\"0\" itemprop=\"url\"> <meta itemprop=\"width\" content=\"636\"> <meta itemprop=\"height\" content=\"418\"> <img decoding=\"async\" class=\"\" data-attachment-id=\"66274\" data-orig-file=\"https:\/\/eltrabajo.cl\/portal\/wp-content\/uploads\/2016\/01\/FOTO-2-MACARENA-BLANCA-TAPIA.jpg\" data-orig-size=\"530,348\" data-comments-opened=\"1\" data-image-meta=\"{&quot;aperture&quot;:&quot;0&quot;,&quot;credit&quot;:&quot;&quot;,&quot;camera&quot;:&quot;&quot;,&quot;caption&quot;:&quot;&quot;,&quot;created_timestamp&quot;:&quot;0&quot;,&quot;copyright&quot;:&quot;Copyright 2012&quot;,&quot;focal_length&quot;:&quot;0&quot;,&quot;iso&quot;:&quot;0&quot;,&quot;shutter_speed&quot;:&quot;0&quot;,&quot;title&quot;:&quot;&quot;,&quot;orientation&quot;:&quot;0&quot;}\" data-image-title=\"FOTO 2 MACARENA BLANCA TAPIA\" data-image-description=\"&lt;p&gt;Macarena Blanca Tapia, encargada de la Biblioteca P\u00fablica 126 San Felipe.&lt;\/p&gt; \" data-medium-file=\"https:\/\/i0.wp.com\/eltrabajo.cl\/portal\/wp-content\/uploads\/2016\/01\/FOTO-2-MACARENA-BLANCA-TAPIA.jpg?fit=300%2C197&#038;ssl=1\" data-large-file=\"https:\/\/i0.wp.com\/eltrabajo.cl\/portal\/wp-content\/uploads\/2016\/01\/FOTO-2-MACARENA-BLANCA-TAPIA.jpg?fit=530%2C348&#038;ssl=1\" src=\"https:\/\/i0.wp.com\/eltrabajo.cl\/portal\/wp-content\/uploads\/2016\/01\/FOTO-2-MACARENA-BLANCA-TAPIA.jpg?w=636&#038;h=418&#038;ssl=1\" srcset=\"https:\/\/i0.wp.com\/eltrabajo.cl\/portal\/wp-content\/uploads\/2016\/01\/FOTO-2-MACARENA-BLANCA-TAPIA.jpg?w=530&amp;ssl=1 530w, https:\/\/i0.wp.com\/eltrabajo.cl\/portal\/wp-content\/uploads\/2016\/01\/FOTO-2-MACARENA-BLANCA-TAPIA.jpg?resize=200%2C131&amp;ssl=1 200w, https:\/\/i0.wp.com\/eltrabajo.cl\/portal\/wp-content\/uploads\/2016\/01\/FOTO-2-MACARENA-BLANCA-TAPIA.jpg?resize=300%2C197&amp;ssl=1 300w, https:\/\/i0.wp.com\/eltrabajo.cl\/portal\/wp-content\/uploads\/2016\/01\/FOTO-2-MACARENA-BLANCA-TAPIA.jpg?resize=228%2C150&amp;ssl=1 228w, https:\/\/i0.wp.com\/eltrabajo.cl\/portal\/wp-content\/uploads\/2016\/01\/FOTO-2-MACARENA-BLANCA-TAPIA.jpg?resize=400%2C263&amp;ssl=1 400w\" width=\"636\" height=\"418\" loading=\"lazy\" data-original-width=\"636\" data-original-height=\"418\" itemprop=\"http:\/\/schema.org\/image\" title=\"FOTO 2 MACARENA BLANCA TAPIA\" alt=\"Macarena Blanca Tapia, encargada de la Biblioteca P\u00fablica 126 San Felipe.\" style=\"width: 636px; height: 418px;\" \/> <\/a> <div class=\"tiled-gallery-caption\" itemprop=\"caption description\"> Macarena Blanca Tapia, encargada de la Biblioteca P\u00fablica 126 San Felipe. <\/div> <\/div> <\/div> <!-- close group --> <\/div> <!-- close row --> <\/div>\n","protected":false},"excerpt":{"rendered":"<p>Centro de Atenci\u00f3n para hijos e hijas de madres temporeras participaron de novedosa iniciativa que pretende aumentar el abanico de actividades que desarrollan durante sus vacaciones. Un grupo de 30 ni\u00f1os de&#8230;<\/p>\n","protected":false},"author":482,"featured_media":66272,"comment_status":"open","ping_status":"open","sticky":false,"template":"","format":"standard","meta":{"advanced_seo_description":"","jetpack_seo_html_title":"","jetpack_seo_noindex":false,"_jetpack_memberships_contains_paid_content":false,"footnotes":""},"categories":[15],"tags":[],"class_list":["post-66271","post","type-post","status-publish","format-standard","has-post-thumbnail","hentry","category-comunidad"],"jetpack_featured_media_url":"https:\/\/i0.wp.com\/eltrabajo.cl\/portal\/wp-content\/uploads\/2016\/01\/FOTO-5-FELICES-SE-MOSTRARON-LOS.jpg?fit=530%2C349&ssl=1","jetpack_sharing_enabled":true,"jetpack_likes_enabled":true,"jetpack-related-posts":[],"_links":{"self":[{"href":"https:\/\/eltrabajo.cl\/portal\/wp-json\/wp\/v2\/posts\/66271","targetHints":{"allow":["GET"]}}],"collection":[{"href":"https:\/\/eltrabajo.cl\/portal\/wp-json\/wp\/v2\/posts"}],"about":[{"href":"https:\/\/eltrabajo.cl\/portal\/wp-json\/wp\/v2\/types\/post"}],"author":[{"embeddable":true,"href":"https:\/\/eltrabajo.cl\/portal\/wp-json\/wp\/v2\/users\/482"}],"replies":[{"embeddable":true,"href":"https:\/\/eltrabajo.cl\/portal\/wp-json\/wp\/v2\/comments?post=66271"}],"version-history":[{"count":0,"href":"https:\/\/eltrabajo.cl\/portal\/wp-json\/wp\/v2\/posts\/66271\/revisions"}],"wp:featuredmedia":[{"embeddable":true,"href":"https:\/\/eltrabajo.cl\/portal\/wp-json\/wp\/v2\/media\/66272"}],"wp:attachment":[{"href":"https:\/\/eltrabajo.cl\/portal\/wp-json\/wp\/v2\/media?parent=66271"}],"wp:term":[{"taxonomy":"category","embeddable":true,"href":"https:\/\/eltrabajo.cl\/portal\/wp-json\/wp\/v2\/categories?post=66271"},{"taxonomy":"post_tag","embeddable":true,"href":"https:\/\/eltrabajo.cl\/portal\/wp-json\/wp\/v2\/tags?post=66271"}],"curies":[{"name":"wp","href":"https:\/\/api.w.org\/{rel}","templated":true}]}}