{"id":66278,"date":"2016-01-29T09:40:22","date_gmt":"2016-01-29T12:40:22","guid":{"rendered":"http:\/\/www.eltrabajo.cl\/portal\/?p=66278"},"modified":"2016-01-29T09:40:22","modified_gmt":"2016-01-29T12:40:22","slug":"proyecto-internacional-permitira-mejoramiento-de-la-actividad-fruticola-de-aconcagua","status":"publish","type":"post","link":"https:\/\/eltrabajo.cl\/portal\/proyecto-internacional-permitira-mejoramiento-de-la-actividad-fruticola-de-aconcagua\/","title":{"rendered":"Proyecto internacional permitir\u00e1 mejoramiento de la actividad frut\u00edcola de Aconcagua"},"content":{"rendered":"<figure id=\"attachment_66279\" aria-describedby=\"caption-attachment-66279\" style=\"width: 300px\" class=\"wp-caption alignleft\"><img data-recalc-dims=\"1\" loading=\"lazy\" decoding=\"async\" class=\"wp-image-66279 size-medium\" src=\"https:\/\/i0.wp.com\/www.eltrabajo.cl\/portal\/wp-content\/uploads\/2016\/01\/proyecto-nueva-zelanda-sence-300x198.jpg?resize=300%2C198\" alt=\"El proyecto consiste en transferir el modelo de capacitaci\u00f3n neozeland\u00e9s a los trabajadores chilenos para mejorar las condiciones de empleabilidad y productividad.\" width=\"300\" height=\"198\" srcset=\"https:\/\/i0.wp.com\/eltrabajo.cl\/portal\/wp-content\/uploads\/2016\/01\/proyecto-nueva-zelanda-sence.jpg?resize=300%2C198&amp;ssl=1 300w, https:\/\/i0.wp.com\/eltrabajo.cl\/portal\/wp-content\/uploads\/2016\/01\/proyecto-nueva-zelanda-sence.jpg?resize=200%2C132&amp;ssl=1 200w, https:\/\/i0.wp.com\/eltrabajo.cl\/portal\/wp-content\/uploads\/2016\/01\/proyecto-nueva-zelanda-sence.jpg?resize=227%2C150&amp;ssl=1 227w, https:\/\/i0.wp.com\/eltrabajo.cl\/portal\/wp-content\/uploads\/2016\/01\/proyecto-nueva-zelanda-sence.jpg?resize=400%2C264&amp;ssl=1 400w, https:\/\/i0.wp.com\/eltrabajo.cl\/portal\/wp-content\/uploads\/2016\/01\/proyecto-nueva-zelanda-sence.jpg?w=530&amp;ssl=1 530w\" sizes=\"auto, (max-width: 300px) 100vw, 300px\" \/><figcaption id=\"caption-attachment-66279\" class=\"wp-caption-text\">El proyecto consiste en transferir el modelo de capacitaci\u00f3n neozeland\u00e9s a los trabajadores chilenos para mejorar las condiciones de empleabilidad y productividad.<\/figcaption><\/figure>\n<ul>\n<li><strong>Modelo neozeland\u00e9s estar\u00e1 disponible para productores gracias al convenio entre Sence, el Ministerio de Agricultura, municipio y Gobernaci\u00f3n de San Felipe.<\/strong><\/li>\n<\/ul>\n<p>La potencialidad agr\u00edcola del Valle del Aconcagua podr\u00e1 ser mejorada gracias a la concreci\u00f3n de un proyecto de mejoramiento de la actividad frut\u00edcola derivado de un convenio de cooperaci\u00f3n entre los Gobiernos de Nueva Zelanda y Chile firmado el 2013. Este consiste en transferir el modelo de capacitaci\u00f3n neozeland\u00e9s basado en el desarrollo de competencias laborales, que se caracteriza por la formaci\u00f3n en el lugar de trabajo, con un modelo te\u00f3rico-pr\u00e1ctico, que considera los conocimientos previos y experticia de los aprendices.<br \/>\nLa experiencia piloto de dos a\u00f1os permite ahora consolidar y ampliar el proyecto a medio centenar de productores, gracias a una alianza p\u00fablico-privada que involucra al Ministerio de Agricultura, al Ministerio del Trabajo a trav\u00e9s de Sence, municipio de San Felipe y Gobernaci\u00f3n local, m\u00e1s los productores frut\u00edcolas. Por ello, en el Sal\u00f3n de Honor del municipio de San Felipe se efectu\u00f3 un encuentro que formaliz\u00f3 esta alianza entre las autoridades representantes de ministerio y servicios, junto con los representantes locales, que abordaron las proyecciones de este modelo de formaci\u00f3n que busca integrarse permanentemente a la producci\u00f3n agr\u00edcola del valle.<br \/>\nEl director regional de Sence, Esteban Vega, destac\u00f3 la proyecci\u00f3n de este convenio, que tienen objetivos nacionales pues tambi\u00e9n se ejecuta en otras tres regiones. \u201cLo que nos interesa en el marco de este proyecto es traspasar esta formaci\u00f3n y conocer el modelo capital humano neozeland\u00e9s a trav\u00e9s de rutas formativas en el sector agr\u00edcola y ganadora y con ello mejorar las condiciones de empleabilidad y productividad\u201d, agreg\u00f3 el responsable regional de Sence.<br \/>\nEn tanto el gobernador de San Felipe, Eduardo Le\u00f3n, destac\u00f3 la rica cultura alimentaria surgida del Valle del Aconcagua, por lo que este convenio va en l\u00ednea con la historia local.<br \/>\n\u201cQueremos que el 2016 sea el a\u00f1o del desarrollo econ\u00f3mico, por lo que vamos a iniciar una ronda con productores del sector y de manera integral con el sector p\u00fablico, para encausar bien este modelo y expandirlo a otras \u00e1reas\u201d, puntualiz\u00f3 la m\u00e1xima autoridad de la provincia de San Felipe.<br \/>\nPreviamente, hace un par de semanas, estuvieron presentes representantes de la contraparte neozelandesa, quienes recogieron datos y antecedentes del piloto llevado a cabo en el valle del Aconcagua, para adaptar las nuevas l\u00edneas del proyecto en su versi\u00f3n 2016.<\/p>\n","protected":false},"excerpt":{"rendered":"<p>Modelo neozeland\u00e9s estar\u00e1 disponible para productores gracias al convenio entre Sence, el Ministerio de Agricultura, municipio y Gobernaci\u00f3n de San Felipe. La potencialidad agr\u00edcola del Valle del Aconcagua podr\u00e1 ser mejorada gracias&#8230;<\/p>\n","protected":false},"author":482,"featured_media":66279,"comment_status":"open","ping_status":"open","sticky":false,"template":"","format":"standard","meta":{"advanced_seo_description":"","jetpack_seo_html_title":"","jetpack_seo_noindex":false,"_jetpack_memberships_contains_paid_content":false,"footnotes":""},"categories":[1],"tags":[],"class_list":["post-66278","post","type-post","status-publish","format-standard","has-post-thumbnail","hentry","category-cronica"],"jetpack_featured_media_url":"https:\/\/i0.wp.com\/eltrabajo.cl\/portal\/wp-content\/uploads\/2016\/01\/proyecto-nueva-zelanda-sence.jpg?fit=530%2C350&ssl=1","jetpack_sharing_enabled":true,"jetpack_likes_enabled":true,"jetpack-related-posts":[],"_links":{"self":[{"href":"https:\/\/eltrabajo.cl\/portal\/wp-json\/wp\/v2\/posts\/66278","targetHints":{"allow":["GET"]}}],"collection":[{"href":"https:\/\/eltrabajo.cl\/portal\/wp-json\/wp\/v2\/posts"}],"about":[{"href":"https:\/\/eltrabajo.cl\/portal\/wp-json\/wp\/v2\/types\/post"}],"author":[{"embeddable":true,"href":"https:\/\/eltrabajo.cl\/portal\/wp-json\/wp\/v2\/users\/482"}],"replies":[{"embeddable":true,"href":"https:\/\/eltrabajo.cl\/portal\/wp-json\/wp\/v2\/comments?post=66278"}],"version-history":[{"count":0,"href":"https:\/\/eltrabajo.cl\/portal\/wp-json\/wp\/v2\/posts\/66278\/revisions"}],"wp:featuredmedia":[{"embeddable":true,"href":"https:\/\/eltrabajo.cl\/portal\/wp-json\/wp\/v2\/media\/66279"}],"wp:attachment":[{"href":"https:\/\/eltrabajo.cl\/portal\/wp-json\/wp\/v2\/media?parent=66278"}],"wp:term":[{"taxonomy":"category","embeddable":true,"href":"https:\/\/eltrabajo.cl\/portal\/wp-json\/wp\/v2\/categories?post=66278"},{"taxonomy":"post_tag","embeddable":true,"href":"https:\/\/eltrabajo.cl\/portal\/wp-json\/wp\/v2\/tags?post=66278"}],"curies":[{"name":"wp","href":"https:\/\/api.w.org\/{rel}","templated":true}]}}