{"id":66281,"date":"2016-01-29T09:42:27","date_gmt":"2016-01-29T12:42:27","guid":{"rendered":"http:\/\/www.eltrabajo.cl\/portal\/?p=66281"},"modified":"2016-01-29T09:42:27","modified_gmt":"2016-01-29T12:42:27","slug":"autoridades-visitan-predio-agricola-de-san-esteban-para-promover-trabajo-de-calidad-y-seguro","status":"publish","type":"post","link":"https:\/\/eltrabajo.cl\/portal\/autoridades-visitan-predio-agricola-de-san-esteban-para-promover-trabajo-de-calidad-y-seguro\/","title":{"rendered":"Autoridades visitan predio agr\u00edcola de San Esteban para promover trabajo de calidad y seguro"},"content":{"rendered":"<figure id=\"attachment_66282\" aria-describedby=\"caption-attachment-66282\" style=\"width: 300px\" class=\"wp-caption alignleft\"><img data-recalc-dims=\"1\" loading=\"lazy\" decoding=\"async\" class=\"wp-image-66282 size-medium\" src=\"https:\/\/i0.wp.com\/www.eltrabajo.cl\/portal\/wp-content\/uploads\/2016\/01\/Visita-predio-San-Esteban-6-300x198.jpg?resize=300%2C198\" alt=\"Diversas autoridades en compa\u00f1\u00eda del director regional del Injuv, visitaron el Fundo El Sauce, ubicado en el kil\u00f3metro 4 del Camino Internacional, en la comuna de San Esteban.\" width=\"300\" height=\"198\" srcset=\"https:\/\/i0.wp.com\/eltrabajo.cl\/portal\/wp-content\/uploads\/2016\/01\/Visita-predio-San-Esteban-6.jpg?resize=300%2C198&amp;ssl=1 300w, https:\/\/i0.wp.com\/eltrabajo.cl\/portal\/wp-content\/uploads\/2016\/01\/Visita-predio-San-Esteban-6.jpg?resize=200%2C132&amp;ssl=1 200w, https:\/\/i0.wp.com\/eltrabajo.cl\/portal\/wp-content\/uploads\/2016\/01\/Visita-predio-San-Esteban-6.jpg?resize=227%2C150&amp;ssl=1 227w, https:\/\/i0.wp.com\/eltrabajo.cl\/portal\/wp-content\/uploads\/2016\/01\/Visita-predio-San-Esteban-6.jpg?resize=400%2C264&amp;ssl=1 400w, https:\/\/i0.wp.com\/eltrabajo.cl\/portal\/wp-content\/uploads\/2016\/01\/Visita-predio-San-Esteban-6.jpg?w=530&amp;ssl=1 530w\" sizes=\"auto, (max-width: 300px) 100vw, 300px\" \/><figcaption id=\"caption-attachment-66282\" class=\"wp-caption-text\">Diversas autoridades en compa\u00f1\u00eda del director regional del Injuv, visitaron el Fundo El Sauce, ubicado en el kil\u00f3metro 4 del Camino Internacional, en la comuna de San Esteban.<\/figcaption><\/figure>\n<ul>\n<li><strong>La Seremi de la cartera, junto a los directores regionales del Trabajo e INJUV, visitaron el fundo El Sauce, en la comuna de San Esteban, donde hicieron un llamado a los empleadores a resguardar las condiciones laborales de quienes se desempe\u00f1an en empleos de temporada.<\/strong><\/li>\n<\/ul>\n<p><strong>SAN ESTEBAN<\/strong>.- Con un importante llamado a los empleadores del agro y a quienes se desempe\u00f1en en empleos de temporada, las autoridades del Trabajo en la regi\u00f3n, en compa\u00f1\u00eda del director regional del Instituto Nacional de la Juventud (Injuv), visitaron el Fundo El Sauce, ubicado en el kil\u00f3metro 4 del Camino Internacional, en la comuna de San Esteban, con el objetivo de promover el trabajo de calidad y decente en la regi\u00f3n, sobre todo en empleos que se realicen por la temporada estival.<br \/>\nEn la oportunidad, las autoridades visitaron las dependencias de un predio agr\u00edcola y un local de packing de frutas en la mencionada localidad de la Provincia de Los Andes, donde pudieron corroborar en terreno las condiciones laborales en que se desenvuelven los trabajadores, lugar en donde tambi\u00e9n se entregaron gorros legionarios y bloqueador solar para los temporeros.<br \/>\nTras la visita y comprobar que los trabajadores contaban con ba\u00f1os, agua y todos los implementos de seguridad necesarios para el desempe\u00f1o de su trabajo, la Seremi del Trabajo y Previsi\u00f3n Social, Karen Medina, realiz\u00f3 un llamado en terreno al empleador para garantizar el cumplimiento de sus obligaciones contractuales para garantizar que el trabajo sea de calidad durante esta temporada.<\/p>\n<figure id=\"attachment_66283\" aria-describedby=\"caption-attachment-66283\" style=\"width: 300px\" class=\"wp-caption alignright\"><img data-recalc-dims=\"1\" loading=\"lazy\" decoding=\"async\" class=\"wp-image-66283 size-medium\" src=\"https:\/\/i0.wp.com\/www.eltrabajo.cl\/portal\/wp-content\/uploads\/2016\/01\/Visita-predio-San-Esteban-1-300x198.jpg?resize=300%2C198\" alt=\"La visita tuvo como objetivo promover el trabajo de calidad y decente sobre todo en empleos que se realicen por la temporada estival.\" width=\"300\" height=\"198\" srcset=\"https:\/\/i0.wp.com\/eltrabajo.cl\/portal\/wp-content\/uploads\/2016\/01\/Visita-predio-San-Esteban-1.jpg?resize=300%2C198&amp;ssl=1 300w, https:\/\/i0.wp.com\/eltrabajo.cl\/portal\/wp-content\/uploads\/2016\/01\/Visita-predio-San-Esteban-1.jpg?resize=200%2C132&amp;ssl=1 200w, https:\/\/i0.wp.com\/eltrabajo.cl\/portal\/wp-content\/uploads\/2016\/01\/Visita-predio-San-Esteban-1.jpg?resize=227%2C150&amp;ssl=1 227w, https:\/\/i0.wp.com\/eltrabajo.cl\/portal\/wp-content\/uploads\/2016\/01\/Visita-predio-San-Esteban-1.jpg?resize=400%2C264&amp;ssl=1 400w, https:\/\/i0.wp.com\/eltrabajo.cl\/portal\/wp-content\/uploads\/2016\/01\/Visita-predio-San-Esteban-1.jpg?w=530&amp;ssl=1 530w\" sizes=\"auto, (max-width: 300px) 100vw, 300px\" \/><figcaption id=\"caption-attachment-66283\" class=\"wp-caption-text\">La visita tuvo como objetivo promover el trabajo de calidad y decente sobre todo en empleos que se realicen por la temporada estival.<\/figcaption><\/figure>\n<p>\u201cLo que buscamos por sobre todo, m\u00e1s que fiscalizar, es el cumplimiento de la ley en materia de trabajo agr\u00edcola sea un hecho, queremos que \u00e9ste sea un verano con trabajo de calidad, y que los trabajadores beneficiados con estos contratos, tengan la garant\u00eda de que lo que la ley establece en materia de igualdad de derecho y trabajo de calidad, se cumpla\u201d, afirm\u00f3 la autoridad laboral.<br \/>\nEn materia de fiscalizaci\u00f3n, el Director Regional del Trabajo, Jorge Andreucic, indic\u00f3 que se ha efectuado un programa a nivel regional que comenz\u00f3 en 2015, y que se extiende hasta la fecha, constatando el cumplimiento de la normativa en empleos de temporada. \u201cHasta el momento llevamos 45 empresas que han sido fiscalizadas, de ellas, el resultado ha sido de 35 sanciones, lo que es lamentable porque lo ideal es que las empresas cumplan. La mayor\u00eda de las infracciones han sido por incumplimiento de condiciones de higiene y seguridad y exceso de jornadas, que suman en t\u00e9rminos monetarios, hasta el momento, 22 millones de pesos. Estas fiscalizaciones han involucrado a 388 hombres y 374 mujeres\u201d, reconoci\u00f3.<br \/>\nAl hablar de faenas agr\u00edcolas, como de locales de packing de frutas, la mano de obra juvenil se hace presente de manera considerable. Por eso es que el Director Regional de Injuv, Christian Rom\u00e1n, tambi\u00e9n adhiri\u00f3 a esta campa\u00f1a para difundir los derechos laborales de j\u00f3venes y adolescentes. \u201cTienen que tener contrato; autorizaci\u00f3n de los padres, en caso de que sean menores de edad; este contrato debe ser avisado en la Inspecci\u00f3n del Trabajo, y los menores de 15 a\u00f1os no pueden trabajar, por lo tanto, para nosotros es sumamente importante poder promover en todas las \u00e1reas: en las universidades, en colegios, y principalmente en las familias, sobre los derechos laborales de los j\u00f3venes para que ellos sepan, pero tambi\u00e9n, haciendo un llamado a los empleadores para que cumplan la ley\u201d.<\/p>\n","protected":false},"excerpt":{"rendered":"<p>La Seremi de la cartera, junto a los directores regionales del Trabajo e INJUV, visitaron el fundo El Sauce, en la comuna de San Esteban, donde hicieron un llamado a los empleadores&#8230;<\/p>\n","protected":false},"author":482,"featured_media":66282,"comment_status":"open","ping_status":"open","sticky":false,"template":"","format":"standard","meta":{"advanced_seo_description":"","jetpack_seo_html_title":"","jetpack_seo_noindex":false,"_jetpack_memberships_contains_paid_content":false,"footnotes":""},"categories":[1],"tags":[],"class_list":["post-66281","post","type-post","status-publish","format-standard","has-post-thumbnail","hentry","category-cronica"],"jetpack_featured_media_url":"https:\/\/i0.wp.com\/eltrabajo.cl\/portal\/wp-content\/uploads\/2016\/01\/Visita-predio-San-Esteban-6.jpg?fit=530%2C350&ssl=1","jetpack_sharing_enabled":true,"jetpack_likes_enabled":true,"jetpack-related-posts":[],"_links":{"self":[{"href":"https:\/\/eltrabajo.cl\/portal\/wp-json\/wp\/v2\/posts\/66281","targetHints":{"allow":["GET"]}}],"collection":[{"href":"https:\/\/eltrabajo.cl\/portal\/wp-json\/wp\/v2\/posts"}],"about":[{"href":"https:\/\/eltrabajo.cl\/portal\/wp-json\/wp\/v2\/types\/post"}],"author":[{"embeddable":true,"href":"https:\/\/eltrabajo.cl\/portal\/wp-json\/wp\/v2\/users\/482"}],"replies":[{"embeddable":true,"href":"https:\/\/eltrabajo.cl\/portal\/wp-json\/wp\/v2\/comments?post=66281"}],"version-history":[{"count":0,"href":"https:\/\/eltrabajo.cl\/portal\/wp-json\/wp\/v2\/posts\/66281\/revisions"}],"wp:featuredmedia":[{"embeddable":true,"href":"https:\/\/eltrabajo.cl\/portal\/wp-json\/wp\/v2\/media\/66282"}],"wp:attachment":[{"href":"https:\/\/eltrabajo.cl\/portal\/wp-json\/wp\/v2\/media?parent=66281"}],"wp:term":[{"taxonomy":"category","embeddable":true,"href":"https:\/\/eltrabajo.cl\/portal\/wp-json\/wp\/v2\/categories?post=66281"},{"taxonomy":"post_tag","embeddable":true,"href":"https:\/\/eltrabajo.cl\/portal\/wp-json\/wp\/v2\/tags?post=66281"}],"curies":[{"name":"wp","href":"https:\/\/api.w.org\/{rel}","templated":true}]}}