{"id":66288,"date":"2016-01-29T09:45:38","date_gmt":"2016-01-29T12:45:38","guid":{"rendered":"http:\/\/www.eltrabajo.cl\/portal\/?p=66288"},"modified":"2016-01-29T09:45:38","modified_gmt":"2016-01-29T12:45:38","slug":"certifican-a-57-personas-que-participaron-en-programa-yo-emprendo-de-san-felipe","status":"publish","type":"post","link":"https:\/\/eltrabajo.cl\/portal\/certifican-a-57-personas-que-participaron-en-programa-yo-emprendo-de-san-felipe\/","title":{"rendered":"Certifican a 57 personas que participaron en programa \u2018Yo Emprendo\u2019 de San Felipe"},"content":{"rendered":"<figure id=\"attachment_66289\" aria-describedby=\"caption-attachment-66289\" style=\"width: 300px\" class=\"wp-caption alignleft\"><img data-recalc-dims=\"1\" loading=\"lazy\" decoding=\"async\" class=\"wp-image-66289 size-medium\" src=\"https:\/\/i0.wp.com\/www.eltrabajo.cl\/portal\/wp-content\/uploads\/2016\/01\/Certificacion-Yo-Emprendo-300x198.jpg?resize=300%2C198\" alt=\"En la emotiva certificaci\u00f3n estuvo presente el gobernador Eduardo Le\u00f3n junto a algunos de los 57 beneficiados.\" width=\"300\" height=\"198\" srcset=\"https:\/\/i0.wp.com\/eltrabajo.cl\/portal\/wp-content\/uploads\/2016\/01\/Certificacion-Yo-Emprendo.jpg?resize=300%2C198&amp;ssl=1 300w, https:\/\/i0.wp.com\/eltrabajo.cl\/portal\/wp-content\/uploads\/2016\/01\/Certificacion-Yo-Emprendo.jpg?resize=200%2C132&amp;ssl=1 200w, https:\/\/i0.wp.com\/eltrabajo.cl\/portal\/wp-content\/uploads\/2016\/01\/Certificacion-Yo-Emprendo.jpg?resize=228%2C150&amp;ssl=1 228w, https:\/\/i0.wp.com\/eltrabajo.cl\/portal\/wp-content\/uploads\/2016\/01\/Certificacion-Yo-Emprendo.jpg?resize=400%2C263&amp;ssl=1 400w, https:\/\/i0.wp.com\/eltrabajo.cl\/portal\/wp-content\/uploads\/2016\/01\/Certificacion-Yo-Emprendo.jpg?w=530&amp;ssl=1 530w\" sizes=\"auto, (max-width: 300px) 100vw, 300px\" \/><figcaption id=\"caption-attachment-66289\" class=\"wp-caption-text\">En la emotiva certificaci\u00f3n estuvo presente el gobernador Eduardo Le\u00f3n junto a algunos de los 57 beneficiados.<\/figcaption><\/figure>\n<ul>\n<li><strong>El programa entreg\u00f3 un aporte de 500 mil pesos a 57 usuarios de las comunas de San Felipe, Putaendo, Santa Mar\u00eda, Panquehue, Catemu y Llay Llay, que ellos complementaron con un capital inicial de 50 mil pesos.<\/strong><\/li>\n<\/ul>\n<p>Mar\u00eda Cristina G\u00f3mez, es una de las 57 personas que recibieron su certificado que acredita su paso por el programa \u2018Yo Emprendo\u2019 nivel avanzado del Fosis, que entrega apoyo y capacitaci\u00f3n para peque\u00f1os empresarios, que en el caso de esta mujer, se trata de un negocio de comida para mascotas y semiller\u00eda, el que ha podido ir mejorando de la mano de este, que permite fortalecer su pyme.<br \/>\nMar\u00eda Cristina relata que fue una experiencia \u201cmaravillosa, en cuanto a conocimiento, en cuanto a monetario, lo que realmente nosotros logramos conseguir, lo que logramos avanzar, pucha, ojal\u00e1 esto siga por siempre ayudando a todos los peque\u00f1os emprendedores, que estamos inici\u00e1ndonos en este rubro, para servicio de la comunidad misma y muy, muy agradecida de los profesores, de ustedes, de Fosis, por toda la oportunidad que nos dieron de participar en este curso, que fue maravilloso y yo me siento muy feliz, estaba muy emocionada reci\u00e9n, casi empiezo a tener un poquito de l\u00e1grimas porque no me imaginaba que yo iba a poder emprender sobre todo en mi negocio porque ten\u00eda piso de tabla y lo veo ahora y pucha, s\u00ed se puede.\u201d<br \/>\nEn la ceremonia estuvo presente el gobernador Eduardo Le\u00f3n, quien rescata el trabajo que se ha venido realizando en la zona con las pymes y con los esfuerzos personales de emprendedores.<br \/>\nEn tanto el Director regional del Fosis, Marcelo Aguilar coment\u00f3 que se vienen nuevos desaf\u00edos para la provincia durante el 2016 \u201cpara nosotros este paso es muy importante porque significa seguir orient\u00e1ndolos para que sigan avanzando en su emprendimiento, que sigan en un futuro no muy lejano, d\u00e1ndole trabajo a compatriotas y por eso el Fosis hoy est\u00e1 contento de certificarlos, agradecemos la disposici\u00f3n del trabajo que hemos tenido con las municipalidades, con la gobernaci\u00f3n que han sido fundamentales para el \u00e9xito de este proyecto y decir que Fosis va a seguir trabajando desde la inversi\u00f3n definitiva para el 2016 con las comunas de esta provincia, estamos definiendo programas emblem\u00e1ticos como los de emprendimiento, as\u00ed que estaremos avisando cuando vengan las postulaciones en el mes de marzo, ya prontamente ac\u00e1 en la provincia\u201d.<br \/>\nCabe se\u00f1alar que el programa yo Emprendo Avanzado, entreg\u00f3 un aporte de $500 mil pesos a 57 usuarios de la comunas de San Felipe, Putaendo, Santa Mar\u00eda, Panquehue, Catemu y LlayLlay, que ellos complementaron con un capital inicial de $50 mil pesos.<\/p>\n","protected":false},"excerpt":{"rendered":"<p>El programa entreg\u00f3 un aporte de 500 mil pesos a 57 usuarios de las comunas de San Felipe, Putaendo, Santa Mar\u00eda, Panquehue, Catemu y Llay Llay, que ellos complementaron con un capital&#8230;<\/p>\n","protected":false},"author":482,"featured_media":66289,"comment_status":"open","ping_status":"open","sticky":false,"template":"","format":"standard","meta":{"advanced_seo_description":"","jetpack_seo_html_title":"","jetpack_seo_noindex":false,"_jetpack_memberships_contains_paid_content":false,"footnotes":""},"categories":[15],"tags":[],"class_list":["post-66288","post","type-post","status-publish","format-standard","has-post-thumbnail","hentry","category-comunidad"],"jetpack_featured_media_url":"https:\/\/i0.wp.com\/eltrabajo.cl\/portal\/wp-content\/uploads\/2016\/01\/Certificacion-Yo-Emprendo.jpg?fit=530%2C349&ssl=1","jetpack_sharing_enabled":true,"jetpack_likes_enabled":true,"jetpack-related-posts":[],"_links":{"self":[{"href":"https:\/\/eltrabajo.cl\/portal\/wp-json\/wp\/v2\/posts\/66288","targetHints":{"allow":["GET"]}}],"collection":[{"href":"https:\/\/eltrabajo.cl\/portal\/wp-json\/wp\/v2\/posts"}],"about":[{"href":"https:\/\/eltrabajo.cl\/portal\/wp-json\/wp\/v2\/types\/post"}],"author":[{"embeddable":true,"href":"https:\/\/eltrabajo.cl\/portal\/wp-json\/wp\/v2\/users\/482"}],"replies":[{"embeddable":true,"href":"https:\/\/eltrabajo.cl\/portal\/wp-json\/wp\/v2\/comments?post=66288"}],"version-history":[{"count":0,"href":"https:\/\/eltrabajo.cl\/portal\/wp-json\/wp\/v2\/posts\/66288\/revisions"}],"wp:featuredmedia":[{"embeddable":true,"href":"https:\/\/eltrabajo.cl\/portal\/wp-json\/wp\/v2\/media\/66289"}],"wp:attachment":[{"href":"https:\/\/eltrabajo.cl\/portal\/wp-json\/wp\/v2\/media?parent=66288"}],"wp:term":[{"taxonomy":"category","embeddable":true,"href":"https:\/\/eltrabajo.cl\/portal\/wp-json\/wp\/v2\/categories?post=66288"},{"taxonomy":"post_tag","embeddable":true,"href":"https:\/\/eltrabajo.cl\/portal\/wp-json\/wp\/v2\/tags?post=66288"}],"curies":[{"name":"wp","href":"https:\/\/api.w.org\/{rel}","templated":true}]}}