{"id":66291,"date":"2016-01-29T09:47:36","date_gmt":"2016-01-29T12:47:36","guid":{"rendered":"http:\/\/www.eltrabajo.cl\/portal\/?p=66291"},"modified":"2016-01-29T09:47:36","modified_gmt":"2016-01-29T12:47:36","slug":"municipio-atendera-este-viernes-29-de-enero-y-lunes-1-de-febrero-por-pago-de-patentes-municipales","status":"publish","type":"post","link":"https:\/\/eltrabajo.cl\/portal\/municipio-atendera-este-viernes-29-de-enero-y-lunes-1-de-febrero-por-pago-de-patentes-municipales\/","title":{"rendered":"Municipio atender\u00e1 este viernes 29 de enero y lunes 1 de febrero por pago de patentes municipales"},"content":{"rendered":"<figure id=\"attachment_66292\" aria-describedby=\"caption-attachment-66292\" style=\"width: 300px\" class=\"wp-caption alignleft\"><img data-recalc-dims=\"1\" loading=\"lazy\" decoding=\"async\" class=\"wp-image-66292 size-medium\" src=\"https:\/\/i0.wp.com\/www.eltrabajo.cl\/portal\/wp-content\/uploads\/2016\/01\/margarita-guerra-300x198.jpg?resize=300%2C198\" alt=\"Margarita Guerra, jefa del departamento de Rentas de la Municipalidad de San Felipe. \" width=\"300\" height=\"198\" srcset=\"https:\/\/i0.wp.com\/eltrabajo.cl\/portal\/wp-content\/uploads\/2016\/01\/margarita-guerra.jpg?resize=300%2C198&amp;ssl=1 300w, https:\/\/i0.wp.com\/eltrabajo.cl\/portal\/wp-content\/uploads\/2016\/01\/margarita-guerra.jpg?resize=200%2C132&amp;ssl=1 200w, https:\/\/i0.wp.com\/eltrabajo.cl\/portal\/wp-content\/uploads\/2016\/01\/margarita-guerra.jpg?resize=227%2C150&amp;ssl=1 227w, https:\/\/i0.wp.com\/eltrabajo.cl\/portal\/wp-content\/uploads\/2016\/01\/margarita-guerra.jpg?resize=400%2C264&amp;ssl=1 400w, https:\/\/i0.wp.com\/eltrabajo.cl\/portal\/wp-content\/uploads\/2016\/01\/margarita-guerra.jpg?w=530&amp;ssl=1 530w\" sizes=\"auto, (max-width: 300px) 100vw, 300px\" \/><figcaption id=\"caption-attachment-66292\" class=\"wp-caption-text\">Margarita Guerra, jefa del departamento de Rentas de la Municipalidad de San Felipe.<\/figcaption><\/figure>\n<ul>\n<li><strong>Funcionarios atender\u00e1n entre las 8 y las 19:00 horas en ambos d\u00edas para entregar mayores facilidades a los contribuyentes<\/strong><\/li>\n<\/ul>\n<p>Ante el pr\u00f3ximo vencimiento del pago de la renovaci\u00f3n de patentes municipales que ser\u00e1 el lunes 1 de febrero, la Municipalidad de San Felipe ha dispuesto la realizaci\u00f3n de turnos especiales de atenci\u00f3n al p\u00fablico para este viernes 29 de enero y lunes 1 de febrero.<br \/>\nAs\u00ed lo dio a conocer la jefa del departamento de Rentas del municipio sanfelipe\u00f1o, Margarita Guerra, quien explic\u00f3 que la fecha de vencimiento es el 31 de enero, pero este a\u00f1o al no ser un d\u00eda h\u00e1bil, se traslada al lunes siguiente, por lo que el municipio ha dispuesto atender en horario continuado, de 8 a 19 horas tanto este viernes 29 de enero como el lunes 1 de febrero, dando as\u00ed mayores facilidades a los contribuyentes.<br \/>\nEse d\u00eda deben ser renovadas las patentes comerciales, profesionales, de alcoholes, ferias libres, microempresas e industriales, por ello el llamado es a acercarse hasta el edificio consistorial y cumplir con el tr\u00e1mite.<br \/>\n\u201cEl llamado a las personas es a que concurran a cumplir con esta obligaci\u00f3n para evitar despu\u00e9s ser citados o infraccionados. Distribuimos los avisos de valores de patentes y si alguien no lo recibi\u00f3, puede llamar directamente al departamento de Rentas donde se dar\u00e1 el valor\u201d, se\u00f1al\u00f3 la jefa del departamento.<br \/>\nY agreg\u00f3 que aunque el proceso en principio se desarroll\u00f3 con lentitud, con el paso de los d\u00edas los contribuyentes se acercaron a cancelar, desarroll\u00e1ndose el proceso con bastante normalidad, aunque se espera que, el 15% de morosidad que se ha presentado en a\u00f1os anteriores, este 2016 sea bastante menor.<br \/>\nMargarita Guerra se\u00f1al\u00f3 adem\u00e1s que aquellos comerciantes que no renueven su patente, ser\u00e1n citados por los inspectores municipales, se les har\u00e1 una cobranza administrativa, que deben cancelar en Tesorer\u00eda municipal y en caso de que no cumplan con esa instancia, se exponen a otras sanciones, como por ejemplo ser citados al Juzgado de Polic\u00eda Local, con la correspondiente multa.<\/p>\n","protected":false},"excerpt":{"rendered":"<p>Funcionarios atender\u00e1n entre las 8 y las 19:00 horas en ambos d\u00edas para entregar mayores facilidades a los contribuyentes Ante el pr\u00f3ximo vencimiento del pago de la renovaci\u00f3n de patentes municipales que&#8230;<\/p>\n","protected":false},"author":482,"featured_media":66292,"comment_status":"open","ping_status":"open","sticky":false,"template":"","format":"standard","meta":{"advanced_seo_description":"","jetpack_seo_html_title":"","jetpack_seo_noindex":false,"_jetpack_memberships_contains_paid_content":false,"footnotes":""},"categories":[1],"tags":[],"class_list":["post-66291","post","type-post","status-publish","format-standard","has-post-thumbnail","hentry","category-cronica"],"jetpack_featured_media_url":"https:\/\/i0.wp.com\/eltrabajo.cl\/portal\/wp-content\/uploads\/2016\/01\/margarita-guerra.jpg?fit=530%2C350&ssl=1","jetpack_sharing_enabled":true,"jetpack_likes_enabled":true,"jetpack-related-posts":[],"_links":{"self":[{"href":"https:\/\/eltrabajo.cl\/portal\/wp-json\/wp\/v2\/posts\/66291","targetHints":{"allow":["GET"]}}],"collection":[{"href":"https:\/\/eltrabajo.cl\/portal\/wp-json\/wp\/v2\/posts"}],"about":[{"href":"https:\/\/eltrabajo.cl\/portal\/wp-json\/wp\/v2\/types\/post"}],"author":[{"embeddable":true,"href":"https:\/\/eltrabajo.cl\/portal\/wp-json\/wp\/v2\/users\/482"}],"replies":[{"embeddable":true,"href":"https:\/\/eltrabajo.cl\/portal\/wp-json\/wp\/v2\/comments?post=66291"}],"version-history":[{"count":0,"href":"https:\/\/eltrabajo.cl\/portal\/wp-json\/wp\/v2\/posts\/66291\/revisions"}],"wp:featuredmedia":[{"embeddable":true,"href":"https:\/\/eltrabajo.cl\/portal\/wp-json\/wp\/v2\/media\/66292"}],"wp:attachment":[{"href":"https:\/\/eltrabajo.cl\/portal\/wp-json\/wp\/v2\/media?parent=66291"}],"wp:term":[{"taxonomy":"category","embeddable":true,"href":"https:\/\/eltrabajo.cl\/portal\/wp-json\/wp\/v2\/categories?post=66291"},{"taxonomy":"post_tag","embeddable":true,"href":"https:\/\/eltrabajo.cl\/portal\/wp-json\/wp\/v2\/tags?post=66291"}],"curies":[{"name":"wp","href":"https:\/\/api.w.org\/{rel}","templated":true}]}}