{"id":66294,"date":"2016-01-29T09:48:52","date_gmt":"2016-01-29T12:48:52","guid":{"rendered":"http:\/\/www.eltrabajo.cl\/portal\/?p=66294"},"modified":"2016-01-29T09:48:52","modified_gmt":"2016-01-29T12:48:52","slug":"benefician-a-47-familias-de-catemu-con-entrega-de-estanques-acumuladores","status":"publish","type":"post","link":"https:\/\/eltrabajo.cl\/portal\/benefician-a-47-familias-de-catemu-con-entrega-de-estanques-acumuladores\/","title":{"rendered":"Benefician a 47 familias de Catemu con entrega de estanques acumuladores"},"content":{"rendered":"<figure id=\"attachment_66295\" aria-describedby=\"caption-attachment-66295\" style=\"width: 300px\" class=\"wp-caption alignleft\"><img data-recalc-dims=\"1\" loading=\"lazy\" decoding=\"async\" class=\"wp-image-66295 size-medium\" src=\"https:\/\/i0.wp.com\/www.eltrabajo.cl\/portal\/wp-content\/uploads\/2016\/01\/Estanques-acumuladores-Catemu-300x198.jpg?resize=300%2C198\" alt=\"El gobernador Eduardo Le\u00f3n haciendo entrega de estanques acumuladores que beneficiar\u00e1n a m\u00e1s de 40 familias cateminas que viven en sectores alejados de la comuna.\" width=\"300\" height=\"198\" srcset=\"https:\/\/i0.wp.com\/eltrabajo.cl\/portal\/wp-content\/uploads\/2016\/01\/Estanques-acumuladores-Catemu.jpg?resize=300%2C198&amp;ssl=1 300w, https:\/\/i0.wp.com\/eltrabajo.cl\/portal\/wp-content\/uploads\/2016\/01\/Estanques-acumuladores-Catemu.jpg?resize=200%2C132&amp;ssl=1 200w, https:\/\/i0.wp.com\/eltrabajo.cl\/portal\/wp-content\/uploads\/2016\/01\/Estanques-acumuladores-Catemu.jpg?resize=227%2C150&amp;ssl=1 227w, https:\/\/i0.wp.com\/eltrabajo.cl\/portal\/wp-content\/uploads\/2016\/01\/Estanques-acumuladores-Catemu.jpg?resize=400%2C264&amp;ssl=1 400w, https:\/\/i0.wp.com\/eltrabajo.cl\/portal\/wp-content\/uploads\/2016\/01\/Estanques-acumuladores-Catemu.jpg?w=530&amp;ssl=1 530w\" sizes=\"auto, (max-width: 300px) 100vw, 300px\" \/><figcaption id=\"caption-attachment-66295\" class=\"wp-caption-text\">El gobernador Eduardo Le\u00f3n haciendo entrega de estanques acumuladores que beneficiar\u00e1n a m\u00e1s de 40 familias cateminas que viven en sectores alejados de la comuna.<\/figcaption><\/figure>\n<ul>\n<li><strong>La inversi\u00f3n de casi $3 millones, se logr\u00f3 gracias a los fondos que el Ministerio del Interior dispone para enfrentar emergencias.<\/strong><\/li>\n<\/ul>\n<p><strong>CATEMU.<\/strong>&#8211; Con una inversi\u00f3n cercana a los 3 millones de pesos, la Gobernaci\u00f3n de San Felipe entreg\u00f3 47 estanques acumuladores a la Municipalidad de Catemu para ir en apoyo de las familias que se encuentran en sectores alejados de la comuna, que no cuentan con el suministro de agua potable y que son abastecidas mediante cami\u00f3n aljibes.<br \/>\nEsto se logr\u00f3 gracias a un incesante trabajo que la Gobernaci\u00f3n ha desarrollado durante el 2014 y 2015, y lo que contin\u00faa este 2016, junto a los municipios y los equipos de emergencia, donde se ha logrado identificar las zonas que presentan mayores complicaciones con respecto a este \u00edtem.<br \/>\nEn la oportunidad, el Gobernador Eduardo Le\u00f3n, se\u00f1al\u00f3 que \u201choy, al entregarle estos estanques a la municipalidad, hay una respuesta mucho m\u00e1s r\u00e1pida a las emergencias. Lo principal son los vecinos y que tengan un normal abastecimiento de agua a la brevedad y esto se ha logrado gracias a las constante y permanente coordinaci\u00f3n que hemos mantenido con las oficinas de emergencias\u201d, puntualiz\u00f3 la m\u00e1xima autoridad provincial.<br \/>\nPor su parte, el alcalde (s) de Catemu, Mario Silva, inform\u00f3 que \u201chace tiempo que hemos trabajando con la Gobernaci\u00f3n y los estanques eran una necesidad que la hicimos saber en distintas reuniones, por lo que estamos muy contentos que se haya logrado satisfacer esta necesidad, gracias a la concreci\u00f3n de estos acumuladores\u201d.<br \/>\nEn tanto, el alcalde Protocolar, concejal Claudio N\u00fa\u00f1ez, sostuvo que \u201cestos acumuladores sin duda, ser\u00e1n un aporte para las familias que lo requieran. Esta coordinaci\u00f3n permite prevenir todo lo que sucede con las emergencias, estamos en verano, por lo que la anticipaci\u00f3n es fundamental para atender de la mejor manera a las familias de Catemu\u201d.<br \/>\nCabe destacar, que la inversi\u00f3n de estos estanques-28 de mil litros y 19 de 500 litros- se logr\u00f3 gracias a fondos destinados por el Ministerio del Interior para enfrentar posibles efectos del verano.<\/p>\n","protected":false},"excerpt":{"rendered":"<p>La inversi\u00f3n de casi $3 millones, se logr\u00f3 gracias a los fondos que el Ministerio del Interior dispone para enfrentar emergencias. CATEMU.&#8211; Con una inversi\u00f3n cercana a los 3 millones de pesos,&#8230;<\/p>\n","protected":false},"author":482,"featured_media":66295,"comment_status":"open","ping_status":"open","sticky":false,"template":"","format":"standard","meta":{"advanced_seo_description":"","jetpack_seo_html_title":"","jetpack_seo_noindex":false,"_jetpack_memberships_contains_paid_content":false,"footnotes":""},"categories":[15],"tags":[],"class_list":["post-66294","post","type-post","status-publish","format-standard","has-post-thumbnail","hentry","category-comunidad"],"jetpack_featured_media_url":"https:\/\/i0.wp.com\/eltrabajo.cl\/portal\/wp-content\/uploads\/2016\/01\/Estanques-acumuladores-Catemu.jpg?fit=530%2C350&ssl=1","jetpack_sharing_enabled":true,"jetpack_likes_enabled":true,"jetpack-related-posts":[],"_links":{"self":[{"href":"https:\/\/eltrabajo.cl\/portal\/wp-json\/wp\/v2\/posts\/66294","targetHints":{"allow":["GET"]}}],"collection":[{"href":"https:\/\/eltrabajo.cl\/portal\/wp-json\/wp\/v2\/posts"}],"about":[{"href":"https:\/\/eltrabajo.cl\/portal\/wp-json\/wp\/v2\/types\/post"}],"author":[{"embeddable":true,"href":"https:\/\/eltrabajo.cl\/portal\/wp-json\/wp\/v2\/users\/482"}],"replies":[{"embeddable":true,"href":"https:\/\/eltrabajo.cl\/portal\/wp-json\/wp\/v2\/comments?post=66294"}],"version-history":[{"count":0,"href":"https:\/\/eltrabajo.cl\/portal\/wp-json\/wp\/v2\/posts\/66294\/revisions"}],"wp:featuredmedia":[{"embeddable":true,"href":"https:\/\/eltrabajo.cl\/portal\/wp-json\/wp\/v2\/media\/66295"}],"wp:attachment":[{"href":"https:\/\/eltrabajo.cl\/portal\/wp-json\/wp\/v2\/media?parent=66294"}],"wp:term":[{"taxonomy":"category","embeddable":true,"href":"https:\/\/eltrabajo.cl\/portal\/wp-json\/wp\/v2\/categories?post=66294"},{"taxonomy":"post_tag","embeddable":true,"href":"https:\/\/eltrabajo.cl\/portal\/wp-json\/wp\/v2\/tags?post=66294"}],"curies":[{"name":"wp","href":"https:\/\/api.w.org\/{rel}","templated":true}]}}