{"id":66297,"date":"2016-01-29T09:50:24","date_gmt":"2016-01-29T12:50:24","guid":{"rendered":"http:\/\/www.eltrabajo.cl\/portal\/?p=66297"},"modified":"2016-01-29T09:50:24","modified_gmt":"2016-01-29T12:50:24","slug":"agendan-nueva-fecha-para-realizacion-de-juicio-de-femicidio-de-rosa-galdamez","status":"publish","type":"post","link":"https:\/\/eltrabajo.cl\/portal\/agendan-nueva-fecha-para-realizacion-de-juicio-de-femicidio-de-rosa-galdamez\/","title":{"rendered":"Agendan nueva fecha para realizaci\u00f3n de juicio de femicidio de Rosa Gald\u00e1mez"},"content":{"rendered":"<figure id=\"attachment_66298\" aria-describedby=\"caption-attachment-66298\" style=\"width: 300px\" class=\"wp-caption alignleft\"><img data-recalc-dims=\"1\" loading=\"lazy\" decoding=\"async\" class=\"wp-image-66298 size-medium\" src=\"https:\/\/i0.wp.com\/www.eltrabajo.cl\/portal\/wp-content\/uploads\/2016\/01\/rosa-galdamez-300x198.jpg?resize=300%2C198\" alt=\"Rosa Gald\u00e1mez Montenegro ten\u00eda 54 a\u00f1os y falleci\u00f3 v\u00edctima de dos pu\u00f1aladas en su cabeza aparentemente por su pareja, Ricardo Gallardo Fuentes quien enfrentar\u00e1 a la justicia este 30 de marzo.\" width=\"300\" height=\"198\" srcset=\"https:\/\/i0.wp.com\/eltrabajo.cl\/portal\/wp-content\/uploads\/2016\/01\/rosa-galdamez.jpg?resize=300%2C198&amp;ssl=1 300w, https:\/\/i0.wp.com\/eltrabajo.cl\/portal\/wp-content\/uploads\/2016\/01\/rosa-galdamez.jpg?resize=200%2C132&amp;ssl=1 200w, https:\/\/i0.wp.com\/eltrabajo.cl\/portal\/wp-content\/uploads\/2016\/01\/rosa-galdamez.jpg?resize=228%2C150&amp;ssl=1 228w, https:\/\/i0.wp.com\/eltrabajo.cl\/portal\/wp-content\/uploads\/2016\/01\/rosa-galdamez.jpg?resize=400%2C263&amp;ssl=1 400w, https:\/\/i0.wp.com\/eltrabajo.cl\/portal\/wp-content\/uploads\/2016\/01\/rosa-galdamez.jpg?w=530&amp;ssl=1 530w\" sizes=\"auto, (max-width: 300px) 100vw, 300px\" \/><figcaption id=\"caption-attachment-66298\" class=\"wp-caption-text\">Rosa Gald\u00e1mez Montenegro ten\u00eda 54 a\u00f1os y falleci\u00f3 v\u00edctima de dos pu\u00f1aladas en su cabeza aparentemente por su pareja, Ricardo Gallardo Fuentes quien enfrentar\u00e1 a la justicia este 30 de marzo.<\/figcaption><\/figure>\n<p>Para este mi\u00e9rcoles 30 de marzo se reagend\u00f3 la realizaci\u00f3n del juicio oral por el femicidio de Rosa Gald\u00e1mez, fallecida en la comuna de Llay Llay. El proceso judicial que se llevar\u00eda a cabo desde este lunes, debi\u00f3 ser suspendido tras la ausencia de un importante testimonio de una perito presentada por la Fiscal\u00eda que elev\u00f3 una licencia m\u00e9dica.<br \/>\nA ra\u00edz de estas circunstancias el Tribunal Oral en Lo Penal de San Felipe, estim\u00f3 asignar una nueva fecha para dar curso a este juicio de homicidio ocurrido el 25 de febrero del 2014. La Fiscal\u00eda acusa al imputado Ricardo Trist\u00e1n Gallardo Fuentes, quien habr\u00eda dado muerte a su pareja Rosa Del Tr\u00e1nsito Gald\u00e1mez Montenegro de 54 a\u00f1os de edad.<br \/>\nEl crimen habr\u00eda quedado al descubierto cuando el acusado habr\u00eda sostenido una discusi\u00f3n con la mujer que result\u00f3 herida de dos pu\u00f1aladas en la cabeza, lo que le cost\u00f3 la vida al interior de su domicilio en la villa El Salitre de la comuna de Llay Llay.<br \/>\nEn aquella ocasi\u00f3n el imputado se entreg\u00f3 voluntariamente a Carabineros de la Tenencia de la comuna de Catemu, confesando la autor\u00eda de los hechos que posteriormente fueron confirmados por la polic\u00eda cuando se hall\u00f3 a la v\u00edctima fallecida en el lugar con las lesiones mortales en su cabeza.<br \/>\n<strong>Pablo Salinas Sald\u00edas<\/strong><\/p>\n","protected":false},"excerpt":{"rendered":"<p>Para este mi\u00e9rcoles 30 de marzo se reagend\u00f3 la realizaci\u00f3n del juicio oral por el femicidio de Rosa Gald\u00e1mez, fallecida en la comuna de Llay Llay. El proceso judicial que se llevar\u00eda&#8230;<\/p>\n","protected":false},"author":482,"featured_media":66298,"comment_status":"open","ping_status":"open","sticky":false,"template":"","format":"standard","meta":{"advanced_seo_description":"","jetpack_seo_html_title":"","jetpack_seo_noindex":false,"_jetpack_memberships_contains_paid_content":false,"footnotes":""},"categories":[21],"tags":[],"class_list":["post-66297","post","type-post","status-publish","format-standard","has-post-thumbnail","hentry","category-policial"],"jetpack_featured_media_url":"https:\/\/i0.wp.com\/eltrabajo.cl\/portal\/wp-content\/uploads\/2016\/01\/rosa-galdamez.jpg?fit=530%2C349&ssl=1","jetpack_sharing_enabled":true,"jetpack_likes_enabled":true,"jetpack-related-posts":[],"_links":{"self":[{"href":"https:\/\/eltrabajo.cl\/portal\/wp-json\/wp\/v2\/posts\/66297","targetHints":{"allow":["GET"]}}],"collection":[{"href":"https:\/\/eltrabajo.cl\/portal\/wp-json\/wp\/v2\/posts"}],"about":[{"href":"https:\/\/eltrabajo.cl\/portal\/wp-json\/wp\/v2\/types\/post"}],"author":[{"embeddable":true,"href":"https:\/\/eltrabajo.cl\/portal\/wp-json\/wp\/v2\/users\/482"}],"replies":[{"embeddable":true,"href":"https:\/\/eltrabajo.cl\/portal\/wp-json\/wp\/v2\/comments?post=66297"}],"version-history":[{"count":0,"href":"https:\/\/eltrabajo.cl\/portal\/wp-json\/wp\/v2\/posts\/66297\/revisions"}],"wp:featuredmedia":[{"embeddable":true,"href":"https:\/\/eltrabajo.cl\/portal\/wp-json\/wp\/v2\/media\/66298"}],"wp:attachment":[{"href":"https:\/\/eltrabajo.cl\/portal\/wp-json\/wp\/v2\/media?parent=66297"}],"wp:term":[{"taxonomy":"category","embeddable":true,"href":"https:\/\/eltrabajo.cl\/portal\/wp-json\/wp\/v2\/categories?post=66297"},{"taxonomy":"post_tag","embeddable":true,"href":"https:\/\/eltrabajo.cl\/portal\/wp-json\/wp\/v2\/tags?post=66297"}],"curies":[{"name":"wp","href":"https:\/\/api.w.org\/{rel}","templated":true}]}}