{"id":66300,"date":"2016-01-29T09:51:33","date_gmt":"2016-01-29T12:51:33","guid":{"rendered":"http:\/\/www.eltrabajo.cl\/portal\/?p=66300"},"modified":"2016-01-29T09:51:33","modified_gmt":"2016-01-29T12:51:33","slug":"adolescente-intimido-a-comerciante-con-arma-de-fuego-para-robar-vestuario","status":"publish","type":"post","link":"https:\/\/eltrabajo.cl\/portal\/adolescente-intimido-a-comerciante-con-arma-de-fuego-para-robar-vestuario\/","title":{"rendered":"Adolescente intimid\u00f3 a comerciante con arma de fuego para robar vestuario"},"content":{"rendered":"<figure id=\"attachment_66301\" aria-describedby=\"caption-attachment-66301\" style=\"width: 300px\" class=\"wp-caption alignleft\"><img data-recalc-dims=\"1\" loading=\"lazy\" decoding=\"async\" class=\"wp-image-66301 size-medium\" src=\"https:\/\/i0.wp.com\/www.eltrabajo.cl\/portal\/wp-content\/uploads\/2016\/01\/IMPUTADO-ADOLESCENTE-300x197.jpg?resize=300%2C197\" alt=\"El adolescente de 16 a\u00f1os tras ser capturado por Carabineros, fue formalizado por el delito de robo con intimidaci\u00f3n quedando en internaci\u00f3n provisoria bajo custodia del Sename. (Foto Archivo).\" width=\"300\" height=\"197\" srcset=\"https:\/\/i0.wp.com\/eltrabajo.cl\/portal\/wp-content\/uploads\/2016\/01\/IMPUTADO-ADOLESCENTE.jpg?resize=300%2C197&amp;ssl=1 300w, https:\/\/i0.wp.com\/eltrabajo.cl\/portal\/wp-content\/uploads\/2016\/01\/IMPUTADO-ADOLESCENTE.jpg?resize=200%2C131&amp;ssl=1 200w, https:\/\/i0.wp.com\/eltrabajo.cl\/portal\/wp-content\/uploads\/2016\/01\/IMPUTADO-ADOLESCENTE.jpg?resize=228%2C150&amp;ssl=1 228w, https:\/\/i0.wp.com\/eltrabajo.cl\/portal\/wp-content\/uploads\/2016\/01\/IMPUTADO-ADOLESCENTE.jpg?resize=400%2C263&amp;ssl=1 400w, https:\/\/i0.wp.com\/eltrabajo.cl\/portal\/wp-content\/uploads\/2016\/01\/IMPUTADO-ADOLESCENTE.jpg?w=530&amp;ssl=1 530w\" sizes=\"auto, (max-width: 300px) 100vw, 300px\" \/><figcaption id=\"caption-attachment-66301\" class=\"wp-caption-text\">El adolescente de 16 a\u00f1os tras ser capturado por Carabineros, fue formalizado por el delito de robo con intimidaci\u00f3n quedando en internaci\u00f3n provisoria bajo custodia del Sename. (Foto Archivo).<\/figcaption><\/figure>\n<ul>\n<li><strong>Imputado vi\u00f1amarino manten\u00eda dos \u00f3rdenes de aprehensi\u00f3n por delitos de hurto. Tras ser formalizado por la Fiscal\u00eda, el Tribunal orden\u00f3 la internaci\u00f3n provisoria a cargo del Servicio Nacional de Menores.<\/strong><\/li>\n<\/ul>\n<p>Por el delito de robo con intimidaci\u00f3n fue formalizado por la Fiscal\u00eda un adolescente vi\u00f1amarino de 16 a\u00f1os de edad, quien habr\u00eda sustra\u00eddo vestuario desde un c\u00e9ntrico local comercial en San Felipe. El menor habr\u00eda intimidando con un revolver a una comerciante, quien aterrada ante las amenazas con el arma de fuego, abandon\u00f3 su puesto de trabajo para pedir auxilio a Carabineros.<br \/>\nLos hechos habr\u00edan ocurrido pasadas las 10:30 horas de la ma\u00f1ana del mi\u00e9rcoles al interior del local \u2018Galvany\u2019 ubicado en calle Merced 1152. La comerciante, mientras desarrollaba sus labores habituales, repentinamente observ\u00f3 el ingreso de un joven que simulaba ser cliente y que se dirigi\u00f3 hasta los colgadores de vestuario.<br \/>\nSeg\u00fan el relato de la v\u00edctima de 29 a\u00f1os de edad, este sujeto bajo los efectos de las drogas, se habr\u00eda apoderado de tres short marca Adidas, los que ocult\u00f3 entre sus vestimentas. La mujer, al percatarse del delito, se acerc\u00f3 a increpar al adolescente quien reaccion\u00f3 violentamente exhibi\u00e9ndole un arma de fuego que manten\u00eda en la pretina de su pantal\u00f3n, amenazando que la asaltar\u00eda.<br \/>\nLa trabajadora horrorizada decidi\u00f3 escapar del establecimiento comercial, pero observ\u00f3 que el antisocial ven\u00eda tras ella, aumentando m\u00e1s su nerviosismo, por lo que requiri\u00f3 el auxilio de Carabineros. En el lugar, los oficiales iniciaron operativos en b\u00fasqueda del sujeto que huy\u00f3 en direcci\u00f3n desconocida, de acuerdo a la descripci\u00f3n f\u00edsica y de vestimentas.<br \/>\nFue as\u00ed que a los pocos minutos, la polic\u00eda uniformada intercept\u00f3 a este adolescente en pleno centro de San Felipe, quien portaba las especies sustra\u00eddas de la tienda siendo reconocido posteriormente por la v\u00edctima como el autor de los hechos. Asimismo durante la aprehensi\u00f3n del imputado, \u00e9ste no portaba el arma de fuego.<br \/>\nLas especies avaluadas en $30.000 fueron devueltas a la comerciante que se encontraba en estado de shock en dependencias de la Segunda Comisar\u00eda de Carabineros. Durante las diligencias policiales, se logr\u00f3 establecer que el imputado manten\u00eda vigente dos \u00f3rdenes de aprehensi\u00f3n por el Juzgado de Garant\u00eda de Vi\u00f1a del Mar por delitos de hurto simple.<br \/>\nEl detenido fue individualizado con las iniciales P.I.V.R. de 16 a\u00f1os de edad y formalizado por la Fiscal\u00eda por el delito de robo con intimidaci\u00f3n, requiriendo ante el Juzgado de Garant\u00eda de San Felipe la cautelar de internaci\u00f3n provisoria en centro habilitado para adolescente a cargo del Servicio Nacional de Menores.<br \/>\nEste Tribunal acogi\u00f3 dicha medida cautelar decretando un plazo de 40 d\u00edas para la investigaci\u00f3n del caso.<br \/>\n<strong>Pablo Salinas Sald\u00edas<\/strong><\/p>\n","protected":false},"excerpt":{"rendered":"<p>Imputado vi\u00f1amarino manten\u00eda dos \u00f3rdenes de aprehensi\u00f3n por delitos de hurto. Tras ser formalizado por la Fiscal\u00eda, el Tribunal orden\u00f3 la internaci\u00f3n provisoria a cargo del Servicio Nacional de Menores. Por el&#8230;<\/p>\n","protected":false},"author":482,"featured_media":66301,"comment_status":"open","ping_status":"open","sticky":false,"template":"","format":"standard","meta":{"advanced_seo_description":"","jetpack_seo_html_title":"","jetpack_seo_noindex":false,"_jetpack_memberships_contains_paid_content":false,"footnotes":""},"categories":[21],"tags":[],"class_list":["post-66300","post","type-post","status-publish","format-standard","has-post-thumbnail","hentry","category-policial"],"jetpack_featured_media_url":"https:\/\/i0.wp.com\/eltrabajo.cl\/portal\/wp-content\/uploads\/2016\/01\/IMPUTADO-ADOLESCENTE.jpg?fit=530%2C348&ssl=1","jetpack_sharing_enabled":true,"jetpack_likes_enabled":true,"jetpack-related-posts":[],"_links":{"self":[{"href":"https:\/\/eltrabajo.cl\/portal\/wp-json\/wp\/v2\/posts\/66300","targetHints":{"allow":["GET"]}}],"collection":[{"href":"https:\/\/eltrabajo.cl\/portal\/wp-json\/wp\/v2\/posts"}],"about":[{"href":"https:\/\/eltrabajo.cl\/portal\/wp-json\/wp\/v2\/types\/post"}],"author":[{"embeddable":true,"href":"https:\/\/eltrabajo.cl\/portal\/wp-json\/wp\/v2\/users\/482"}],"replies":[{"embeddable":true,"href":"https:\/\/eltrabajo.cl\/portal\/wp-json\/wp\/v2\/comments?post=66300"}],"version-history":[{"count":0,"href":"https:\/\/eltrabajo.cl\/portal\/wp-json\/wp\/v2\/posts\/66300\/revisions"}],"wp:featuredmedia":[{"embeddable":true,"href":"https:\/\/eltrabajo.cl\/portal\/wp-json\/wp\/v2\/media\/66301"}],"wp:attachment":[{"href":"https:\/\/eltrabajo.cl\/portal\/wp-json\/wp\/v2\/media?parent=66300"}],"wp:term":[{"taxonomy":"category","embeddable":true,"href":"https:\/\/eltrabajo.cl\/portal\/wp-json\/wp\/v2\/categories?post=66300"},{"taxonomy":"post_tag","embeddable":true,"href":"https:\/\/eltrabajo.cl\/portal\/wp-json\/wp\/v2\/tags?post=66300"}],"curies":[{"name":"wp","href":"https:\/\/api.w.org\/{rel}","templated":true}]}}