{"id":66311,"date":"2016-02-01T09:33:06","date_gmt":"2016-02-01T12:33:06","guid":{"rendered":"http:\/\/www.eltrabajo.cl\/portal\/?p=66311"},"modified":"2016-02-01T09:33:06","modified_gmt":"2016-02-01T12:33:06","slug":"%ef%bb%bf%ef%bb%bfautoridades-lanzan-decima-version-de-programa-vinculos-en-llay-llay","status":"publish","type":"post","link":"https:\/\/eltrabajo.cl\/portal\/%ef%bb%bf%ef%bb%bfautoridades-lanzan-decima-version-de-programa-vinculos-en-llay-llay\/","title":{"rendered":"\ufeff\ufeffAutoridades lanzan d\u00e9cima versi\u00f3n de programa \u2018V\u00ednculos\u2019 en Llay Llay"},"content":{"rendered":"<figure id=\"attachment_66312\" aria-describedby=\"caption-attachment-66312\" style=\"width: 300px\" class=\"wp-caption alignleft\"><img data-recalc-dims=\"1\" loading=\"lazy\" decoding=\"async\" class=\"wp-image-66312 size-medium\" src=\"https:\/\/i0.wp.com\/www.eltrabajo.cl\/portal\/wp-content\/uploads\/2016\/02\/Lanzamiento-programa-vinculos-2-300x198.jpg?resize=300%2C198\" alt=\"Los asistentes disfrutaron de actividad f\u00edsica y un almuerzo al aire libre en la piscina municipal.\" width=\"300\" height=\"198\" srcset=\"https:\/\/i0.wp.com\/eltrabajo.cl\/portal\/wp-content\/uploads\/2016\/02\/Lanzamiento-programa-vinculos-2.jpg?resize=300%2C198&amp;ssl=1 300w, https:\/\/i0.wp.com\/eltrabajo.cl\/portal\/wp-content\/uploads\/2016\/02\/Lanzamiento-programa-vinculos-2.jpg?resize=200%2C132&amp;ssl=1 200w, https:\/\/i0.wp.com\/eltrabajo.cl\/portal\/wp-content\/uploads\/2016\/02\/Lanzamiento-programa-vinculos-2.jpg?resize=228%2C150&amp;ssl=1 228w, https:\/\/i0.wp.com\/eltrabajo.cl\/portal\/wp-content\/uploads\/2016\/02\/Lanzamiento-programa-vinculos-2.jpg?resize=400%2C263&amp;ssl=1 400w, https:\/\/i0.wp.com\/eltrabajo.cl\/portal\/wp-content\/uploads\/2016\/02\/Lanzamiento-programa-vinculos-2.jpg?w=530&amp;ssl=1 530w\" sizes=\"auto, (max-width: 300px) 100vw, 300px\" \/><figcaption id=\"caption-attachment-66312\" class=\"wp-caption-text\">Los asistentes disfrutaron de actividad f\u00edsica y un almuerzo al aire libre en la piscina municipal.<\/figcaption><\/figure>\n<p><strong>LLAY LLAY<\/strong>.- La ciudad del Viento Viento fue sede del lanzamiento de la d\u00e9cima versi\u00f3n del Programa de Acompa\u00f1amiento del Servicio Nacional del Adulto Mayor (Senama). Autoridades, adultos mayores de 25 comunas de las provincias de San Felipe, Los Andes, Petorca y Marga Marga se reunieron en una actividad al aire libre en la comuna llaylla\u00edna.<br \/>\nEl alcalde Mario Marillanca, anfitri\u00f3n de la jornada, en su discurso de bienvenida agradeci\u00f3 \u201cel hecho que hayan elegido nuestra comuna para realizar el lanzamiento del programa \u2018V\u00ednculos\u2019. Somos la segunda comuna del pa\u00eds que acogi\u00f3 al programa piloto en sus inicios cuando se llamaba Piedras Tuteladas. Somos un municipio para el cual el tema de los adultos es muy sensible, existe preocupaci\u00f3n para que sus condiciones sean las mejores\u201d.<br \/>\nLos adultos mayores se mostraron felices y agradecidos por la oportunidad que, entrega el programa \u2018V\u00ednculos\u2019, tal como es el caso de Georgina Soto que indic\u00f3 \u201cnos escuchan y resuelven nuestros problemas\u201d.<br \/>\nEste a\u00f1o el programa, que en honor a su nombre se encarga de interrelacionar a las personas mayores con sus pares y el entorno, viene renovado con un cambio significativo: la ampliaci\u00f3n a dos a\u00f1os del acompa\u00f1amiento psicosocial con el objetivo central de \u201cque el trabajo realizado se aborde con mayor profundidad y genere un impacto positivo\u201d, indic\u00f3 la coordinadora Valpara\u00edso, Viviana Valle.<br \/>\nParticiparon y compartieron con 120 adultos mayores la coordinadora de Senama Valpara\u00edso, Viviana Valle; el seremi de Desarrollo Social, Abel Gallardo; el gobernador de Petorca, Mario Fuentes; en representaci\u00f3n del gobernador de San Felipe el encargado territorial, Juan Pablo Morales; los concejales de Llay Llay Margarita Puebla y Patricio Dur\u00e1n.<br \/>\nLas personas mayores disfrutaron de actividad f\u00edsica, una ceremonia protocolar que incluy\u00f3 una divertidos cuentacuentos y un delicioso almuerzo al aire libre en los quinchos de la piscina municipal.<br \/>\n<strong>Marianela Quevedo<\/strong><\/p>\n","protected":false},"excerpt":{"rendered":"<p>LLAY LLAY.- La ciudad del Viento Viento fue sede del lanzamiento de la d\u00e9cima versi\u00f3n del Programa de Acompa\u00f1amiento del Servicio Nacional del Adulto Mayor (Senama). Autoridades, adultos mayores de 25 comunas&#8230;<\/p>\n","protected":false},"author":482,"featured_media":66312,"comment_status":"open","ping_status":"open","sticky":false,"template":"","format":"standard","meta":{"advanced_seo_description":"","jetpack_seo_html_title":"","jetpack_seo_noindex":false,"_jetpack_memberships_contains_paid_content":false,"footnotes":""},"categories":[15],"tags":[],"class_list":["post-66311","post","type-post","status-publish","format-standard","has-post-thumbnail","hentry","category-comunidad"],"jetpack_featured_media_url":"https:\/\/i0.wp.com\/eltrabajo.cl\/portal\/wp-content\/uploads\/2016\/02\/Lanzamiento-programa-vinculos-2.jpg?fit=530%2C349&ssl=1","jetpack_sharing_enabled":true,"jetpack_likes_enabled":true,"jetpack-related-posts":[],"_links":{"self":[{"href":"https:\/\/eltrabajo.cl\/portal\/wp-json\/wp\/v2\/posts\/66311","targetHints":{"allow":["GET"]}}],"collection":[{"href":"https:\/\/eltrabajo.cl\/portal\/wp-json\/wp\/v2\/posts"}],"about":[{"href":"https:\/\/eltrabajo.cl\/portal\/wp-json\/wp\/v2\/types\/post"}],"author":[{"embeddable":true,"href":"https:\/\/eltrabajo.cl\/portal\/wp-json\/wp\/v2\/users\/482"}],"replies":[{"embeddable":true,"href":"https:\/\/eltrabajo.cl\/portal\/wp-json\/wp\/v2\/comments?post=66311"}],"version-history":[{"count":0,"href":"https:\/\/eltrabajo.cl\/portal\/wp-json\/wp\/v2\/posts\/66311\/revisions"}],"wp:featuredmedia":[{"embeddable":true,"href":"https:\/\/eltrabajo.cl\/portal\/wp-json\/wp\/v2\/media\/66312"}],"wp:attachment":[{"href":"https:\/\/eltrabajo.cl\/portal\/wp-json\/wp\/v2\/media?parent=66311"}],"wp:term":[{"taxonomy":"category","embeddable":true,"href":"https:\/\/eltrabajo.cl\/portal\/wp-json\/wp\/v2\/categories?post=66311"},{"taxonomy":"post_tag","embeddable":true,"href":"https:\/\/eltrabajo.cl\/portal\/wp-json\/wp\/v2\/tags?post=66311"}],"curies":[{"name":"wp","href":"https:\/\/api.w.org\/{rel}","templated":true}]}}