{"id":66314,"date":"2016-02-01T09:35:56","date_gmt":"2016-02-01T12:35:56","guid":{"rendered":"http:\/\/www.eltrabajo.cl\/portal\/?p=66314"},"modified":"2016-02-01T09:35:56","modified_gmt":"2016-02-01T12:35:56","slug":"te-presentamos-a-la-karateka-mas-joven-del-valle-de-aconcagua","status":"publish","type":"post","link":"https:\/\/eltrabajo.cl\/portal\/te-presentamos-a-la-karateka-mas-joven-del-valle-de-aconcagua\/","title":{"rendered":"Te presentamos a la karateka m\u00e1s joven del Valle de Aconcagua"},"content":{"rendered":"<figure id=\"attachment_66315\" aria-describedby=\"caption-attachment-66315\" style=\"width: 300px\" class=\"wp-caption alignleft\"><img data-recalc-dims=\"1\" loading=\"lazy\" decoding=\"async\" class=\"wp-image-66315 size-medium\" src=\"https:\/\/i0.wp.com\/www.eltrabajo.cl\/portal\/wp-content\/uploads\/2016\/02\/Pepita1-300x197.jpg?resize=300%2C197\" alt=\"HERMANOS KARATECAS.- Josefina y Gaspar posan para nuestras c\u00e1maras, dos peque\u00f1itos que desde chicos deciden la vida saludable y dirigida a la superaci\u00f3n personal.\" width=\"300\" height=\"197\" srcset=\"https:\/\/i0.wp.com\/eltrabajo.cl\/portal\/wp-content\/uploads\/2016\/02\/Pepita1.jpg?resize=300%2C197&amp;ssl=1 300w, https:\/\/i0.wp.com\/eltrabajo.cl\/portal\/wp-content\/uploads\/2016\/02\/Pepita1.jpg?resize=200%2C131&amp;ssl=1 200w, https:\/\/i0.wp.com\/eltrabajo.cl\/portal\/wp-content\/uploads\/2016\/02\/Pepita1.jpg?resize=228%2C150&amp;ssl=1 228w, https:\/\/i0.wp.com\/eltrabajo.cl\/portal\/wp-content\/uploads\/2016\/02\/Pepita1.jpg?resize=400%2C263&amp;ssl=1 400w, https:\/\/i0.wp.com\/eltrabajo.cl\/portal\/wp-content\/uploads\/2016\/02\/Pepita1.jpg?w=530&amp;ssl=1 530w\" sizes=\"auto, (max-width: 300px) 100vw, 300px\" \/><figcaption id=\"caption-attachment-66315\" class=\"wp-caption-text\">HERMANOS KARATECAS.- Josefina y Gaspar posan para nuestras c\u00e1maras, dos peque\u00f1itos que desde chicos deciden la vida saludable y dirigida a la superaci\u00f3n personal.<\/figcaption><\/figure>\n<p>Con apenas tres a\u00f1os de vida y como un hurac\u00e1n que lo arrasa todo a su paso, as\u00ed fue la entrada de la peque\u00f1ita Josefina Aguilera Riquelme al mundo de las Artes Marciales, pues esta ni\u00f1a se incorpor\u00f3 la semana pasada a la Escuela Hodori Karate de San Felipe, dirigida por el Sensei V\u00edctor Caballero. Pero Josefina no ingres\u00f3 sola, tambi\u00e9n su hermano mayor Gaspar Domingo, de seis a\u00f1os, decidi\u00f3 incorporarse a este din\u00e1mico mundo deportivo.<br \/>\n\u00abPara m\u00ed es todo un desaf\u00edo el recibir a una ni\u00f1a tan chica a los entrenamientos, sin embargo en los pocos d\u00edas que Josefina lleva con el grupo, ya ha demostrado destreza y muchas ganas de crecer como karateca, su hermano Gaspar tambi\u00e9n llega con las pilas bien puestas, y eso es lo que se necesita para mejorar cada d\u00eda\u00bb, dijo a Diario El Trabajo el Sensei V\u00edctor Caballero.<\/p>\n<figure id=\"attachment_66316\" aria-describedby=\"caption-attachment-66316\" style=\"width: 300px\" class=\"wp-caption alignright\"><img data-recalc-dims=\"1\" loading=\"lazy\" decoding=\"async\" class=\"wp-image-66316 size-medium\" src=\"https:\/\/i0.wp.com\/www.eltrabajo.cl\/portal\/wp-content\/uploads\/2016\/02\/Pepita3-300x198.jpg?resize=300%2C198\" alt=\"FAMILIA UNIDA.- El abuelo Patricio; el pap\u00e1 Felipe; la mam\u00e1 Paulina y los peque\u00f1os Gaspar y Josefina, recibieron a Diario El Trabajo en su hogar.\" width=\"300\" height=\"198\" srcset=\"https:\/\/i0.wp.com\/eltrabajo.cl\/portal\/wp-content\/uploads\/2016\/02\/Pepita3.jpg?resize=300%2C198&amp;ssl=1 300w, https:\/\/i0.wp.com\/eltrabajo.cl\/portal\/wp-content\/uploads\/2016\/02\/Pepita3.jpg?resize=200%2C132&amp;ssl=1 200w, https:\/\/i0.wp.com\/eltrabajo.cl\/portal\/wp-content\/uploads\/2016\/02\/Pepita3.jpg?resize=227%2C150&amp;ssl=1 227w, https:\/\/i0.wp.com\/eltrabajo.cl\/portal\/wp-content\/uploads\/2016\/02\/Pepita3.jpg?resize=400%2C264&amp;ssl=1 400w, https:\/\/i0.wp.com\/eltrabajo.cl\/portal\/wp-content\/uploads\/2016\/02\/Pepita3.jpg?w=530&amp;ssl=1 530w\" sizes=\"auto, (max-width: 300px) 100vw, 300px\" \/><figcaption id=\"caption-attachment-66316\" class=\"wp-caption-text\">FAMILIA UNIDA.- El abuelo Patricio; el pap\u00e1 Felipe; la mam\u00e1 Paulina y los peque\u00f1os Gaspar y Josefina, recibieron a Diario El Trabajo en su hogar.<\/figcaption><\/figure>\n<p><strong>\u00abTEN\u00cdA DUDAS\u00bb<\/strong><br \/>\nNuestro medio habl\u00f3 tambi\u00e9n con la madre de estos peque\u00f1os, do\u00f1a Paulina Riquelme, quien emocionada nos coment\u00f3 que \u00abal principio yo ten\u00eda dudas de mandar a mi ni\u00f1a a las Artes Marciales, pero como yo voy a sus entrenamientos ella se siente segura, por lo que espero que sea provechoso para ambos\u00bb.<br \/>\n\u00bfPero qu\u00e9 dice la intr\u00e9pida karateca sobre las razones que le mueven a entrar a las Artes Marciales? \u00abMe gusta aprender de todo, no me decido si quiero ser maestra o carabinera, por ahora s\u00f3lo aprender\u00e9 karate\u00bb. Gaspar nos coment\u00f3 en cambio, que \u00e9l s\u00ed est\u00e1 decidido a llegar a ser un karateca cuando sea grande.<br \/>\nLa Escuela de Artes Marciales Hodori Karate es una de las trincheras con mayor movimiento deportivo del Valle de Aconcagua, pues don V\u00edctor Caballero cuenta con gran trayectoria, experiencia y credibilidad, siendo as\u00ed que las autoridades y apoderados respaldan su trabajo a\u00f1o a a\u00f1o. Don V\u00edctor no s\u00f3lo entrena a ni\u00f1os y j\u00f3venes, regularmente este experimentado karateca imparte talleres a guardias de seguridad y a profesionales del pa\u00eds.<br \/>\nRoberto Gonz\u00e1lez Short<br \/>\nrgonzalez@eltrabajo.cl<\/p>\n","protected":false},"excerpt":{"rendered":"<p>Con apenas tres a\u00f1os de vida y como un hurac\u00e1n que lo arrasa todo a su paso, as\u00ed fue la entrada de la peque\u00f1ita Josefina Aguilera Riquelme al mundo de las Artes&#8230;<\/p>\n","protected":false},"author":482,"featured_media":66315,"comment_status":"open","ping_status":"open","sticky":false,"template":"","format":"standard","meta":{"advanced_seo_description":"","jetpack_seo_html_title":"","jetpack_seo_noindex":false,"_jetpack_memberships_contains_paid_content":false,"footnotes":""},"categories":[15],"tags":[],"class_list":["post-66314","post","type-post","status-publish","format-standard","has-post-thumbnail","hentry","category-comunidad"],"jetpack_featured_media_url":"https:\/\/i0.wp.com\/eltrabajo.cl\/portal\/wp-content\/uploads\/2016\/02\/Pepita1.jpg?fit=530%2C348&ssl=1","jetpack_sharing_enabled":true,"jetpack_likes_enabled":true,"jetpack-related-posts":[],"_links":{"self":[{"href":"https:\/\/eltrabajo.cl\/portal\/wp-json\/wp\/v2\/posts\/66314","targetHints":{"allow":["GET"]}}],"collection":[{"href":"https:\/\/eltrabajo.cl\/portal\/wp-json\/wp\/v2\/posts"}],"about":[{"href":"https:\/\/eltrabajo.cl\/portal\/wp-json\/wp\/v2\/types\/post"}],"author":[{"embeddable":true,"href":"https:\/\/eltrabajo.cl\/portal\/wp-json\/wp\/v2\/users\/482"}],"replies":[{"embeddable":true,"href":"https:\/\/eltrabajo.cl\/portal\/wp-json\/wp\/v2\/comments?post=66314"}],"version-history":[{"count":0,"href":"https:\/\/eltrabajo.cl\/portal\/wp-json\/wp\/v2\/posts\/66314\/revisions"}],"wp:featuredmedia":[{"embeddable":true,"href":"https:\/\/eltrabajo.cl\/portal\/wp-json\/wp\/v2\/media\/66315"}],"wp:attachment":[{"href":"https:\/\/eltrabajo.cl\/portal\/wp-json\/wp\/v2\/media?parent=66314"}],"wp:term":[{"taxonomy":"category","embeddable":true,"href":"https:\/\/eltrabajo.cl\/portal\/wp-json\/wp\/v2\/categories?post=66314"},{"taxonomy":"post_tag","embeddable":true,"href":"https:\/\/eltrabajo.cl\/portal\/wp-json\/wp\/v2\/tags?post=66314"}],"curies":[{"name":"wp","href":"https:\/\/api.w.org\/{rel}","templated":true}]}}