{"id":66318,"date":"2016-02-01T09:38:01","date_gmt":"2016-02-01T12:38:01","guid":{"rendered":"http:\/\/www.eltrabajo.cl\/portal\/?p=66318"},"modified":"2016-02-01T09:38:01","modified_gmt":"2016-02-01T12:38:01","slug":"trabajador-de-cesfam-centenario-recolecta-tapas-plasticas-para-ayudar-a-ninos-que-sufren-de-cancer","status":"publish","type":"post","link":"https:\/\/eltrabajo.cl\/portal\/trabajador-de-cesfam-centenario-recolecta-tapas-plasticas-para-ayudar-a-ninos-que-sufren-de-cancer\/","title":{"rendered":"Trabajador de Cesfam Centenario recolecta tapas pl\u00e1sticas para ayudar a ni\u00f1os que sufren de C\u00e1ncer"},"content":{"rendered":"<figure id=\"attachment_66319\" aria-describedby=\"caption-attachment-66319\" style=\"width: 300px\" class=\"wp-caption alignleft\"><img data-recalc-dims=\"1\" loading=\"lazy\" decoding=\"async\" class=\"wp-image-66319 size-medium\" src=\"https:\/\/i0.wp.com\/www.eltrabajo.cl\/portal\/wp-content\/uploads\/2016\/02\/Recoleccion-tapas-300x198.jpg?resize=300%2C198\" alt=\"Juan Contreras Tapia inst\u00f3 a familias y restaurantes andinos a participar de esta iniciativa solidaria que ayuda directamente a ni\u00f1os enfermos de c\u00e1ncer.\" width=\"300\" height=\"198\" srcset=\"https:\/\/i0.wp.com\/eltrabajo.cl\/portal\/wp-content\/uploads\/2016\/02\/Recoleccion-tapas.jpg?resize=300%2C198&amp;ssl=1 300w, https:\/\/i0.wp.com\/eltrabajo.cl\/portal\/wp-content\/uploads\/2016\/02\/Recoleccion-tapas.jpg?resize=200%2C132&amp;ssl=1 200w, https:\/\/i0.wp.com\/eltrabajo.cl\/portal\/wp-content\/uploads\/2016\/02\/Recoleccion-tapas.jpg?resize=228%2C150&amp;ssl=1 228w, https:\/\/i0.wp.com\/eltrabajo.cl\/portal\/wp-content\/uploads\/2016\/02\/Recoleccion-tapas.jpg?resize=400%2C263&amp;ssl=1 400w, https:\/\/i0.wp.com\/eltrabajo.cl\/portal\/wp-content\/uploads\/2016\/02\/Recoleccion-tapas.jpg?w=530&amp;ssl=1 530w\" sizes=\"auto, (max-width: 300px) 100vw, 300px\" \/><figcaption id=\"caption-attachment-66319\" class=\"wp-caption-text\">Juan Contreras Tapia inst\u00f3 a familias y restaurantes andinos a participar de esta iniciativa solidaria que ayuda directamente a ni\u00f1os enfermos de c\u00e1ncer.<\/figcaption><\/figure>\n<ul>\n<li><strong>Noble labor del conductor de las ambulancias Juan Contreras Tapia, que tiene su centro de acopio en el mismo centro asistencial<\/strong><\/li>\n<\/ul>\n<p><strong>LOS ANDES<\/strong>.- Juntar tapas pl\u00e1sticas de botellas de jugos, aguas minerales, bebidas, leches, cervezas y envases tetra pack con el \u00fanico objetivo de ayudar a ni\u00f1os que sufren c\u00e1ncer, es la acci\u00f3n que desarrolla el conductor Juan Contreras Tapia, de las ambulancias del Centro de Salud Familiar (Cesfam) Centenario de Los Andes, y cuyo centro de acopio es al costado del recinto asistencial en avenida Per\u00fa.<br \/>\nLos menores reciben atenci\u00f3n en el Hospital Dr. Luis Calvo Mackenna, ubicado en la comuna de Providencia, Santiago, llevando y efectuando el aporte de todo lo recolectado a las voluntarias de Damas de Caf\u00e9 que respaldan la labor de la Corporaci\u00f3n de Oncolog\u00eda Infantil, las que son vendidas y con el dinero que se logra permite apoyar los tratamientos y cubrir algunos de los costos que demandan los tratamientos.<br \/>\nContreras coment\u00f3 que al acudir por traslados al centro asistencial tuvo conocimiento de esta campa\u00f1a, \u00abpor eso me puse como objetivo reunirlas aqu\u00ed en Los Andes, por lo que comenc\u00e9 a visitar negocios cercanos al Cesfam como de mi casa, de otros sectores de la ciudad e incluso de comunas, obteniendo buena respuesta lo que me motiv\u00f3 m\u00e1s todav\u00eda. La gente me ha cooperado bastante y espero que cada d\u00eda sean m\u00e1s\u00bb.<br \/>\nSe\u00f1al\u00f3 que se propuso reunir las tapas pl\u00e1sticas por el amor que siente por los ni\u00f1os, \u00aba los que veo cada vez que voy a Santiago y me da mucha pena que tengan esa enfermedad\u00bb.<br \/>\nEl conductor de ambulancia agradeci\u00f3 el respaldo que le han dado el Minimarket Camila, de Villa Los Almendros de San Esteban y de propiedad de Camila Figueroa Ibaceta, al igual que el almac\u00e9n de la se\u00f1ora Mar\u00eda Cruz Soto en Villa Los Acacios de Los Andes, hasta donde los vecinos tambi\u00e9n pueden a ir entregar sus tapas y depositarlas en cajas habilitadas.<br \/>\nJuan Contreras inst\u00f3 a que las familias andinas, asimismo en restaurantes, fuentes de soda, botiller\u00edas y diversos establecimientos comerciales puedan sumarse a esta cruzada de car\u00e1cter solidario, poni\u00e9ndose en contacto con \u00e9l en el Cesfam Centenario para las coordinaciones. Asimismo, pidi\u00f3 que alguna empresa pueda poner a disposici\u00f3n de alg\u00fan cami\u00f3n \u00be para llevar todo lo que se re\u00fane en determinadas fechas a la Capital.<\/p>\n","protected":false},"excerpt":{"rendered":"<p>Noble labor del conductor de las ambulancias Juan Contreras Tapia, que tiene su centro de acopio en el mismo centro asistencial LOS ANDES.- Juntar tapas pl\u00e1sticas de botellas de jugos, aguas minerales,&#8230;<\/p>\n","protected":false},"author":482,"featured_media":66319,"comment_status":"open","ping_status":"open","sticky":false,"template":"","format":"standard","meta":{"advanced_seo_description":"","jetpack_seo_html_title":"","jetpack_seo_noindex":false,"_jetpack_memberships_contains_paid_content":false,"footnotes":""},"categories":[15],"tags":[],"class_list":["post-66318","post","type-post","status-publish","format-standard","has-post-thumbnail","hentry","category-comunidad"],"jetpack_featured_media_url":"https:\/\/i0.wp.com\/eltrabajo.cl\/portal\/wp-content\/uploads\/2016\/02\/Recoleccion-tapas.jpg?fit=530%2C349&ssl=1","jetpack_sharing_enabled":true,"jetpack_likes_enabled":true,"jetpack-related-posts":[],"_links":{"self":[{"href":"https:\/\/eltrabajo.cl\/portal\/wp-json\/wp\/v2\/posts\/66318","targetHints":{"allow":["GET"]}}],"collection":[{"href":"https:\/\/eltrabajo.cl\/portal\/wp-json\/wp\/v2\/posts"}],"about":[{"href":"https:\/\/eltrabajo.cl\/portal\/wp-json\/wp\/v2\/types\/post"}],"author":[{"embeddable":true,"href":"https:\/\/eltrabajo.cl\/portal\/wp-json\/wp\/v2\/users\/482"}],"replies":[{"embeddable":true,"href":"https:\/\/eltrabajo.cl\/portal\/wp-json\/wp\/v2\/comments?post=66318"}],"version-history":[{"count":0,"href":"https:\/\/eltrabajo.cl\/portal\/wp-json\/wp\/v2\/posts\/66318\/revisions"}],"wp:featuredmedia":[{"embeddable":true,"href":"https:\/\/eltrabajo.cl\/portal\/wp-json\/wp\/v2\/media\/66319"}],"wp:attachment":[{"href":"https:\/\/eltrabajo.cl\/portal\/wp-json\/wp\/v2\/media?parent=66318"}],"wp:term":[{"taxonomy":"category","embeddable":true,"href":"https:\/\/eltrabajo.cl\/portal\/wp-json\/wp\/v2\/categories?post=66318"},{"taxonomy":"post_tag","embeddable":true,"href":"https:\/\/eltrabajo.cl\/portal\/wp-json\/wp\/v2\/tags?post=66318"}],"curies":[{"name":"wp","href":"https:\/\/api.w.org\/{rel}","templated":true}]}}