{"id":66321,"date":"2016-02-01T09:39:44","date_gmt":"2016-02-01T12:39:44","guid":{"rendered":"http:\/\/www.eltrabajo.cl\/portal\/?p=66321"},"modified":"2016-02-01T09:39:44","modified_gmt":"2016-02-01T12:39:44","slug":"lanzan-fondo-regional-del-adulto-mayor-en-los-andes","status":"publish","type":"post","link":"https:\/\/eltrabajo.cl\/portal\/lanzan-fondo-regional-del-adulto-mayor-en-los-andes\/","title":{"rendered":"Lanzan fondo regional del Adulto Mayor en Los Andes"},"content":{"rendered":"<figure id=\"attachment_66322\" aria-describedby=\"caption-attachment-66322\" style=\"width: 300px\" class=\"wp-caption alignleft\"><img data-recalc-dims=\"1\" loading=\"lazy\" decoding=\"async\" class=\"wp-image-66322 size-medium\" src=\"https:\/\/i0.wp.com\/www.eltrabajo.cl\/portal\/wp-content\/uploads\/2016\/02\/Lanzamiento-senama-1-300x198.jpg?resize=300%2C198\" alt=\"Con diversas autoridades se realiz\u00f3 en Los Andes lanzamiento a nivel regional del Fondo Concursable del Adulto Mayor.\" width=\"300\" height=\"198\" srcset=\"https:\/\/i0.wp.com\/eltrabajo.cl\/portal\/wp-content\/uploads\/2016\/02\/Lanzamiento-senama-1.jpg?resize=300%2C198&amp;ssl=1 300w, https:\/\/i0.wp.com\/eltrabajo.cl\/portal\/wp-content\/uploads\/2016\/02\/Lanzamiento-senama-1.jpg?resize=200%2C132&amp;ssl=1 200w, https:\/\/i0.wp.com\/eltrabajo.cl\/portal\/wp-content\/uploads\/2016\/02\/Lanzamiento-senama-1.jpg?resize=228%2C150&amp;ssl=1 228w, https:\/\/i0.wp.com\/eltrabajo.cl\/portal\/wp-content\/uploads\/2016\/02\/Lanzamiento-senama-1.jpg?resize=400%2C263&amp;ssl=1 400w, https:\/\/i0.wp.com\/eltrabajo.cl\/portal\/wp-content\/uploads\/2016\/02\/Lanzamiento-senama-1.jpg?w=530&amp;ssl=1 530w\" sizes=\"auto, (max-width: 300px) 100vw, 300px\" \/><figcaption id=\"caption-attachment-66322\" class=\"wp-caption-text\">Con diversas autoridades se realiz\u00f3 en Los Andes lanzamiento a nivel regional del Fondo Concursable del Adulto Mayor.<\/figcaption><\/figure>\n<ul>\n<li><strong>A nivel regional entregar\u00e1 m\u00e1s de 450 millones de pesos.<\/strong><\/li>\n<\/ul>\n<p><strong>LOS ANDES.<\/strong>&#8211; Por primera vez en la provincia de Los Andes se realiz\u00f3 el lanzamiento a nivel regional del Fondo Concursable del Adulto Mayor que este a\u00f1o entregar\u00e1 recursos por m\u00e1s de 450 millones de pesos.<br \/>\nEn esta oportunidad se dieron cita diferentes clubes de adulto mayor que se ubican dentro de la provincia y la ceremonia estuvo encabezada por el gobernador (s) Alonso Retamales y la Coordinadora Regional del Adulto Mayor Viviana Valle Rodr\u00edguez.<br \/>\n\u201cHemos querido desarrollar esta actividad en la comuna de Los Andes especialmente invitando a todas las organizaciones de la provincia para que est\u00e9n en conocimiento de que este fondo ya est\u00e1 disponible para que todas las organizaciones de adultos mayores puedan participar y el plazo es hasta el 20 de abril de este a\u00f1o donde estar\u00e1n abiertas las postulaciones\u201d, explic\u00f3 la coordinadora.<br \/>\nRecord\u00f3 que este fondo es muy esperado por la comunidad y organizaciones de adultos mayores porque permite desarrollar proyectos autos gestionados, \u201cdonde cada uno de ellos se ha estado planificando durante el a\u00f1o\u201d.<br \/>\nSubray\u00f3 que a nivel nacional se han dispuestos m\u00e1s de tres mil setecientos millones de pesos, \u201cy para nuestra regi\u00f3n se sobrepasa los cuatrocientos cincuenta millones de pesos\u201d.<br \/>\nAsimismo, dijo que durante el a\u00f1o pasado apoyaron m\u00e1s de 540 organizaciones a nivel regional, \u201cpor lo tanto entendemos que estos fondos tienen un alto impacto social y que permite que las organizaciones puedan llevar a cabo sus proyectos.\u201d<br \/>\nLa coordinadora se\u00f1al\u00f3 que a este fondo se pueden postular diferentes iniciativas asociadas a temas culturales, de recreaci\u00f3n, vida saludable, alfabetizaci\u00f3n digital, entre otros.<br \/>\nPor su parte, el gobernador (s) Alonso Retamales destac\u00f3 la importancia que los adultos mayores puedan llevar adelante estos proyectos que son gestionados por ellos y por otra parte, que este lanzamiento a nivel regional se haya hecho por primera vez en la provincia de Los Andes.<br \/>\n\u201cEsta ceremonia tambi\u00e9n se enmarca en lo que es el programa Chile Celebra y que agrupa muchas actividades que van en beneficio de la comunidad en general, ya sea en actividades culturales o de entretenci\u00f3n y que la gente pueda informarse a trav\u00e9s de la p\u00e1gina web www.senama.cl, por lo tanto tenemos dos motivos para celebrar aqu\u00ed en la zona\u201d, agreg\u00f3 el gobernador.<br \/>\nFinalmente llamo a las organizaciones de adulto mayor acercarse a esta gobernaci\u00f3n para recabar m\u00e1s informaci\u00f3n para postular y asesorase sobre su proyecto.<\/p>\n<p><strong>CARACTER\u00cdSTICAS DEL FONDO<\/strong><br \/>\nLos proyectos que se financian contribuyen a mejorar la calidad de vida de los mayores, principalmente en lo que se refiere al \u00e1mbito de la integraci\u00f3n social porque uno de los factores que mayormente influyen sobre la calidad de vida de las personas mayores es el tema del aislamiento y abandono o dicho de otra forma la desconexi\u00f3n con las redes de apoyo social.<br \/>\nLas redes sociales pueden caracterizarse en relaci\u00f3n a las funciones que cumplen. Las m\u00e1s importantes est\u00e1n referidas a la compa\u00f1\u00eda social, apoyo emocional, gu\u00eda y consejo e intercambio de informaci\u00f3n, regulaci\u00f3n social y apoyo instrumental. La red social personal cumple funciones importantes para el bienestar psico-social del individuo, como es la de posibilitar la inserci\u00f3n social y es b\u00e1sico para el desarrollo de la identidad, por lo tanto no s\u00f3lo es relevante en situaciones de crisis.<br \/>\nEl apoyo social que otorgan las redes ha demostrado ser un importante factor al evaluar el impacto que las crisis de vida tienen en las personas, ya que quienes cuentan con redes sociales activas tienen menor probabilidad de deprimirse luego de p\u00e9rdidas importantes. Desafortunadamente, en el caso del adulto mayor se observa un paulatino alejamiento de las redes de apoyo social y se torna en una tarea ineludible el brindar a los adultos mayores la posibilidad de conectarse a estas redes de apoyo.<\/p>\n<p><strong>FONDO NACIONAL DEL ADULTO MAYOR: AUTOGESTIONADO<\/strong><br \/>\nEs un programa definido como una de las estrategias de intervenci\u00f3n que busca promover y mantener la organizaci\u00f3n y participaci\u00f3n social de los adultos mayores facilitando su conexi\u00f3n a redes sociales.<\/p>\n","protected":false},"excerpt":{"rendered":"<p>A nivel regional entregar\u00e1 m\u00e1s de 450 millones de pesos. LOS ANDES.&#8211; Por primera vez en la provincia de Los Andes se realiz\u00f3 el lanzamiento a nivel regional del Fondo Concursable del&#8230;<\/p>\n","protected":false},"author":482,"featured_media":66322,"comment_status":"open","ping_status":"open","sticky":false,"template":"","format":"standard","meta":{"advanced_seo_description":"","jetpack_seo_html_title":"","jetpack_seo_noindex":false,"_jetpack_memberships_contains_paid_content":false,"footnotes":""},"categories":[1],"tags":[],"class_list":["post-66321","post","type-post","status-publish","format-standard","has-post-thumbnail","hentry","category-cronica"],"jetpack_featured_media_url":"https:\/\/i0.wp.com\/eltrabajo.cl\/portal\/wp-content\/uploads\/2016\/02\/Lanzamiento-senama-1.jpg?fit=530%2C349&ssl=1","jetpack_sharing_enabled":true,"jetpack_likes_enabled":true,"jetpack-related-posts":[],"_links":{"self":[{"href":"https:\/\/eltrabajo.cl\/portal\/wp-json\/wp\/v2\/posts\/66321","targetHints":{"allow":["GET"]}}],"collection":[{"href":"https:\/\/eltrabajo.cl\/portal\/wp-json\/wp\/v2\/posts"}],"about":[{"href":"https:\/\/eltrabajo.cl\/portal\/wp-json\/wp\/v2\/types\/post"}],"author":[{"embeddable":true,"href":"https:\/\/eltrabajo.cl\/portal\/wp-json\/wp\/v2\/users\/482"}],"replies":[{"embeddable":true,"href":"https:\/\/eltrabajo.cl\/portal\/wp-json\/wp\/v2\/comments?post=66321"}],"version-history":[{"count":0,"href":"https:\/\/eltrabajo.cl\/portal\/wp-json\/wp\/v2\/posts\/66321\/revisions"}],"wp:featuredmedia":[{"embeddable":true,"href":"https:\/\/eltrabajo.cl\/portal\/wp-json\/wp\/v2\/media\/66322"}],"wp:attachment":[{"href":"https:\/\/eltrabajo.cl\/portal\/wp-json\/wp\/v2\/media?parent=66321"}],"wp:term":[{"taxonomy":"category","embeddable":true,"href":"https:\/\/eltrabajo.cl\/portal\/wp-json\/wp\/v2\/categories?post=66321"},{"taxonomy":"post_tag","embeddable":true,"href":"https:\/\/eltrabajo.cl\/portal\/wp-json\/wp\/v2\/tags?post=66321"}],"curies":[{"name":"wp","href":"https:\/\/api.w.org\/{rel}","templated":true}]}}