{"id":66324,"date":"2016-02-01T09:40:48","date_gmt":"2016-02-01T12:40:48","guid":{"rendered":"http:\/\/www.eltrabajo.cl\/portal\/?p=66324"},"modified":"2016-02-01T09:40:48","modified_gmt":"2016-02-01T12:40:48","slug":"autoridades-evaluan-lugar-para-concretar-construccion-de-jardin-en-panquehue","status":"publish","type":"post","link":"https:\/\/eltrabajo.cl\/portal\/autoridades-evaluan-lugar-para-concretar-construccion-de-jardin-en-panquehue\/","title":{"rendered":"Autoridades eval\u00faan lugar para concretar construcci\u00f3n de jard\u00edn en Panquehue"},"content":{"rendered":"<figure id=\"attachment_66325\" aria-describedby=\"caption-attachment-66325\" style=\"width: 300px\" class=\"wp-caption alignleft\"><img data-recalc-dims=\"1\" loading=\"lazy\" decoding=\"async\" class=\"wp-image-66325 size-medium\" src=\"https:\/\/i0.wp.com\/www.eltrabajo.cl\/portal\/wp-content\/uploads\/2016\/02\/Jardin-infantil-Panquehue-300x198.jpg?resize=300%2C198\" alt=\"El gobernador Eduardo Le\u00f3n, junto a la directora regional de Junji, Priscila Corsi y el alcalde (s) Lautaro Silva recorrieron diversos lugares de Panquehue, evaluando los espacios disponibles para construir un jard\u00edn y sala cuna.\" width=\"300\" height=\"198\" srcset=\"https:\/\/i0.wp.com\/eltrabajo.cl\/portal\/wp-content\/uploads\/2016\/02\/Jardin-infantil-Panquehue.jpg?resize=300%2C198&amp;ssl=1 300w, https:\/\/i0.wp.com\/eltrabajo.cl\/portal\/wp-content\/uploads\/2016\/02\/Jardin-infantil-Panquehue.jpg?resize=200%2C132&amp;ssl=1 200w, https:\/\/i0.wp.com\/eltrabajo.cl\/portal\/wp-content\/uploads\/2016\/02\/Jardin-infantil-Panquehue.jpg?resize=227%2C150&amp;ssl=1 227w, https:\/\/i0.wp.com\/eltrabajo.cl\/portal\/wp-content\/uploads\/2016\/02\/Jardin-infantil-Panquehue.jpg?resize=400%2C264&amp;ssl=1 400w, https:\/\/i0.wp.com\/eltrabajo.cl\/portal\/wp-content\/uploads\/2016\/02\/Jardin-infantil-Panquehue.jpg?w=530&amp;ssl=1 530w\" sizes=\"auto, (max-width: 300px) 100vw, 300px\" \/><figcaption id=\"caption-attachment-66325\" class=\"wp-caption-text\">El gobernador Eduardo Le\u00f3n, junto a la directora regional de Junji, Priscila Corsi y el alcalde (s) Lautaro Silva recorrieron diversos lugares de Panquehue, evaluando los espacios disponibles para construir un jard\u00edn y sala cuna.<\/figcaption><\/figure>\n<ul>\n<li><strong>Recorrieron posibles espacios con el objetivo de poder concretar el sue\u00f1o de la comunidad de contar con m\u00e1s jardines y salas cuna.<\/strong><\/li>\n<\/ul>\n<p>Un recorrido por distintos terrenos de la comuna de Panquehue realiz\u00f3 el gobernador de San Felipe Eduardo Le\u00f3n, acompa\u00f1ado por la directora regional de Junji, Priscila Corsi y el alcalde (s) Lautaro Silva con el objetivo de evaluar los espacios disponibles para construir un jard\u00edn y sala cuna en esa comuna.<br \/>\nAl lugar llegaron con arquitectos y constructores quienes ser\u00e1n los responsables de realizar los estudios necesarios que permitan determinar la factibilidad de esta iniciativa, tan esperada por los vecinos del sector.<br \/>\nLa Directora Regional de Junji, Priscila Corsi valor\u00f3 el compromiso y preocupaci\u00f3n del Gobernador y asegur\u00f3 que el Gobierno de la Presidenta Bachelet har\u00e1 todos los esfuerzos por concretar proyectos de este tipo que van en directo beneficio de los ni\u00f1os, ni\u00f1as y sus familias.<br \/>\n\u00abEn Junji estamos trabajando intensamente para concretar el compromiso de la Presidenta Bachelet de construir m\u00e1s y mejores jardines infantiles, pues sabemos que la comunidad los necesita, los ni\u00f1os y ni\u00f1as requieren espacios seguros en donde crecer y desarrollarse y las familias, por otra parte, se sienten seguras al saber que sus hijos e hijas est\u00e1n recibiendo una educaci\u00f3n inicial de primer nivel en las condiciones de infraestructura adecuadas. Estamos trabajando para asegurar que la ampliaci\u00f3n de cobertura llegue a cada sector donde las ni\u00f1os y ni\u00f1as lo requieran\u00bb, asegur\u00f3.<br \/>\nEn tanto, el gobernador Eduardo Le\u00f3n se\u00f1al\u00f3 que \u00absabemos que se requieren salas cunas en la comuna y que en el sector de Lo Campo hay una gran demanda. Es un compromiso del Gobierno ampliar la cobertura, por eso estudiaremos en esta mesa t\u00e9cnica de manera expr\u00e9s, una alternativa para avanzar en un proyecto. Recordemos que la reforma a la educaci\u00f3n implica nuevos est\u00e1ndares a la educaci\u00f3n parvularia, que por supuesto estar\u00e1n aplicadas ac\u00e1 para una mejor atenci\u00f3n a nuestros ni\u00f1os\u00bb, finaliz\u00f3 la m\u00e1xima autoridad provincial.<br \/>\nEn tanto, el jefe comunal subrogante manifest\u00f3 que \u00abesperamos que los plazos se acoten de la mayor forma posible. Nuestro municipio est\u00e1 con toda la disposici\u00f3n de agilizar los procesos, para que surja en la mayor brevedad\u00bb destac\u00f3.<\/p>\n","protected":false},"excerpt":{"rendered":"<p>Recorrieron posibles espacios con el objetivo de poder concretar el sue\u00f1o de la comunidad de contar con m\u00e1s jardines y salas cuna. Un recorrido por distintos terrenos de la comuna de Panquehue&#8230;<\/p>\n","protected":false},"author":482,"featured_media":66325,"comment_status":"open","ping_status":"open","sticky":false,"template":"","format":"standard","meta":{"advanced_seo_description":"","jetpack_seo_html_title":"","jetpack_seo_noindex":false,"_jetpack_memberships_contains_paid_content":false,"footnotes":""},"categories":[1],"tags":[],"class_list":["post-66324","post","type-post","status-publish","format-standard","has-post-thumbnail","hentry","category-cronica"],"jetpack_featured_media_url":"https:\/\/i0.wp.com\/eltrabajo.cl\/portal\/wp-content\/uploads\/2016\/02\/Jardin-infantil-Panquehue.jpg?fit=530%2C350&ssl=1","jetpack_sharing_enabled":true,"jetpack_likes_enabled":true,"jetpack-related-posts":[],"_links":{"self":[{"href":"https:\/\/eltrabajo.cl\/portal\/wp-json\/wp\/v2\/posts\/66324","targetHints":{"allow":["GET"]}}],"collection":[{"href":"https:\/\/eltrabajo.cl\/portal\/wp-json\/wp\/v2\/posts"}],"about":[{"href":"https:\/\/eltrabajo.cl\/portal\/wp-json\/wp\/v2\/types\/post"}],"author":[{"embeddable":true,"href":"https:\/\/eltrabajo.cl\/portal\/wp-json\/wp\/v2\/users\/482"}],"replies":[{"embeddable":true,"href":"https:\/\/eltrabajo.cl\/portal\/wp-json\/wp\/v2\/comments?post=66324"}],"version-history":[{"count":0,"href":"https:\/\/eltrabajo.cl\/portal\/wp-json\/wp\/v2\/posts\/66324\/revisions"}],"wp:featuredmedia":[{"embeddable":true,"href":"https:\/\/eltrabajo.cl\/portal\/wp-json\/wp\/v2\/media\/66325"}],"wp:attachment":[{"href":"https:\/\/eltrabajo.cl\/portal\/wp-json\/wp\/v2\/media?parent=66324"}],"wp:term":[{"taxonomy":"category","embeddable":true,"href":"https:\/\/eltrabajo.cl\/portal\/wp-json\/wp\/v2\/categories?post=66324"},{"taxonomy":"post_tag","embeddable":true,"href":"https:\/\/eltrabajo.cl\/portal\/wp-json\/wp\/v2\/tags?post=66324"}],"curies":[{"name":"wp","href":"https:\/\/api.w.org\/{rel}","templated":true}]}}