{"id":66333,"date":"2016-02-01T09:45:29","date_gmt":"2016-02-01T12:45:29","guid":{"rendered":"http:\/\/www.eltrabajo.cl\/portal\/?p=66333"},"modified":"2016-02-01T09:45:29","modified_gmt":"2016-02-01T12:45:29","slug":"agreden-a-dos-carabineros-en-procedimiento-por-violencia-intrafamiliar","status":"publish","type":"post","link":"https:\/\/eltrabajo.cl\/portal\/agreden-a-dos-carabineros-en-procedimiento-por-violencia-intrafamiliar\/","title":{"rendered":"Agreden a dos carabineros en procedimiento por violencia intrafamiliar"},"content":{"rendered":"<figure id=\"attachment_66334\" aria-describedby=\"caption-attachment-66334\" style=\"width: 300px\" class=\"wp-caption alignleft\"><img data-recalc-dims=\"1\" loading=\"lazy\" decoding=\"async\" class=\"wp-image-66334 size-medium\" src=\"https:\/\/i0.wp.com\/www.eltrabajo.cl\/portal\/wp-content\/uploads\/2016\/02\/AGRESION-A-CARABINEROS-300x197.jpg?resize=300%2C197\" alt=\"Dos carabineros de Putaendo resultaron lesionados tras un enfrentamiento con un hombre acusado de participar de un episodio de violencia intrafamiliar.\" width=\"300\" height=\"197\" srcset=\"https:\/\/i0.wp.com\/eltrabajo.cl\/portal\/wp-content\/uploads\/2016\/02\/AGRESION-A-CARABINEROS.jpg?resize=300%2C197&amp;ssl=1 300w, https:\/\/i0.wp.com\/eltrabajo.cl\/portal\/wp-content\/uploads\/2016\/02\/AGRESION-A-CARABINEROS.jpg?resize=200%2C131&amp;ssl=1 200w, https:\/\/i0.wp.com\/eltrabajo.cl\/portal\/wp-content\/uploads\/2016\/02\/AGRESION-A-CARABINEROS.jpg?resize=228%2C150&amp;ssl=1 228w, https:\/\/i0.wp.com\/eltrabajo.cl\/portal\/wp-content\/uploads\/2016\/02\/AGRESION-A-CARABINEROS.jpg?resize=400%2C263&amp;ssl=1 400w, https:\/\/i0.wp.com\/eltrabajo.cl\/portal\/wp-content\/uploads\/2016\/02\/AGRESION-A-CARABINEROS.jpg?w=530&amp;ssl=1 530w\" sizes=\"auto, (max-width: 300px) 100vw, 300px\" \/><figcaption id=\"caption-attachment-66334\" class=\"wp-caption-text\">Dos carabineros de Putaendo resultaron lesionados tras un enfrentamiento con un hombre acusado de participar de un episodio de violencia intrafamiliar.<\/figcaption><\/figure>\n<ul>\n<li><strong>Efectivos policiales acudieron al llamado de una v\u00edctima en Rinconada de Silva y en medio del procedimiento fueron atacados por el denunciado.<\/strong><\/li>\n<\/ul>\n<p><strong>PUTAENDO.-<\/strong> Dos carabineros de la comuna de Putaendo resultaron con lesiones leves tras atender una denuncia por violencia intrafamiliar en Rinconada de Silva.<br \/>\nDe acuerdo a lo detallado por el Suboficial Jorge Fuentes P\u00e9rez, Jefe del Ret\u00e9n de Carabineros de Guzmanes, la ma\u00f1ana del s\u00e1bado se recibi\u00f3 una llamada telef\u00f3nica de una mujer dando cuenta que hab\u00eda sido agredida por su hermano mayor, aparentemente en estado de ebriedad y bajo el efecto de las drogas, en la localidad de Rinconada de Silva, por lo que efectivos policiales se trasladaron al lugar para adoptar el procedimiento correspondiente.<br \/>\nAl apersonarse en el domicilio de la afectada, \u00e9sta les narr\u00f3 lo ocurrido, indicando que su hermano mayor le propin\u00f3 un golpe de pu\u00f1o en el rostro y ella se defendiera golpe\u00e1ndolo con un candado.<br \/>\nEl agresor, al ver la presencia de Carabineros, se dirigi\u00f3 hacia un taller mec\u00e1nico situado en la misma vivienda, eventualmente con la intenci\u00f3n de atentar contra su vida, pues al ingreso de funcionarios policiales lo encontraron con una soga atada a su cuello y tendido en el suelo, aparentemente tras sufrir una ca\u00edda.<br \/>\nPersonal policial le indic\u00f3 al denunciado que ser\u00eda detenido bajo los cargos de lesiones menos graves en el contexto de violencia intrafamiliar, ante lo cual el individuo reaccion\u00f3 violentamente, golpeando en el rostro a un carabinero y arrojando herramientas que se encontraban en el lugar, por lo que dos efectivos resultaron con lesiones leves. Debido a esta situaci\u00f3n Carabineros debi\u00f3 usar la fuerza para lograr reducir y detener al agresor, quien pas\u00f3 a control de detenci\u00f3n durante este domingo bajo los cargos de lesiones menos graves en el contexto de violencia intrafamiliar, maltrato de obra a Carabineros en servicio y por mantener una orden de detenci\u00f3n pendiente.<br \/>\nPatricio Gallardo M.<\/p>\n","protected":false},"excerpt":{"rendered":"<p>Efectivos policiales acudieron al llamado de una v\u00edctima en Rinconada de Silva y en medio del procedimiento fueron atacados por el denunciado. PUTAENDO.- Dos carabineros de la comuna de Putaendo resultaron con&#8230;<\/p>\n","protected":false},"author":482,"featured_media":66334,"comment_status":"open","ping_status":"open","sticky":false,"template":"","format":"standard","meta":{"advanced_seo_description":"","jetpack_seo_html_title":"","jetpack_seo_noindex":false,"_jetpack_memberships_contains_paid_content":false,"footnotes":""},"categories":[21],"tags":[],"class_list":["post-66333","post","type-post","status-publish","format-standard","has-post-thumbnail","hentry","category-policial"],"jetpack_featured_media_url":"https:\/\/i0.wp.com\/eltrabajo.cl\/portal\/wp-content\/uploads\/2016\/02\/AGRESION-A-CARABINEROS.jpg?fit=530%2C348&ssl=1","jetpack_sharing_enabled":true,"jetpack_likes_enabled":true,"jetpack-related-posts":[],"_links":{"self":[{"href":"https:\/\/eltrabajo.cl\/portal\/wp-json\/wp\/v2\/posts\/66333","targetHints":{"allow":["GET"]}}],"collection":[{"href":"https:\/\/eltrabajo.cl\/portal\/wp-json\/wp\/v2\/posts"}],"about":[{"href":"https:\/\/eltrabajo.cl\/portal\/wp-json\/wp\/v2\/types\/post"}],"author":[{"embeddable":true,"href":"https:\/\/eltrabajo.cl\/portal\/wp-json\/wp\/v2\/users\/482"}],"replies":[{"embeddable":true,"href":"https:\/\/eltrabajo.cl\/portal\/wp-json\/wp\/v2\/comments?post=66333"}],"version-history":[{"count":0,"href":"https:\/\/eltrabajo.cl\/portal\/wp-json\/wp\/v2\/posts\/66333\/revisions"}],"wp:featuredmedia":[{"embeddable":true,"href":"https:\/\/eltrabajo.cl\/portal\/wp-json\/wp\/v2\/media\/66334"}],"wp:attachment":[{"href":"https:\/\/eltrabajo.cl\/portal\/wp-json\/wp\/v2\/media?parent=66333"}],"wp:term":[{"taxonomy":"category","embeddable":true,"href":"https:\/\/eltrabajo.cl\/portal\/wp-json\/wp\/v2\/categories?post=66333"},{"taxonomy":"post_tag","embeddable":true,"href":"https:\/\/eltrabajo.cl\/portal\/wp-json\/wp\/v2\/tags?post=66333"}],"curies":[{"name":"wp","href":"https:\/\/api.w.org\/{rel}","templated":true}]}}