{"id":66336,"date":"2016-02-01T09:48:08","date_gmt":"2016-02-01T12:48:08","guid":{"rendered":"http:\/\/www.eltrabajo.cl\/portal\/?p=66336"},"modified":"2016-02-01T09:48:08","modified_gmt":"2016-02-01T12:48:08","slug":"a-punta-de-cuchillo-y-golpes-asaltan-a-joven-para-robarle-diez-mil-pesos","status":"publish","type":"post","link":"https:\/\/eltrabajo.cl\/portal\/a-punta-de-cuchillo-y-golpes-asaltan-a-joven-para-robarle-diez-mil-pesos\/","title":{"rendered":"A punta de cuchillo y golpes asaltan a joven para robarle diez mil pesos"},"content":{"rendered":"<figure id=\"attachment_66337\" aria-describedby=\"caption-attachment-66337\" style=\"width: 300px\" class=\"wp-caption alignleft\"><img data-recalc-dims=\"1\" loading=\"lazy\" decoding=\"async\" class=\"wp-image-66337 size-medium\" src=\"https:\/\/i0.wp.com\/www.eltrabajo.cl\/portal\/wp-content\/uploads\/2016\/02\/IMPUTADO-DETENIDO-300x198.jpg?resize=300%2C198\" alt=\"Los sujetos tras ser detenidos por Carabineros fueron formalizados por la Fiscal\u00eda por el delito de robo con intimidaci\u00f3n y violencia. (Foto Archivo).\" width=\"300\" height=\"198\" srcset=\"https:\/\/i0.wp.com\/eltrabajo.cl\/portal\/wp-content\/uploads\/2016\/02\/IMPUTADO-DETENIDO.jpg?resize=300%2C198&amp;ssl=1 300w, https:\/\/i0.wp.com\/eltrabajo.cl\/portal\/wp-content\/uploads\/2016\/02\/IMPUTADO-DETENIDO.jpg?resize=200%2C132&amp;ssl=1 200w, https:\/\/i0.wp.com\/eltrabajo.cl\/portal\/wp-content\/uploads\/2016\/02\/IMPUTADO-DETENIDO.jpg?resize=228%2C150&amp;ssl=1 228w, https:\/\/i0.wp.com\/eltrabajo.cl\/portal\/wp-content\/uploads\/2016\/02\/IMPUTADO-DETENIDO.jpg?resize=400%2C263&amp;ssl=1 400w, https:\/\/i0.wp.com\/eltrabajo.cl\/portal\/wp-content\/uploads\/2016\/02\/IMPUTADO-DETENIDO.jpg?w=530&amp;ssl=1 530w\" sizes=\"auto, (max-width: 300px) 100vw, 300px\" \/><figcaption id=\"caption-attachment-66337\" class=\"wp-caption-text\">Los sujetos tras ser detenidos por Carabineros fueron formalizados por la Fiscal\u00eda por el delito de robo con intimidaci\u00f3n y violencia. (Foto Archivo).<\/figcaption><\/figure>\n<ul>\n<li><strong>V\u00edctima de 26 a\u00f1os fue abordado por los delincuentes en la comuna de Llay Llay, quienes lo intimidaron con una cortaplumas para luego golpearlo y arrebatarle el dinero que portaba.<\/strong><\/li>\n<\/ul>\n<p>Gracias a las c\u00e1maras de seguridad instaladas en distintos per\u00edmetros de la comuna de Llay Llay, Carabineros pudo identificar a dos antisociales que cometieron un robo con violencia e intimidaci\u00f3n contra un joven de 26 a\u00f1os de edad, quien fue agredido a golpes por estos sujetos para apoderarse de $10.000 en efectivo que manten\u00eda en su bolsillo.<br \/>\nLos hechos ocurrieron a eso de las 01:30 horas de la madrugada del jueves, cuando el operador de las c\u00e1maras de seguridad de esa localidad advirti\u00f3 a Carabineros que en calle Patricio Lynch esquina Alcides Vargas se comet\u00eda un robo con intimidaci\u00f3n. Los efectivos policiales al concurrir al lugar comenzaron la b\u00fasqueda de los antisociales protagonistas de este delito que fueron observados circulando por avenida Balmaceda esquina Edwards, a quienes se les practic\u00f3 un control de identidad.<br \/>\nPrecisamente en esos instantes arrib\u00f3 a dicha arteria la v\u00edctima, quien individualiz\u00f3 a estos mismos sujetos como los autores del robo de su dinero, detallando que los delincuentes lo intimidaron con un arma blanca para luego golpearlo y cometer el asalto.<br \/>\nCarabineros, al revisar las vestimentas de uno de los individuos encontr\u00f3 el dinero perteneciente a la v\u00edctima, por lo cual resultaron ambos detenidos por este delito. En tanto el afectado fue conducido hasta un centro hospitalario para la constataci\u00f3n de lesiones diagnosticadas de car\u00e1cter leve.<br \/>\nLos imputados fueron identificados como Erik Flores Gonz\u00e1lez (19) y Alejandro Mu\u00f1oz Mu\u00f1oz (30) ambos con antecedentes delictuales, quienes fueron derivados hasta el Juzgado de Garant\u00eda de San Felipe, siendo formalizados por la Fiscal\u00eda por el delito de robo con violencia e intimidaci\u00f3n.<br \/>\nSin embargo al t\u00e9rmino de la audiencia, los acusados recuperaron su libertad con m\u00ednimas cautelares de firma mensual en Carabineros y con prohibici\u00f3n de acercarse a la v\u00edctima y salir del pa\u00eds por el tiempo que dure la investigaci\u00f3n del caso.<br \/>\n<strong>Pablo Salinas Sald\u00edas<\/strong><\/p>\n","protected":false},"excerpt":{"rendered":"<p>V\u00edctima de 26 a\u00f1os fue abordado por los delincuentes en la comuna de Llay Llay, quienes lo intimidaron con una cortaplumas para luego golpearlo y arrebatarle el dinero que portaba. Gracias a&#8230;<\/p>\n","protected":false},"author":482,"featured_media":66337,"comment_status":"open","ping_status":"open","sticky":false,"template":"","format":"standard","meta":{"advanced_seo_description":"","jetpack_seo_html_title":"","jetpack_seo_noindex":false,"_jetpack_memberships_contains_paid_content":false,"footnotes":""},"categories":[21],"tags":[],"class_list":["post-66336","post","type-post","status-publish","format-standard","has-post-thumbnail","hentry","category-policial"],"jetpack_featured_media_url":"https:\/\/i0.wp.com\/eltrabajo.cl\/portal\/wp-content\/uploads\/2016\/02\/IMPUTADO-DETENIDO.jpg?fit=530%2C349&ssl=1","jetpack_sharing_enabled":true,"jetpack_likes_enabled":true,"jetpack-related-posts":[],"_links":{"self":[{"href":"https:\/\/eltrabajo.cl\/portal\/wp-json\/wp\/v2\/posts\/66336","targetHints":{"allow":["GET"]}}],"collection":[{"href":"https:\/\/eltrabajo.cl\/portal\/wp-json\/wp\/v2\/posts"}],"about":[{"href":"https:\/\/eltrabajo.cl\/portal\/wp-json\/wp\/v2\/types\/post"}],"author":[{"embeddable":true,"href":"https:\/\/eltrabajo.cl\/portal\/wp-json\/wp\/v2\/users\/482"}],"replies":[{"embeddable":true,"href":"https:\/\/eltrabajo.cl\/portal\/wp-json\/wp\/v2\/comments?post=66336"}],"version-history":[{"count":0,"href":"https:\/\/eltrabajo.cl\/portal\/wp-json\/wp\/v2\/posts\/66336\/revisions"}],"wp:featuredmedia":[{"embeddable":true,"href":"https:\/\/eltrabajo.cl\/portal\/wp-json\/wp\/v2\/media\/66337"}],"wp:attachment":[{"href":"https:\/\/eltrabajo.cl\/portal\/wp-json\/wp\/v2\/media?parent=66336"}],"wp:term":[{"taxonomy":"category","embeddable":true,"href":"https:\/\/eltrabajo.cl\/portal\/wp-json\/wp\/v2\/categories?post=66336"},{"taxonomy":"post_tag","embeddable":true,"href":"https:\/\/eltrabajo.cl\/portal\/wp-json\/wp\/v2\/tags?post=66336"}],"curies":[{"name":"wp","href":"https:\/\/api.w.org\/{rel}","templated":true}]}}