{"id":66339,"date":"2016-02-01T09:50:07","date_gmt":"2016-02-01T12:50:07","guid":{"rendered":"http:\/\/www.eltrabajo.cl\/portal\/?p=66339"},"modified":"2016-02-01T09:50:07","modified_gmt":"2016-02-01T12:50:07","slug":"a-la-carcel-conductor-ebrio-que-atropello-a-dos-taxistas-en-avenida-yungay","status":"publish","type":"post","link":"https:\/\/eltrabajo.cl\/portal\/a-la-carcel-conductor-ebrio-que-atropello-a-dos-taxistas-en-avenida-yungay\/","title":{"rendered":"A la c\u00e1rcel conductor ebrio que atropell\u00f3 a dos taxistas en Avenida Yungay"},"content":{"rendered":"<figure id=\"attachment_66340\" aria-describedby=\"caption-attachment-66340\" style=\"width: 300px\" class=\"wp-caption alignleft\"><img data-recalc-dims=\"1\" loading=\"lazy\" decoding=\"async\" class=\"wp-image-66340 size-medium\" src=\"https:\/\/i0.wp.com\/www.eltrabajo.cl\/portal\/wp-content\/uploads\/2016\/02\/ACCIDENTE-YUNGAY-300x198.jpg?resize=300%2C198\" alt=\"El accidente ocurri\u00f3 en horas de la madrugada del viernes en avenida Yungay de San Felipe, resultando dos choferes de taxi heridos de consideraci\u00f3n tras ser embestidos por un conductor que circulaba en estado de ebriedad. (Foto Facebook: Claudia Cerda Vald\u00e9s).\" width=\"300\" height=\"198\" srcset=\"https:\/\/i0.wp.com\/eltrabajo.cl\/portal\/wp-content\/uploads\/2016\/02\/ACCIDENTE-YUNGAY.jpg?resize=300%2C198&amp;ssl=1 300w, https:\/\/i0.wp.com\/eltrabajo.cl\/portal\/wp-content\/uploads\/2016\/02\/ACCIDENTE-YUNGAY.jpg?resize=200%2C132&amp;ssl=1 200w, https:\/\/i0.wp.com\/eltrabajo.cl\/portal\/wp-content\/uploads\/2016\/02\/ACCIDENTE-YUNGAY.jpg?resize=227%2C150&amp;ssl=1 227w, https:\/\/i0.wp.com\/eltrabajo.cl\/portal\/wp-content\/uploads\/2016\/02\/ACCIDENTE-YUNGAY.jpg?resize=400%2C264&amp;ssl=1 400w, https:\/\/i0.wp.com\/eltrabajo.cl\/portal\/wp-content\/uploads\/2016\/02\/ACCIDENTE-YUNGAY.jpg?w=530&amp;ssl=1 530w\" sizes=\"auto, (max-width: 300px) 100vw, 300px\" \/><figcaption id=\"caption-attachment-66340\" class=\"wp-caption-text\">El accidente ocurri\u00f3 en horas de la madrugada del viernes en avenida Yungay de San Felipe, resultando dos choferes de taxi heridos de consideraci\u00f3n tras ser embestidos por un conductor que circulaba en estado de ebriedad. (Foto Facebook: Claudia Cerda Vald\u00e9s).<\/figcaption><\/figure>\n<ul>\n<li><strong>V\u00edctimas se encontraban a un costado de la calzada, fuera de sus m\u00f3viles, cuando fueron embestidos por este conductor que se movilizaba con 2.08 gramos de alcohol en el cuerpo. Fiscal\u00eda lo formaliz\u00f3 por este delito, destacando que ya manten\u00eda tres detenciones anteriores por conducci\u00f3n en estado de ebriedad.<\/strong><\/li>\n<\/ul>\n<p>Dos personas resultaron con heridas de consideraci\u00f3n, uno de ellos con fractura de pierna grave y el segundo con un esguince leve, tras ser embestidos por un conductor que se movilizaba en estado de ebriedad y a gran velocidad. El automovilista, luego de impactar a las v\u00edctimas que se encontraban a un costado de la calzada en Avenida Yungay de San Felipe, se habr\u00eda dado a la fuga a pie, siendo detenido luego por Carabineros.<br \/>\nDe acuerdo al reporte policial, los hechos ocurrieron a eso de las 04:00 horas de la madrugada del pasado viernes, cuando dos choferes de taxi de la empresa Taxcom se habr\u00edan encontrado fuera de sus m\u00f3viles en un lapso de descanso, estacionados a un costado de la calzada en Avenida Yungay esquina Carlos Condell. En esos momentos, sorpresivamente fueron atropellados por el conductor de un veh\u00edculo marca BMW modelo 320 placa patente DH KX 40 que se estrell\u00f3 contra ellos.<br \/>\nA consecuencia de este grave accidente, el conductor del m\u00f3vil escap\u00f3 del lugar de los hechos sin brindar ning\u00fan auxilio a las v\u00edctimas que resultaron con heridas de gravedad. Seg\u00fan se pudo conocer, transe\u00fantes que advirtieron el accidente prestaron primeros auxilios a uno de los afectados identificado como Christian Cerda Vald\u00e9s, quien sangraba profusamente en una de sus piernas. Los testigos utilizaron una polera a modo de torniquete para evitar la p\u00e9rdida de sangre.<br \/>\nAsimismo, se requiri\u00f3 la presencia de Carabineros y el personal de Samu para el traslado de los heridos hasta el Servicio de Urgencias del Hospital San Camilo, siendo diagnosticados con lesiones graves de fractura expuesta en la pierna derecha de unas de las v\u00edctimas, mientras que el segundo lesionado result\u00f3 con una contusi\u00f3n y esguince leve en una rodilla.<br \/>\nGracias a los antecedentes reportados por terceras personas, Carabineros logr\u00f3 ubicar al conductor del veh\u00edculo BMW, quien habr\u00eda huido del accidente, siendo detenido por su responsabilidad en los hechos. Al practicarle un examen de intoxilyzer \u00e9ste arroj\u00f3 2.08 gramos de alcohol por litro de sangre, debiendo ser trasladado hasta el Hospital San Camilo para la pr\u00e1ctica de la alcoholemia de rigor.<br \/>\nCabe se\u00f1alar que el conductor imputado, individualizado con las iniciales D.A.C.L. de 44 a\u00f1os de edad, mantiene tres detenciones anteriores en sus antecedentes al ser sorprendido por Carabineros conduciendo en estado de ebriedad.<br \/>\nLa detenci\u00f3n de este sujeto fue controlada este s\u00e1bado en la sala del Juzgado de Garant\u00eda de San Felipe por el delito de Conducci\u00f3n en estado de ebriedad con resultado de lesiones graves y leves respectivamente a las v\u00edctimas de estos hechos. El Fiscal del Ministerio P\u00fablico, Julio Palacios Bobadilla, requiri\u00f3 ante el Tribunal la m\u00e1xima cautelar de Prisi\u00f3n Preventiva, medida que fue acogida por el juez, decretando un plazo de 45 d\u00edas para la investigaci\u00f3n del caso, donde ser\u00eda sancionado por la vigente \u2018Ley Emilia\u2019.<br \/>\n<strong>Pablo Salinas Sald\u00edas<\/strong><\/p>\n","protected":false},"excerpt":{"rendered":"<p>V\u00edctimas se encontraban a un costado de la calzada, fuera de sus m\u00f3viles, cuando fueron embestidos por este conductor que se movilizaba con 2.08 gramos de alcohol en el cuerpo. Fiscal\u00eda lo&#8230;<\/p>\n","protected":false},"author":482,"featured_media":66340,"comment_status":"open","ping_status":"open","sticky":false,"template":"","format":"standard","meta":{"advanced_seo_description":"","jetpack_seo_html_title":"","jetpack_seo_noindex":false,"_jetpack_memberships_contains_paid_content":false,"footnotes":""},"categories":[21],"tags":[],"class_list":["post-66339","post","type-post","status-publish","format-standard","has-post-thumbnail","hentry","category-policial"],"jetpack_featured_media_url":"https:\/\/i0.wp.com\/eltrabajo.cl\/portal\/wp-content\/uploads\/2016\/02\/ACCIDENTE-YUNGAY.jpg?fit=530%2C350&ssl=1","jetpack_sharing_enabled":true,"jetpack_likes_enabled":true,"jetpack-related-posts":[],"_links":{"self":[{"href":"https:\/\/eltrabajo.cl\/portal\/wp-json\/wp\/v2\/posts\/66339","targetHints":{"allow":["GET"]}}],"collection":[{"href":"https:\/\/eltrabajo.cl\/portal\/wp-json\/wp\/v2\/posts"}],"about":[{"href":"https:\/\/eltrabajo.cl\/portal\/wp-json\/wp\/v2\/types\/post"}],"author":[{"embeddable":true,"href":"https:\/\/eltrabajo.cl\/portal\/wp-json\/wp\/v2\/users\/482"}],"replies":[{"embeddable":true,"href":"https:\/\/eltrabajo.cl\/portal\/wp-json\/wp\/v2\/comments?post=66339"}],"version-history":[{"count":0,"href":"https:\/\/eltrabajo.cl\/portal\/wp-json\/wp\/v2\/posts\/66339\/revisions"}],"wp:featuredmedia":[{"embeddable":true,"href":"https:\/\/eltrabajo.cl\/portal\/wp-json\/wp\/v2\/media\/66340"}],"wp:attachment":[{"href":"https:\/\/eltrabajo.cl\/portal\/wp-json\/wp\/v2\/media?parent=66339"}],"wp:term":[{"taxonomy":"category","embeddable":true,"href":"https:\/\/eltrabajo.cl\/portal\/wp-json\/wp\/v2\/categories?post=66339"},{"taxonomy":"post_tag","embeddable":true,"href":"https:\/\/eltrabajo.cl\/portal\/wp-json\/wp\/v2\/tags?post=66339"}],"curies":[{"name":"wp","href":"https:\/\/api.w.org\/{rel}","templated":true}]}}