{"id":66348,"date":"2016-02-02T09:46:41","date_gmt":"2016-02-02T12:46:41","guid":{"rendered":"http:\/\/www.eltrabajo.cl\/portal\/?p=66348"},"modified":"2016-02-02T09:46:41","modified_gmt":"2016-02-02T12:46:41","slug":"voluntarias-dan-nuevo-aire-a-antigua-estacion-de-trenes","status":"publish","type":"post","link":"https:\/\/eltrabajo.cl\/portal\/voluntarias-dan-nuevo-aire-a-antigua-estacion-de-trenes\/","title":{"rendered":"Voluntarias dan nuevo aire a antigua Estaci\u00f3n de Trenes"},"content":{"rendered":"<figure id=\"attachment_66349\" aria-describedby=\"caption-attachment-66349\" style=\"width: 300px\" class=\"wp-caption alignleft\"><img data-recalc-dims=\"1\" loading=\"lazy\" decoding=\"async\" class=\"wp-image-66349 size-medium\" src=\"https:\/\/i0.wp.com\/www.eltrabajo.cl\/portal\/wp-content\/uploads\/2016\/02\/FOTO-GRUPAL-RECUPERACION-ESTACION-300x198.jpg?resize=300%2C198\" alt=\"Junto a la concejal Margarita Puebla, las voluntarias de Servicio Pa\u00eds que limpiaron y pintaron la fachada de la antigua Estaci\u00f3n de Llay Llay.\" width=\"300\" height=\"198\" srcset=\"https:\/\/i0.wp.com\/eltrabajo.cl\/portal\/wp-content\/uploads\/2016\/02\/FOTO-GRUPAL-RECUPERACION-ESTACION.jpg?resize=300%2C198&amp;ssl=1 300w, https:\/\/i0.wp.com\/eltrabajo.cl\/portal\/wp-content\/uploads\/2016\/02\/FOTO-GRUPAL-RECUPERACION-ESTACION.jpg?resize=200%2C132&amp;ssl=1 200w, https:\/\/i0.wp.com\/eltrabajo.cl\/portal\/wp-content\/uploads\/2016\/02\/FOTO-GRUPAL-RECUPERACION-ESTACION.jpg?resize=228%2C150&amp;ssl=1 228w, https:\/\/i0.wp.com\/eltrabajo.cl\/portal\/wp-content\/uploads\/2016\/02\/FOTO-GRUPAL-RECUPERACION-ESTACION.jpg?resize=400%2C263&amp;ssl=1 400w, https:\/\/i0.wp.com\/eltrabajo.cl\/portal\/wp-content\/uploads\/2016\/02\/FOTO-GRUPAL-RECUPERACION-ESTACION.jpg?w=530&amp;ssl=1 530w\" sizes=\"auto, (max-width: 300px) 100vw, 300px\" \/><figcaption id=\"caption-attachment-66349\" class=\"wp-caption-text\">Junto a la concejal Margarita Puebla, las voluntarias de Servicio Pa\u00eds que limpiaron y pintaron la fachada de la antigua Estaci\u00f3n de Llay Llay.<\/figcaption><\/figure>\n<p><strong>LLAY LLAY.<\/strong>&#8211; \u201cBlanco invierno\u201d es el color que Carolina Pacheco, Patricia Mart\u00ednez, la concejal Margarita Puebla y colaboradoras aplicaron a la fachada del lugar que una vez fue el epicentro de la vida social de la ciudad del Viento Viento.<br \/>\nLa cara visible de la estaci\u00f3n frente la plaza de Armas de la ciudad luce renovada. Durante los s\u00e1bados 23 y 30 de enero, las profesionales de Servicio Pa\u00eds rasparon limpiaron y pintaron la fachada.<br \/>\n\u201cPara este s\u00e1bado 6 de febrero vamos a realizar un mural\u201d, dice Patricia Mart\u00ednez. Servicio Pa\u00eds de la Fundaci\u00f3n para la superaci\u00f3n de la Pobreza, que funciona en convenio con la Municipalidad de Llay Llay, realiza intervenci\u00f3n de rescate barrial y patrimonial en la ciudad y parte del trabajo focalizado es hermosear la fachada de la Antigua Estaci\u00f3n de Llay Llay.<br \/>\nLa concejal Margarita Puebla detall\u00f3 \u201cvine a dejar ag\u00fcita y me puse ayudar, es un gran trabajo el que realizan en nuestra Estaci\u00f3n, un lugar que todos y todas amamos\u201d.<br \/>\nEl s\u00e1bado 6 de febrero se realizar\u00e1 un nuevo operativo al que est\u00e1 invitada toda la comunidad.<br \/>\n<strong>Marianela Quevedo<\/strong><\/p>\n","protected":false},"excerpt":{"rendered":"<p>LLAY LLAY.&#8211; \u201cBlanco invierno\u201d es el color que Carolina Pacheco, Patricia Mart\u00ednez, la concejal Margarita Puebla y colaboradoras aplicaron a la fachada del lugar que una vez fue el epicentro de la&#8230;<\/p>\n","protected":false},"author":482,"featured_media":66349,"comment_status":"open","ping_status":"open","sticky":false,"template":"","format":"standard","meta":{"advanced_seo_description":"","jetpack_seo_html_title":"","jetpack_seo_noindex":false,"_jetpack_memberships_contains_paid_content":false,"footnotes":""},"categories":[15],"tags":[],"class_list":["post-66348","post","type-post","status-publish","format-standard","has-post-thumbnail","hentry","category-comunidad"],"jetpack_featured_media_url":"https:\/\/i0.wp.com\/eltrabajo.cl\/portal\/wp-content\/uploads\/2016\/02\/FOTO-GRUPAL-RECUPERACION-ESTACION.jpg?fit=530%2C349&ssl=1","jetpack_sharing_enabled":true,"jetpack_likes_enabled":true,"jetpack-related-posts":[],"_links":{"self":[{"href":"https:\/\/eltrabajo.cl\/portal\/wp-json\/wp\/v2\/posts\/66348","targetHints":{"allow":["GET"]}}],"collection":[{"href":"https:\/\/eltrabajo.cl\/portal\/wp-json\/wp\/v2\/posts"}],"about":[{"href":"https:\/\/eltrabajo.cl\/portal\/wp-json\/wp\/v2\/types\/post"}],"author":[{"embeddable":true,"href":"https:\/\/eltrabajo.cl\/portal\/wp-json\/wp\/v2\/users\/482"}],"replies":[{"embeddable":true,"href":"https:\/\/eltrabajo.cl\/portal\/wp-json\/wp\/v2\/comments?post=66348"}],"version-history":[{"count":0,"href":"https:\/\/eltrabajo.cl\/portal\/wp-json\/wp\/v2\/posts\/66348\/revisions"}],"wp:featuredmedia":[{"embeddable":true,"href":"https:\/\/eltrabajo.cl\/portal\/wp-json\/wp\/v2\/media\/66349"}],"wp:attachment":[{"href":"https:\/\/eltrabajo.cl\/portal\/wp-json\/wp\/v2\/media?parent=66348"}],"wp:term":[{"taxonomy":"category","embeddable":true,"href":"https:\/\/eltrabajo.cl\/portal\/wp-json\/wp\/v2\/categories?post=66348"},{"taxonomy":"post_tag","embeddable":true,"href":"https:\/\/eltrabajo.cl\/portal\/wp-json\/wp\/v2\/tags?post=66348"}],"curies":[{"name":"wp","href":"https:\/\/api.w.org\/{rel}","templated":true}]}}