{"id":66351,"date":"2016-02-02T09:49:44","date_gmt":"2016-02-02T12:49:44","guid":{"rendered":"http:\/\/www.eltrabajo.cl\/portal\/?p=66351"},"modified":"2016-02-02T09:51:58","modified_gmt":"2016-02-02T12:51:58","slug":"llaman-al-autocuidado-por-condiciones-climaticas-cambiantes-y-complejas-en-la-cordillera","status":"publish","type":"post","link":"https:\/\/eltrabajo.cl\/portal\/llaman-al-autocuidado-por-condiciones-climaticas-cambiantes-y-complejas-en-la-cordillera\/","title":{"rendered":"Llaman al autocuidado por condiciones clim\u00e1ticas cambiantes y complejas en la cordillera"},"content":{"rendered":"<figure id=\"attachment_66352\" aria-describedby=\"caption-attachment-66352\" style=\"width: 300px\" class=\"wp-caption alignleft\"><img data-recalc-dims=\"1\" loading=\"lazy\" decoding=\"async\" class=\"wp-image-66352 size-medium\" src=\"https:\/\/i0.wp.com\/www.eltrabajo.cl\/portal\/wp-content\/uploads\/2016\/02\/Alud-Riecillo-300x198.jpg?resize=300%2C198\" alt=\"Las precipitaciones en altura constituyen un riesgo de aluviones como el que se produjo en Riecillos en el a\u00f1o 2013.\" width=\"300\" height=\"198\" srcset=\"https:\/\/i0.wp.com\/eltrabajo.cl\/portal\/wp-content\/uploads\/2016\/02\/Alud-Riecillo.jpg?resize=300%2C198&amp;ssl=1 300w, https:\/\/i0.wp.com\/eltrabajo.cl\/portal\/wp-content\/uploads\/2016\/02\/Alud-Riecillo.jpg?resize=200%2C132&amp;ssl=1 200w, https:\/\/i0.wp.com\/eltrabajo.cl\/portal\/wp-content\/uploads\/2016\/02\/Alud-Riecillo.jpg?resize=228%2C150&amp;ssl=1 228w, https:\/\/i0.wp.com\/eltrabajo.cl\/portal\/wp-content\/uploads\/2016\/02\/Alud-Riecillo.jpg?resize=400%2C263&amp;ssl=1 400w, https:\/\/i0.wp.com\/eltrabajo.cl\/portal\/wp-content\/uploads\/2016\/02\/Alud-Riecillo.jpg?w=530&amp;ssl=1 530w\" sizes=\"auto, (max-width: 300px) 100vw, 300px\" \/><figcaption id=\"caption-attachment-66352\" class=\"wp-caption-text\">Las precipitaciones en altura constituyen un riesgo de aluviones como el que se produjo en Riecillos en el a\u00f1o 2013.<\/figcaption><\/figure>\n<ul>\n<li><strong>Fen\u00f3menos aislados como lluvias o n\u00facleos fr\u00edos hacen que quienes suben a la monta\u00f1a deban extremar las precauciones.<\/strong><\/li>\n<\/ul>\n<p><strong>LOS ANDES<\/strong>.- A\u00fan cuando las altas temperaturas son la t\u00f3nica en enero y febrero en Los Andes, la situaci\u00f3n clim\u00e1tica en la cordillera es distinta y es por ello que se producen cortes en la ruta internacional.<br \/>\nPor lo anterior, el director provincial de emergencias, Carlos \u00c1lamos Guerra, llam\u00f3 a las personas que viajan hacia Argentina o que suben a la cordillera como paseo tomen las debidas precauciones a fin de no verse envueltos en situaciones de riesgo derivadas de esto eventos clim\u00e1ticos.<br \/>\nRecord\u00f3 que ello se genera porque es frecuente que en verano se produzcan lluvias o n\u00facleos fr\u00edos en altura, lo que deriva en la ocurrencia de aluviones y aludes similares a los que ya se han registrado en el lado argentino y que han obligado al cierre del paso internacional Cristo Redentor.<\/p>\n<figure id=\"attachment_66354\" aria-describedby=\"caption-attachment-66354\" style=\"width: 200px\" class=\"wp-caption alignright\"><img data-recalc-dims=\"1\" loading=\"lazy\" decoding=\"async\" class=\"wp-image-66354 size-thumbnail\" src=\"https:\/\/i0.wp.com\/www.eltrabajo.cl\/portal\/wp-content\/uploads\/2016\/02\/Carlos-Alamos-Guerra1-200x132.jpg?resize=200%2C132\" alt=\"Carlos \u00c1lamos Guerra, director provincial de emergencias.\" width=\"200\" height=\"132\" srcset=\"https:\/\/i0.wp.com\/eltrabajo.cl\/portal\/wp-content\/uploads\/2016\/02\/Carlos-Alamos-Guerra1.jpg?resize=200%2C132&amp;ssl=1 200w, https:\/\/i0.wp.com\/eltrabajo.cl\/portal\/wp-content\/uploads\/2016\/02\/Carlos-Alamos-Guerra1.jpg?resize=300%2C198&amp;ssl=1 300w, https:\/\/i0.wp.com\/eltrabajo.cl\/portal\/wp-content\/uploads\/2016\/02\/Carlos-Alamos-Guerra1.jpg?resize=228%2C150&amp;ssl=1 228w, https:\/\/i0.wp.com\/eltrabajo.cl\/portal\/wp-content\/uploads\/2016\/02\/Carlos-Alamos-Guerra1.jpg?resize=400%2C263&amp;ssl=1 400w, https:\/\/i0.wp.com\/eltrabajo.cl\/portal\/wp-content\/uploads\/2016\/02\/Carlos-Alamos-Guerra1.jpg?w=530&amp;ssl=1 530w\" sizes=\"auto, (max-width: 200px) 100vw, 200px\" \/><figcaption id=\"caption-attachment-66354\" class=\"wp-caption-text\">Carlos \u00c1lamos Guerra, director provincial de emergencias.<\/figcaption><\/figure>\n<p>\u201cPor eso el llamado a las personas es a que se cuiden cuando van a la cordillera, porque si bien en el valle uno ve que hay un clima estable, no sucede lo mismo en cordillera, ya que en a\u00f1os anteriores hemos tenido aluviones, aludes de barro, excursionistas extraviados, arrieros atrapados, entonces por eso llamamos a los excursionistas a informarse muy bien de las condiciones clim\u00e1ticas y dejar la constancia de su ascenso a la cordillera y fecha estimada de regreso en el Ret\u00e9n o Tenencia de Carabineros m\u00e1s cercano para que en caso de b\u00fasqueda tener certeza del lugar donde se encontrar\u00edan\u201d, puntualiz\u00f3 el director provincial de emergencias.<br \/>\nEl director record\u00f3 que cuando se producen emergencias con personas extraviadas en la cordillera primero se lleva adelante todo un operativo de b\u00fasqueda que consume bastante recursos de los equipos de emergencias, \u201cy eso deriva en que se descuiden otras emergencias en la provincia, ya que primero hay que buscar\u00e1 los extraviados y luego rescatarlos y de ah\u00ed la importancia de que los excursionistas y arrieros informen de sus rutas a Carabineros\u201d.<br \/>\nInsisti\u00f3 en que en la cordillera tambi\u00e9n se producen bajas temperaturas en las noches de verano y por eso las personas deben conocer estos aspectos antes de subir, sobre todo ahora en que estamos con fen\u00f3menos meteorol\u00f3gicos anormales a ra\u00edz de la corriente del ni\u00f1o.<\/p>\n","protected":false},"excerpt":{"rendered":"<p>Fen\u00f3menos aislados como lluvias o n\u00facleos fr\u00edos hacen que quienes suben a la monta\u00f1a deban extremar las precauciones. LOS ANDES.- A\u00fan cuando las altas temperaturas son la t\u00f3nica en enero y febrero&#8230;<\/p>\n","protected":false},"author":482,"featured_media":66352,"comment_status":"open","ping_status":"open","sticky":false,"template":"","format":"standard","meta":{"advanced_seo_description":"","jetpack_seo_html_title":"","jetpack_seo_noindex":false,"_jetpack_memberships_contains_paid_content":false,"footnotes":""},"categories":[1],"tags":[],"class_list":["post-66351","post","type-post","status-publish","format-standard","has-post-thumbnail","hentry","category-cronica"],"jetpack_featured_media_url":"https:\/\/i0.wp.com\/eltrabajo.cl\/portal\/wp-content\/uploads\/2016\/02\/Alud-Riecillo.jpg?fit=530%2C349&ssl=1","jetpack_sharing_enabled":true,"jetpack_likes_enabled":true,"jetpack-related-posts":[],"_links":{"self":[{"href":"https:\/\/eltrabajo.cl\/portal\/wp-json\/wp\/v2\/posts\/66351","targetHints":{"allow":["GET"]}}],"collection":[{"href":"https:\/\/eltrabajo.cl\/portal\/wp-json\/wp\/v2\/posts"}],"about":[{"href":"https:\/\/eltrabajo.cl\/portal\/wp-json\/wp\/v2\/types\/post"}],"author":[{"embeddable":true,"href":"https:\/\/eltrabajo.cl\/portal\/wp-json\/wp\/v2\/users\/482"}],"replies":[{"embeddable":true,"href":"https:\/\/eltrabajo.cl\/portal\/wp-json\/wp\/v2\/comments?post=66351"}],"version-history":[{"count":0,"href":"https:\/\/eltrabajo.cl\/portal\/wp-json\/wp\/v2\/posts\/66351\/revisions"}],"wp:featuredmedia":[{"embeddable":true,"href":"https:\/\/eltrabajo.cl\/portal\/wp-json\/wp\/v2\/media\/66352"}],"wp:attachment":[{"href":"https:\/\/eltrabajo.cl\/portal\/wp-json\/wp\/v2\/media?parent=66351"}],"wp:term":[{"taxonomy":"category","embeddable":true,"href":"https:\/\/eltrabajo.cl\/portal\/wp-json\/wp\/v2\/categories?post=66351"},{"taxonomy":"post_tag","embeddable":true,"href":"https:\/\/eltrabajo.cl\/portal\/wp-json\/wp\/v2\/tags?post=66351"}],"curies":[{"name":"wp","href":"https:\/\/api.w.org\/{rel}","templated":true}]}}