{"id":66357,"date":"2016-02-02T09:54:03","date_gmt":"2016-02-02T12:54:03","guid":{"rendered":"http:\/\/www.eltrabajo.cl\/portal\/?p=66357"},"modified":"2016-02-02T09:54:03","modified_gmt":"2016-02-02T12:54:03","slug":"inicio-conversatorio-sobre-la-ley-de-glaciares-en-aconcagua","status":"publish","type":"post","link":"https:\/\/eltrabajo.cl\/portal\/inicio-conversatorio-sobre-la-ley-de-glaciares-en-aconcagua\/","title":{"rendered":"Inici\u00f3 conversatorio sobre la ley de glaciares en Aconcagua"},"content":{"rendered":"<figure id=\"attachment_66358\" aria-describedby=\"caption-attachment-66358\" style=\"width: 300px\" class=\"wp-caption alignleft\"><img data-recalc-dims=\"1\" loading=\"lazy\" decoding=\"async\" class=\"wp-image-66358 size-medium\" src=\"https:\/\/i0.wp.com\/www.eltrabajo.cl\/portal\/wp-content\/uploads\/2016\/02\/Conversatorio-glaciares-300x197.jpg?resize=300%2C197\" alt=\"Con gran asistencia se realiz\u00f3 el primer conversatorio territorial denominado \u2018Salvar Los Glaciares es Nuestra Ley\u2019, en San Felipe.\" width=\"300\" height=\"197\" srcset=\"https:\/\/i0.wp.com\/eltrabajo.cl\/portal\/wp-content\/uploads\/2016\/02\/Conversatorio-glaciares.jpg?resize=300%2C197&amp;ssl=1 300w, https:\/\/i0.wp.com\/eltrabajo.cl\/portal\/wp-content\/uploads\/2016\/02\/Conversatorio-glaciares.jpg?resize=200%2C131&amp;ssl=1 200w, https:\/\/i0.wp.com\/eltrabajo.cl\/portal\/wp-content\/uploads\/2016\/02\/Conversatorio-glaciares.jpg?resize=228%2C150&amp;ssl=1 228w, https:\/\/i0.wp.com\/eltrabajo.cl\/portal\/wp-content\/uploads\/2016\/02\/Conversatorio-glaciares.jpg?resize=400%2C263&amp;ssl=1 400w, https:\/\/i0.wp.com\/eltrabajo.cl\/portal\/wp-content\/uploads\/2016\/02\/Conversatorio-glaciares.jpg?w=530&amp;ssl=1 530w\" sizes=\"auto, (max-width: 300px) 100vw, 300px\" \/><figcaption id=\"caption-attachment-66358\" class=\"wp-caption-text\">Con gran asistencia se realiz\u00f3 el primer conversatorio territorial denominado \u2018Salvar Los Glaciares es Nuestra Ley\u2019, en San Felipe.<\/figcaption><\/figure>\n<p>Personas e integrantes de diversas organizaciones de la zona alta del Valle de Aconcagua, participaron del primero de un ciclo de conversatorios territoriales denominado \u2018Salvar Los Glaciares es Nuestra Ley\u2019 el que esta vez se llev\u00f3 a cabo en el c\u00e9ntrico y acogedor restaurante Bien Hecho de San Felipe.<br \/>\nEn esta convocatoria realizada por la Agrupaci\u00f3n Ecologista de Aconcagua (AGE) se realiz\u00f3 en una din\u00e1mica conversaci\u00f3n de vecinos del valle que est\u00e1n conscientes de la importancia de los glaciares y de la urgencia de una ley que proteja a todos los glaciares y zona periglaciar.<br \/>\nLa iniciativa pretende un trabajo desde la mirada territorial que permita hacer saber al gobierno desde, las comunidades glaciar dependiente, qu\u00e9 tipo de ley queremos para proteger todos los glaciares y en consecuencia proteger el clima y la vida.<br \/>\nLa vocera de la Agrupaci\u00f3n Ecologista de Aconcagua, Sylvia Ch\u00e1vez, indic\u00f3 que \u201ccomo comunidad del Valle de Aconcagua, no estamos de acuerdo en seguir mirando desde la galer\u00eda, como en el parlamento est\u00e1 asumiendo y aprobando los art\u00edculos de una ley de glaciares que est\u00e1 en revisi\u00f3n en la c\u00e1mara de diputados, que invisibiliza las formas de vida de nuestra comunidad, los r\u00edos, esteros, fauna, humedales, cerros y quebradas\u2026 en concreto todos los ecosistemas de nuestro valle glaciar dependiente\u201d.<br \/>\nPuntualiz\u00f3 que la ley que hoy se encuentra en tramitaci\u00f3n en la c\u00e1mara de diputados no cambia la realidad actual en materias de protecci\u00f3n o destrucci\u00f3n a glaciares, \u201cporque ofrece proteger solo glaciares que se encuentran en parques nacionales, por lo tanto todos los glaciares que est\u00e1n fuera de parques nacionales, quedar\u00edan bajo la especulaci\u00f3n e inter\u00e9s de la mega miner\u00eda y del mercado empresarial, en desmedro de la protecci\u00f3n real de los glaciares y el \u00e1rea peri glaciar que es inherente a los glaciares, al agua y al clima\u201d.<br \/>\nExplic\u00f3 que dicho proyecto de ley est\u00e1 permitiendo que empresas como Codelco Andina y el exproyecto 244 que amenaz\u00f3 con destruir 26 glaciares en el caj\u00f3n de R\u00edo Blanco o Andes Copper que hoy tiene a toda la comunidad de Putaendo movilizada, \u201cse puedan instalar sobre nuestra cordillera destruyendo, contaminando los glaciares (el agua)\u201d.<br \/>\n\u201cComo comunidad tenemos el derecho a saber que en el parlamento se est\u00e1 tramitando una ley que viene a legalizar la destrucci\u00f3n de glaciares y \u00e1reas periglaciar como tambi\u00e9n tenemos el deber a manifestarnos informados al respecto\u201d, expres\u00f3 la vocera.<br \/>\nSubray\u00f3 que en este ciclo de conservatorios se busca hacer llegar al parlamento las necesidades que al parecer el congreso no sabe (o no le interesa) sobre nuestras comunidades, \u201cformas de vida y ecosistemas. Dicho proyecto de ley, se encuentra en tramitaci\u00f3n, por lo tanto la instancia para que la comunidad se manifieste est\u00e1 abierta\u201d, apunt\u00f3.<\/p>\n","protected":false},"excerpt":{"rendered":"<p>Personas e integrantes de diversas organizaciones de la zona alta del Valle de Aconcagua, participaron del primero de un ciclo de conversatorios territoriales denominado \u2018Salvar Los Glaciares es Nuestra Ley\u2019 el que&#8230;<\/p>\n","protected":false},"author":482,"featured_media":66358,"comment_status":"open","ping_status":"open","sticky":false,"template":"","format":"standard","meta":{"advanced_seo_description":"","jetpack_seo_html_title":"","jetpack_seo_noindex":false,"_jetpack_memberships_contains_paid_content":false,"footnotes":""},"categories":[1],"tags":[],"class_list":["post-66357","post","type-post","status-publish","format-standard","has-post-thumbnail","hentry","category-cronica"],"jetpack_featured_media_url":"https:\/\/i0.wp.com\/eltrabajo.cl\/portal\/wp-content\/uploads\/2016\/02\/Conversatorio-glaciares.jpg?fit=530%2C348&ssl=1","jetpack_sharing_enabled":true,"jetpack_likes_enabled":true,"jetpack-related-posts":[],"_links":{"self":[{"href":"https:\/\/eltrabajo.cl\/portal\/wp-json\/wp\/v2\/posts\/66357","targetHints":{"allow":["GET"]}}],"collection":[{"href":"https:\/\/eltrabajo.cl\/portal\/wp-json\/wp\/v2\/posts"}],"about":[{"href":"https:\/\/eltrabajo.cl\/portal\/wp-json\/wp\/v2\/types\/post"}],"author":[{"embeddable":true,"href":"https:\/\/eltrabajo.cl\/portal\/wp-json\/wp\/v2\/users\/482"}],"replies":[{"embeddable":true,"href":"https:\/\/eltrabajo.cl\/portal\/wp-json\/wp\/v2\/comments?post=66357"}],"version-history":[{"count":0,"href":"https:\/\/eltrabajo.cl\/portal\/wp-json\/wp\/v2\/posts\/66357\/revisions"}],"wp:featuredmedia":[{"embeddable":true,"href":"https:\/\/eltrabajo.cl\/portal\/wp-json\/wp\/v2\/media\/66358"}],"wp:attachment":[{"href":"https:\/\/eltrabajo.cl\/portal\/wp-json\/wp\/v2\/media?parent=66357"}],"wp:term":[{"taxonomy":"category","embeddable":true,"href":"https:\/\/eltrabajo.cl\/portal\/wp-json\/wp\/v2\/categories?post=66357"},{"taxonomy":"post_tag","embeddable":true,"href":"https:\/\/eltrabajo.cl\/portal\/wp-json\/wp\/v2\/tags?post=66357"}],"curies":[{"name":"wp","href":"https:\/\/api.w.org\/{rel}","templated":true}]}}