{"id":66360,"date":"2016-02-02T09:57:15","date_gmt":"2016-02-02T12:57:15","guid":{"rendered":"http:\/\/www.eltrabajo.cl\/portal\/?p=66360"},"modified":"2016-02-02T09:57:15","modified_gmt":"2016-02-02T12:57:15","slug":"continua-la-incognita-respecto-a-que-sucedera-con-la-direccion-del-hospital-san-francisco-de-llay-llay","status":"publish","type":"post","link":"https:\/\/eltrabajo.cl\/portal\/continua-la-incognita-respecto-a-que-sucedera-con-la-direccion-del-hospital-san-francisco-de-llay-llay\/","title":{"rendered":"Contin\u00faa la inc\u00f3gnita respecto a qu\u00e9 suceder\u00e1 con la Direcci\u00f3n del Hospital San Francisco de Llay Llay"},"content":{"rendered":"<figure id=\"attachment_66361\" aria-describedby=\"caption-attachment-66361\" style=\"width: 300px\" class=\"wp-caption alignleft\"><img data-recalc-dims=\"1\" loading=\"lazy\" decoding=\"async\" class=\"wp-image-66361 size-medium\" src=\"https:\/\/i0.wp.com\/www.eltrabajo.cl\/portal\/wp-content\/uploads\/2016\/02\/FOTO-2-La-directora-del-Servicio-de-Salud-Aconcagua-Dra.-Vilma-Olave-300x197.jpg?resize=300%2C197\" alt=\"Directora del Servicio de Salud Aconcagua, Dra. Vilma Olave.\" width=\"300\" height=\"197\" srcset=\"https:\/\/i0.wp.com\/eltrabajo.cl\/portal\/wp-content\/uploads\/2016\/02\/FOTO-2-La-directora-del-Servicio-de-Salud-Aconcagua-Dra.-Vilma-Olave.jpg?resize=300%2C197&amp;ssl=1 300w, https:\/\/i0.wp.com\/eltrabajo.cl\/portal\/wp-content\/uploads\/2016\/02\/FOTO-2-La-directora-del-Servicio-de-Salud-Aconcagua-Dra.-Vilma-Olave.jpg?resize=200%2C131&amp;ssl=1 200w, https:\/\/i0.wp.com\/eltrabajo.cl\/portal\/wp-content\/uploads\/2016\/02\/FOTO-2-La-directora-del-Servicio-de-Salud-Aconcagua-Dra.-Vilma-Olave.jpg?resize=228%2C150&amp;ssl=1 228w, https:\/\/i0.wp.com\/eltrabajo.cl\/portal\/wp-content\/uploads\/2016\/02\/FOTO-2-La-directora-del-Servicio-de-Salud-Aconcagua-Dra.-Vilma-Olave.jpg?resize=400%2C263&amp;ssl=1 400w, https:\/\/i0.wp.com\/eltrabajo.cl\/portal\/wp-content\/uploads\/2016\/02\/FOTO-2-La-directora-del-Servicio-de-Salud-Aconcagua-Dra.-Vilma-Olave.jpg?w=530&amp;ssl=1 530w\" sizes=\"auto, (max-width: 300px) 100vw, 300px\" \/><figcaption id=\"caption-attachment-66361\" class=\"wp-caption-text\">Directora del Servicio de Salud Aconcagua, Dra. Vilma Olave.<\/figcaption><\/figure>\n<ul>\n<li><strong>Funcionarios del establecimiento est\u00e1n satisfechos porque esta semana comienzan trabajos en la infraestructura del recinto, pero dicen estar a la espera de saber qui\u00e9n continuar\u00e1 como director.<\/strong><\/li>\n<\/ul>\n<p>El viernes pasado, se realiz\u00f3 en la comuna de Llay Llay una nueva reuni\u00f3n entre la directora del Servicio de Salud Aconcagua, SSA, Dra. Vilma Olave, distintas organizaciones sociales llaylla\u00ednas y los trabajadores del Hospital San Francisco de esa comuna, quienes como recordar\u00e1n, a mediados de enero efectuaron un paro de funciones, exigiendo la salida de la Directora del Establecimiento, Gloria Leiva y adem\u00e1s solicitando distintas mejoras en el recinto.<br \/>\nTras m\u00faltiples reuniones, tanto los representantes de la Federaci\u00f3n Nacional de Trabajadores de la Salud, Fenats base Llay Llay, como el SSA conformaron una mesa de trabajo para abordar los distintos puntos que aquejaban al Hospital San Francisco y que seg\u00fan los funcionarios imped\u00edan una atenci\u00f3n decente a los usuarios.<br \/>\nA partir de all\u00ed, se confirm\u00f3 que esta semana se comenzar\u00e1n los trabajos de remodelaci\u00f3n del segundo piso del establecimiento, as\u00ed como tambi\u00e9n del Jard\u00edn Infantil y la regulaci\u00f3n el\u00e9ctrica de la Unidad de Emergencias del Hospital.<br \/>\nSin embargo, hay un punto que a\u00fan no se ha aclarado en su totalidad y que dice relaci\u00f3n con la exigencia que realizaron los funcionarios del hospital al SSA, de reubicar en otra unidad a la Directora Gloria Leiva, quien al momento del conflicto present\u00f3 una licencia m\u00e9dica que expir\u00f3 el pasado 28 de enero. Actualmente, Leiva se encuentra con devoluci\u00f3n de tiempo (horas extra no afectas a pago) hasta el d\u00eda 10 de febrero y posteriormente har\u00e1 uso de su feriado legal, por lo que se mantiene en ascuas cu\u00e1l ser\u00e1 el futuro de la profesional.<\/p>\n<figure id=\"attachment_66362\" aria-describedby=\"caption-attachment-66362\" style=\"width: 300px\" class=\"wp-caption alignright\"><img data-recalc-dims=\"1\" loading=\"lazy\" decoding=\"async\" class=\"wp-image-66362 size-medium\" src=\"https:\/\/i0.wp.com\/www.eltrabajo.cl\/portal\/wp-content\/uploads\/2016\/02\/Secretario-de-Fenats-base-Llay-Llay-Hernan-Ibacache-300x198.jpg?resize=300%2C198\" alt=\"Secretario de Fenats base Llay Llay, Hern\u00e1n Ibacache.\" width=\"300\" height=\"198\" srcset=\"https:\/\/i0.wp.com\/eltrabajo.cl\/portal\/wp-content\/uploads\/2016\/02\/Secretario-de-Fenats-base-Llay-Llay-Hernan-Ibacache.jpg?resize=300%2C198&amp;ssl=1 300w, https:\/\/i0.wp.com\/eltrabajo.cl\/portal\/wp-content\/uploads\/2016\/02\/Secretario-de-Fenats-base-Llay-Llay-Hernan-Ibacache.jpg?resize=200%2C132&amp;ssl=1 200w, https:\/\/i0.wp.com\/eltrabajo.cl\/portal\/wp-content\/uploads\/2016\/02\/Secretario-de-Fenats-base-Llay-Llay-Hernan-Ibacache.jpg?resize=228%2C150&amp;ssl=1 228w, https:\/\/i0.wp.com\/eltrabajo.cl\/portal\/wp-content\/uploads\/2016\/02\/Secretario-de-Fenats-base-Llay-Llay-Hernan-Ibacache.jpg?resize=400%2C263&amp;ssl=1 400w, https:\/\/i0.wp.com\/eltrabajo.cl\/portal\/wp-content\/uploads\/2016\/02\/Secretario-de-Fenats-base-Llay-Llay-Hernan-Ibacache.jpg?w=530&amp;ssl=1 530w\" sizes=\"auto, (max-width: 300px) 100vw, 300px\" \/><figcaption id=\"caption-attachment-66362\" class=\"wp-caption-text\">Secretario de Fenats base Llay Llay, Hern\u00e1n Ibacache.<\/figcaption><\/figure>\n<p>Seg\u00fan el Secretario de la Federaci\u00f3n Nacional de Trabajadores de la Salud, Fenats, base Llay Llay, Hern\u00e1n Ibacache, est\u00e1n muy satisfechos con haber logrado que la autoridad agilizara las obras de mejoramiento del Hospital San Francisco, sin embargo, est\u00e1n a la espera de que se confirme la salida de Leiva como directora del establecimiento.<br \/>\n\u201cNuestras demanda fueron recibidas y hemos obtenido bastantes avances producto de la movilizaci\u00f3n que generamos\u2026si ella (la directora) volviera a Llay-Llay quedar\u00eda la escoba, aunque no creo que pase eso, ser\u00eda como quemarse a lo bonzo\u201d, expres\u00f3 Ibacache v\u00eda Whatsapp.<br \/>\nPoco antes de la reuni\u00f3n del viernes, la Dra. Vilma Olave, convers\u00f3 con Diario El Trabajo respecto de c\u00f3mo se hab\u00eda resuelto el conflicto del Hospital San Francisco y en el di\u00e1logo mencion\u00f3 que \u201cafortunadamente fue posible establecer una mesa de negociaciones, pudimos constituir un equipo de gesti\u00f3n transitorio en espera de un proceso de planificaci\u00f3n estrat\u00e9gica que es lo que hemos acordado con los equipos de salud y con los dirigentes gremiales del hospital de Llay Llay, porque sus demandas m\u00e1s all\u00e1 de sus aprehensiones respecto del liderazgo de la Directora ten\u00edan que ver con obras de infraestructura y equipamiento dentro del mismo recinto\u201d, expres\u00f3.<br \/>\nPrecisamente dentro de la planificaci\u00f3n que tiene establecido el SSA, la reuni\u00f3n del viernes con las organizaciones sociales llaylla\u00ednas, apunta precisamente a considerar como clave la opini\u00f3n de los usuarios y la oferta sanitaria que tiene el SSA para lo comunidad y a partir de aquello realizar un an\u00e1lisis respecto del estado en que se encuentran los establecimientos de salud de la comuna e incorporar tambi\u00e9n al Cesfam en los cambios que son necesarios realizar.<br \/>\nAl referirse a cu\u00e1l es el grado de respaldo que el SSA le otorga a Gloria Leiva, actual directora del establecimiento, Olave fue enf\u00e1tica en explicar que \u201cella fue seleccionada por la alta direcci\u00f3n p\u00fablica, no por esta direcci\u00f3n de servicio, ella fue seleccionada por el servicio civil, lleva 6 a\u00f1os en el cargo y como nos sucede a todos los directivos, todas las gestiones tienen luces y sombras y cuando uno tiene que evaluar una gesti\u00f3n, uno espera que eso se realice en forma equilibrada\u201d, puntualiz\u00f3<br \/>\nDe la misma forma, la galeno agreg\u00f3 que \u201cac\u00e1 lo que ha sucedido es que se han revelado algunas situaciones, que algunas tienen que ver con la gesti\u00f3n, pero tambi\u00e9n hay otras que tienen que ver con la visi\u00f3n de futuro respecto del establecimiento, el definir por ejemplo qu\u00e9 prestaciones son las que debe ofrecer el Hospital de Llay Llay y esa es una decisi\u00f3n que no puede tomar s\u00f3lo el recinto sino que toda la red asistencial en conjunto y la comunidad\u201d, concluy\u00f3.<br \/>\nDe todas maneras, Olave agradeci\u00f3 la enorme generosidad y la tremenda altura de miras con la que han actuado los funcionarios del recinto, pues cada una de sus demandas apunta a mejorar la atenci\u00f3n del servicio a la comunidad y no a beneficios personales.<\/p>\n","protected":false},"excerpt":{"rendered":"<p>Funcionarios del establecimiento est\u00e1n satisfechos porque esta semana comienzan trabajos en la infraestructura del recinto, pero dicen estar a la espera de saber qui\u00e9n continuar\u00e1 como director. El viernes pasado, se realiz\u00f3&#8230;<\/p>\n","protected":false},"author":482,"featured_media":66361,"comment_status":"open","ping_status":"open","sticky":false,"template":"","format":"standard","meta":{"advanced_seo_description":"","jetpack_seo_html_title":"","jetpack_seo_noindex":false,"_jetpack_memberships_contains_paid_content":false,"footnotes":""},"categories":[1],"tags":[],"class_list":["post-66360","post","type-post","status-publish","format-standard","has-post-thumbnail","hentry","category-cronica"],"jetpack_featured_media_url":"https:\/\/i0.wp.com\/eltrabajo.cl\/portal\/wp-content\/uploads\/2016\/02\/FOTO-2-La-directora-del-Servicio-de-Salud-Aconcagua-Dra.-Vilma-Olave.jpg?fit=530%2C348&ssl=1","jetpack_sharing_enabled":true,"jetpack_likes_enabled":true,"jetpack-related-posts":[],"_links":{"self":[{"href":"https:\/\/eltrabajo.cl\/portal\/wp-json\/wp\/v2\/posts\/66360","targetHints":{"allow":["GET"]}}],"collection":[{"href":"https:\/\/eltrabajo.cl\/portal\/wp-json\/wp\/v2\/posts"}],"about":[{"href":"https:\/\/eltrabajo.cl\/portal\/wp-json\/wp\/v2\/types\/post"}],"author":[{"embeddable":true,"href":"https:\/\/eltrabajo.cl\/portal\/wp-json\/wp\/v2\/users\/482"}],"replies":[{"embeddable":true,"href":"https:\/\/eltrabajo.cl\/portal\/wp-json\/wp\/v2\/comments?post=66360"}],"version-history":[{"count":0,"href":"https:\/\/eltrabajo.cl\/portal\/wp-json\/wp\/v2\/posts\/66360\/revisions"}],"wp:featuredmedia":[{"embeddable":true,"href":"https:\/\/eltrabajo.cl\/portal\/wp-json\/wp\/v2\/media\/66361"}],"wp:attachment":[{"href":"https:\/\/eltrabajo.cl\/portal\/wp-json\/wp\/v2\/media?parent=66360"}],"wp:term":[{"taxonomy":"category","embeddable":true,"href":"https:\/\/eltrabajo.cl\/portal\/wp-json\/wp\/v2\/categories?post=66360"},{"taxonomy":"post_tag","embeddable":true,"href":"https:\/\/eltrabajo.cl\/portal\/wp-json\/wp\/v2\/tags?post=66360"}],"curies":[{"name":"wp","href":"https:\/\/api.w.org\/{rel}","templated":true}]}}