{"id":66365,"date":"2016-02-02T10:02:11","date_gmt":"2016-02-02T13:02:11","guid":{"rendered":"http:\/\/www.eltrabajo.cl\/portal\/?p=66365"},"modified":"2016-02-02T10:02:11","modified_gmt":"2016-02-02T13:02:11","slug":"comenzo-primer-llamado-para-subsidio-de-arriendo","status":"publish","type":"post","link":"https:\/\/eltrabajo.cl\/portal\/comenzo-primer-llamado-para-subsidio-de-arriendo\/","title":{"rendered":"Comenz\u00f3 primer llamado para Subsidio de Arriendo"},"content":{"rendered":"<figure id=\"attachment_66366\" aria-describedby=\"caption-attachment-66366\" style=\"width: 300px\" class=\"wp-caption alignleft\"><img data-recalc-dims=\"1\" loading=\"lazy\" decoding=\"async\" class=\"wp-image-66366 size-medium\" src=\"https:\/\/i0.wp.com\/www.eltrabajo.cl\/portal\/wp-content\/uploads\/2016\/02\/Subsidio-de-arriendo-300x197.jpg?resize=300%2C197\" alt=\"En este primer llamado, el Subsidio de Arriendo se extiende para todas las edades y tienen plazo para postular hasta noviembre.\" width=\"300\" height=\"197\" srcset=\"https:\/\/i0.wp.com\/eltrabajo.cl\/portal\/wp-content\/uploads\/2016\/02\/Subsidio-de-arriendo.jpg?resize=300%2C197&amp;ssl=1 300w, https:\/\/i0.wp.com\/eltrabajo.cl\/portal\/wp-content\/uploads\/2016\/02\/Subsidio-de-arriendo.jpg?resize=200%2C131&amp;ssl=1 200w, https:\/\/i0.wp.com\/eltrabajo.cl\/portal\/wp-content\/uploads\/2016\/02\/Subsidio-de-arriendo.jpg?resize=228%2C150&amp;ssl=1 228w, https:\/\/i0.wp.com\/eltrabajo.cl\/portal\/wp-content\/uploads\/2016\/02\/Subsidio-de-arriendo.jpg?resize=400%2C263&amp;ssl=1 400w, https:\/\/i0.wp.com\/eltrabajo.cl\/portal\/wp-content\/uploads\/2016\/02\/Subsidio-de-arriendo.jpg?w=530&amp;ssl=1 530w\" sizes=\"auto, (max-width: 300px) 100vw, 300px\" \/><figcaption id=\"caption-attachment-66366\" class=\"wp-caption-text\">En este primer llamado, el Subsidio de Arriendo se extiende para todas las edades y tienen plazo para postular hasta noviembre.<\/figcaption><\/figure>\n<ul>\n<li><strong>Llamado comienza el 1\u00b0 de febrero y se extiende hasta el 30 de noviembre.<\/strong><\/li>\n<\/ul>\n<p>Una gran noticia fue anunciada por el Ministerio de Vivienda y Urbanismo: desde este a\u00f1o, a contar de ayer 1\u00b0 de febrero, todos los mayores de 18 a\u00f1os, sin tope de edad de m\u00e1xima, podr\u00e1n postular al Subsidio de Arriendo. Con esta modificaci\u00f3n, ya no s\u00f3lo las familias j\u00f3venes (con integrantes de hasta 35 a\u00f1os) podr\u00e1n postular, sino que podr\u00e1n acceder al beneficio incluso los adultos mayores.<br \/>\nEn otros cambios, los adultos mayores podr\u00e1n postular sin n\u00facleo familiar, se elimina la exigencia del certificado de permanencia para los extranjeros, se agrega un subsidio especial para gastos operacionales de 1 UF, se dirige la ayuda para arriendos de hasta 8,6 UF ($220 mil pesos app), entre otras.<br \/>\nEl Director (P y T) Regional de Serviu, Manuel Le\u00f3n, invit\u00f3 a las familias de la regi\u00f3n a que postulen al beneficio, se\u00f1alando que \u201cel llamado empieza ahora en febrero, son llamados mensuales y tienen la posibilidad de postular hasta noviembre de este a\u00f1o. La idea es que si es que no salen beneficiados en el llamado del primer mes, puede seguir postulando\u201d.<br \/>\nEl programa permite apoyar a las familias que actualmente est\u00e9n de allegados o arrendatarios, con la entrega de recursos que permitan paliar el pago del arriendo mensual de una vivienda. El beneficiado tiene acceso a una bolsa de hasta 170 UF, a la que se ir\u00e1n descontando los montos mensuales, que ser\u00e1n de 3 UF. La idea es que el dinero que las familias ocupaban de su propio bolsillo para destinarlo al arriendo y que ahora lo cubrir\u00e1 el subsidio, lo puedan ahorrar, con el objetivo de a futuro podr\u00e1n postular a una vivienda definitiva.<br \/>\nEl subsidio puede aplicarse en cualquier comuna del pa\u00eds, admite cambiarse de vivienda una vez obtenido el subsidio y permite a futuro postular a un subsidio para adquirir una vivienda definitiva, ya sea bajo el programa de Sectores Medios (se puede postular de manera paralela a la utilizaci\u00f3n del Subsidio de Arriendo) o el Fondo Solidario de Elecci\u00f3n de Vivienda (una vez egresado del Subsidio de Arriendo).<br \/>\nLos requisitos para postular son tener m\u00e1s de 18 a\u00f1os; un ahorro m\u00ednimo de 4 UF; contar con ficha de protecci\u00f3n social con puntaje m\u00e1ximo de 13.484 puntos o pertenecer hasta el tramo 4 seg\u00fan la Caracterizaci\u00f3n Socioecon\u00f3mica del Registro Social de Hogares; tener un n\u00facleo familiar con al menos un c\u00f3nyuge, conviviente o hijo; acreditar el monto total de ingresos del n\u00facleo familiar, de entre 7 y 25 UF; entre otros. La postulaci\u00f3n se puede hacer de manera presencial en las oficinas de Serviu a lo largo de la regi\u00f3n o de manera on line en www.minvu.cl .<\/p>\n","protected":false},"excerpt":{"rendered":"<p>Llamado comienza el 1\u00b0 de febrero y se extiende hasta el 30 de noviembre. Una gran noticia fue anunciada por el Ministerio de Vivienda y Urbanismo: desde este a\u00f1o, a contar de&#8230;<\/p>\n","protected":false},"author":482,"featured_media":66366,"comment_status":"open","ping_status":"open","sticky":false,"template":"","format":"standard","meta":{"advanced_seo_description":"","jetpack_seo_html_title":"","jetpack_seo_noindex":false,"_jetpack_memberships_contains_paid_content":false,"footnotes":""},"categories":[15],"tags":[],"class_list":["post-66365","post","type-post","status-publish","format-standard","has-post-thumbnail","hentry","category-comunidad"],"jetpack_featured_media_url":"https:\/\/i0.wp.com\/eltrabajo.cl\/portal\/wp-content\/uploads\/2016\/02\/Subsidio-de-arriendo.jpg?fit=530%2C348&ssl=1","jetpack_sharing_enabled":true,"jetpack_likes_enabled":true,"jetpack-related-posts":[],"_links":{"self":[{"href":"https:\/\/eltrabajo.cl\/portal\/wp-json\/wp\/v2\/posts\/66365","targetHints":{"allow":["GET"]}}],"collection":[{"href":"https:\/\/eltrabajo.cl\/portal\/wp-json\/wp\/v2\/posts"}],"about":[{"href":"https:\/\/eltrabajo.cl\/portal\/wp-json\/wp\/v2\/types\/post"}],"author":[{"embeddable":true,"href":"https:\/\/eltrabajo.cl\/portal\/wp-json\/wp\/v2\/users\/482"}],"replies":[{"embeddable":true,"href":"https:\/\/eltrabajo.cl\/portal\/wp-json\/wp\/v2\/comments?post=66365"}],"version-history":[{"count":0,"href":"https:\/\/eltrabajo.cl\/portal\/wp-json\/wp\/v2\/posts\/66365\/revisions"}],"wp:featuredmedia":[{"embeddable":true,"href":"https:\/\/eltrabajo.cl\/portal\/wp-json\/wp\/v2\/media\/66366"}],"wp:attachment":[{"href":"https:\/\/eltrabajo.cl\/portal\/wp-json\/wp\/v2\/media?parent=66365"}],"wp:term":[{"taxonomy":"category","embeddable":true,"href":"https:\/\/eltrabajo.cl\/portal\/wp-json\/wp\/v2\/categories?post=66365"},{"taxonomy":"post_tag","embeddable":true,"href":"https:\/\/eltrabajo.cl\/portal\/wp-json\/wp\/v2\/tags?post=66365"}],"curies":[{"name":"wp","href":"https:\/\/api.w.org\/{rel}","templated":true}]}}