{"id":66368,"date":"2016-02-02T10:03:26","date_gmt":"2016-02-02T13:03:26","guid":{"rendered":"http:\/\/www.eltrabajo.cl\/portal\/?p=66368"},"modified":"2016-02-02T10:03:26","modified_gmt":"2016-02-02T13:03:26","slug":"inicia-campana-que-sanciona-a-lavadores-de-auto-y-a-conductores-que-contraten-el-servicio-en-la-via-publica","status":"publish","type":"post","link":"https:\/\/eltrabajo.cl\/portal\/inicia-campana-que-sanciona-a-lavadores-de-auto-y-a-conductores-que-contraten-el-servicio-en-la-via-publica\/","title":{"rendered":"Inicia campa\u00f1a que sanciona a lavadores de auto y a conductores que contraten el servicio en la v\u00eda p\u00fablica"},"content":{"rendered":"<figure id=\"attachment_66369\" aria-describedby=\"caption-attachment-66369\" style=\"width: 300px\" class=\"wp-caption alignleft\"><img data-recalc-dims=\"1\" loading=\"lazy\" decoding=\"async\" class=\"wp-image-66369 size-medium\" src=\"https:\/\/i0.wp.com\/www.eltrabajo.cl\/portal\/wp-content\/uploads\/2016\/02\/campana-3-300x198.jpg?resize=300%2C198\" alt=\"El viernes, funcionarios municipales y policiales, hicieron un trabajo en terreno buscando difundir la ordenanza N\u00ba9 que multa tanto a automovilistas como a lavadores de autos.\" width=\"300\" height=\"198\" srcset=\"https:\/\/i0.wp.com\/eltrabajo.cl\/portal\/wp-content\/uploads\/2016\/02\/campana-3.jpg?resize=300%2C198&amp;ssl=1 300w, https:\/\/i0.wp.com\/eltrabajo.cl\/portal\/wp-content\/uploads\/2016\/02\/campana-3.jpg?resize=200%2C132&amp;ssl=1 200w, https:\/\/i0.wp.com\/eltrabajo.cl\/portal\/wp-content\/uploads\/2016\/02\/campana-3.jpg?resize=227%2C150&amp;ssl=1 227w, https:\/\/i0.wp.com\/eltrabajo.cl\/portal\/wp-content\/uploads\/2016\/02\/campana-3.jpg?resize=400%2C264&amp;ssl=1 400w, https:\/\/i0.wp.com\/eltrabajo.cl\/portal\/wp-content\/uploads\/2016\/02\/campana-3.jpg?w=530&amp;ssl=1 530w\" sizes=\"auto, (max-width: 300px) 100vw, 300px\" \/><figcaption id=\"caption-attachment-66369\" class=\"wp-caption-text\">El viernes, funcionarios municipales y policiales, hicieron un trabajo en terreno buscando difundir la ordenanza N\u00ba9 que multa tanto a automovilistas como a lavadores de autos.<\/figcaption><\/figure>\n<ul>\n<li><strong>Con apoyo de Carabineros inician oficialmente la campa\u00f1a informativa, mientras que Sanfelipe\u00f1os valoran iniciativa municipal.<\/strong><\/li>\n<\/ul>\n<p>El viernes reci\u00e9n pasado la Municipalidad de San Felipe junto a Carabineros de la Segunda Comisar\u00eda, dieron inicio a la campa\u00f1a informativa respecto de la ordenanza n\u00famero 9, que fue modificada en su art\u00edculo 15 y que sanciona a quienes desarrollan la actividad de lavado o aseo de veh\u00edculos motorizados en la v\u00eda p\u00fablica, as\u00ed como a los conductores que contraten sus servicios.<br \/>\nEl viernes, funcionarios municipales y policiales, efectuaron un recorrido por las calles c\u00e9ntricas de San Felipe con la finalidad de difundir esta medida, que fue aprobada por el Concejo Municipal en noviembre del a\u00f1o pasado.<br \/>\nEl administrador municipal, Patricio Gonz\u00e1lez, junto con agradecer el respaldo de Carabineros, la Gobernaci\u00f3n Provincial que ha acompa\u00f1ado el proceso y funcionarios municipales, manifest\u00f3 que la idea de multar a los automovilistas, obedece a la necesidad de llamar la atenci\u00f3n en torno a la corresponsabilidad que les cabe en el tema.<br \/>\n\u201cEsto se da en el contexto de generar en San Felipe un ordenamiento, una limpieza de sus espacios comunes, que pertenecen a todos los vecinos y vecinas, como son las v\u00edas p\u00fablicas y particularmente las calles c\u00e9ntricas. Hemos puesto atenci\u00f3n en la Plaza de Armas, porque ha significado para muchas autoridades y muchos sanfelipe\u00f1os, un dolor de cabeza, pues se ha mantenido actividades irregulares e il\u00edcitas, que a su vez conllevan problem\u00e1ticas para los ciudadanos\u201d, se\u00f1al\u00f3 el administrador municipal.<\/p>\n<figure id=\"attachment_66370\" aria-describedby=\"caption-attachment-66370\" style=\"width: 300px\" class=\"wp-caption alignright\"><img data-recalc-dims=\"1\" loading=\"lazy\" decoding=\"async\" class=\"wp-image-66370 size-medium\" src=\"https:\/\/i0.wp.com\/www.eltrabajo.cl\/portal\/wp-content\/uploads\/2016\/02\/campana-2-300x198.jpg?resize=300%2C198\" alt=\"El administrador municipal, Patricio Gonz\u00e1lez manifest\u00f3 que la idea de multar a los automovilistas, obedece a la necesidad de llamar la atenci\u00f3n en torno a la corresponsabilidad que les cabe en el tema.\" width=\"300\" height=\"198\" srcset=\"https:\/\/i0.wp.com\/eltrabajo.cl\/portal\/wp-content\/uploads\/2016\/02\/campana-2.jpg?resize=300%2C198&amp;ssl=1 300w, https:\/\/i0.wp.com\/eltrabajo.cl\/portal\/wp-content\/uploads\/2016\/02\/campana-2.jpg?resize=200%2C132&amp;ssl=1 200w, https:\/\/i0.wp.com\/eltrabajo.cl\/portal\/wp-content\/uploads\/2016\/02\/campana-2.jpg?resize=228%2C150&amp;ssl=1 228w, https:\/\/i0.wp.com\/eltrabajo.cl\/portal\/wp-content\/uploads\/2016\/02\/campana-2.jpg?resize=400%2C263&amp;ssl=1 400w, https:\/\/i0.wp.com\/eltrabajo.cl\/portal\/wp-content\/uploads\/2016\/02\/campana-2.jpg?w=530&amp;ssl=1 530w\" sizes=\"auto, (max-width: 300px) 100vw, 300px\" \/><figcaption id=\"caption-attachment-66370\" class=\"wp-caption-text\">El administrador municipal, Patricio Gonz\u00e1lez manifest\u00f3 que la idea de multar a los automovilistas, obedece a la necesidad de llamar la atenci\u00f3n en torno a la corresponsabilidad que les cabe en el tema.<\/figcaption><\/figure>\n<p>Resalt\u00f3 que la instrucci\u00f3n que dio el alcalde Patricio Freire, fue generar un per\u00edodo de marcha blanca, como una manera de difundir y sensibilizar a la comunidad acerca de este tema, no obstante tambi\u00e9n la autoridad comunal enfatiz\u00f3 la necesidad de ponerse al servicio de quienes practican esta actividad irregular, por medio de la Omil, a objeto de que puedan recibir el apoyo en la tarea de buscar una alternativa de fuente laboral.<br \/>\n\u201cHist\u00f3ricamente se les han ofrecido distintas salidas a estos vecinos, para que puedan resolver su situaci\u00f3n laboral y as\u00ed abandonen este trabajo que si bien, les genera ingresos econ\u00f3micos, es il\u00edcito. Pusimos a su disposici\u00f3n, la Oficina de Intermediaci\u00f3n Laboral. Nuevamente lo hacemos, comprendiendo que esta medida no transgrede sus derechos como ellos lo hacen parecer, sino que es la aplicaci\u00f3n de la norma, donde el fin es mayor, pues es para la comunidad, para la tranquilidad de los sanfelipe\u00f1os y sanfelipe\u00f1as\u201d.<br \/>\nA\u00f1adi\u00f3 el personero que sin desconocer el hecho que detr\u00e1s cada uno de estos lavadores de autos hay familias que de ellos dependen, han existido diversas instancias y etapas orientadas a la formalizaci\u00f3n de su trabajo, que finalmente han desechado.<br \/>\n\u201cA\u00fan as\u00ed, invitamos y dejamos las puertas abiertas para quienes quieran establecer o conseguir un empleo formal. Tenemos la mejor disposici\u00f3n para ayudarles\u201d, manifest\u00f3 Gonz\u00e1lez.<br \/>\nLa medida municipal ha sido valorada por los vecinos, quienes manifestaron su optimismo que exista un respaldo mayoritario de la comunidad hacia esta ordenanza, argumentando un automovilista que \u201cellos no pagan impuestos por este negocio, como lo hacemos todos los chilenos\u201d. \u201cMe ha pasado que algunos lavadores me han presionado de muy mala manera para que les contrate el servicio, cobran 2 mil \u00f3 3 mil pesos y muchas veces he tenido que hacerlo m\u00e1s por temor, que por necesidad\u201d, a\u00f1adi\u00f3.<br \/>\nCabe consignar que la ordenanza municipal establece una multa para el conductor y el lavador, que va desde 1 a 5 Unidades Tributarias Mensuales y ser\u00e1 puesta en pr\u00e1ctica, a partir de la segunda quincena del mes de febrero.<\/p>\n","protected":false},"excerpt":{"rendered":"<p>Con apoyo de Carabineros inician oficialmente la campa\u00f1a informativa, mientras que Sanfelipe\u00f1os valoran iniciativa municipal. El viernes reci\u00e9n pasado la Municipalidad de San Felipe junto a Carabineros de la Segunda Comisar\u00eda, dieron&#8230;<\/p>\n","protected":false},"author":482,"featured_media":66369,"comment_status":"open","ping_status":"open","sticky":false,"template":"","format":"standard","meta":{"advanced_seo_description":"","jetpack_seo_html_title":"","jetpack_seo_noindex":false,"_jetpack_memberships_contains_paid_content":false,"footnotes":""},"categories":[1],"tags":[],"class_list":["post-66368","post","type-post","status-publish","format-standard","has-post-thumbnail","hentry","category-cronica"],"jetpack_featured_media_url":"https:\/\/i0.wp.com\/eltrabajo.cl\/portal\/wp-content\/uploads\/2016\/02\/campana-3.jpg?fit=530%2C350&ssl=1","jetpack_sharing_enabled":true,"jetpack_likes_enabled":true,"jetpack-related-posts":[],"_links":{"self":[{"href":"https:\/\/eltrabajo.cl\/portal\/wp-json\/wp\/v2\/posts\/66368","targetHints":{"allow":["GET"]}}],"collection":[{"href":"https:\/\/eltrabajo.cl\/portal\/wp-json\/wp\/v2\/posts"}],"about":[{"href":"https:\/\/eltrabajo.cl\/portal\/wp-json\/wp\/v2\/types\/post"}],"author":[{"embeddable":true,"href":"https:\/\/eltrabajo.cl\/portal\/wp-json\/wp\/v2\/users\/482"}],"replies":[{"embeddable":true,"href":"https:\/\/eltrabajo.cl\/portal\/wp-json\/wp\/v2\/comments?post=66368"}],"version-history":[{"count":0,"href":"https:\/\/eltrabajo.cl\/portal\/wp-json\/wp\/v2\/posts\/66368\/revisions"}],"wp:featuredmedia":[{"embeddable":true,"href":"https:\/\/eltrabajo.cl\/portal\/wp-json\/wp\/v2\/media\/66369"}],"wp:attachment":[{"href":"https:\/\/eltrabajo.cl\/portal\/wp-json\/wp\/v2\/media?parent=66368"}],"wp:term":[{"taxonomy":"category","embeddable":true,"href":"https:\/\/eltrabajo.cl\/portal\/wp-json\/wp\/v2\/categories?post=66368"},{"taxonomy":"post_tag","embeddable":true,"href":"https:\/\/eltrabajo.cl\/portal\/wp-json\/wp\/v2\/tags?post=66368"}],"curies":[{"name":"wp","href":"https:\/\/api.w.org\/{rel}","templated":true}]}}