{"id":66372,"date":"2016-02-02T10:04:43","date_gmt":"2016-02-02T13:04:43","guid":{"rendered":"http:\/\/www.eltrabajo.cl\/portal\/?p=66372"},"modified":"2016-02-02T10:04:43","modified_gmt":"2016-02-02T13:04:43","slug":"ingeniero-comercial-asume-direccion-del-cesfam-segismundo-iturra","status":"publish","type":"post","link":"https:\/\/eltrabajo.cl\/portal\/ingeniero-comercial-asume-direccion-del-cesfam-segismundo-iturra\/","title":{"rendered":"Ingeniero comercial asume direcci\u00f3n del Cesfam Segismundo Iturra"},"content":{"rendered":"<figure id=\"attachment_66373\" aria-describedby=\"caption-attachment-66373\" style=\"width: 300px\" class=\"wp-caption alignleft\"><img data-recalc-dims=\"1\" loading=\"lazy\" decoding=\"async\" class=\"wp-image-66373 size-medium\" src=\"https:\/\/i0.wp.com\/www.eltrabajo.cl\/portal\/wp-content\/uploads\/2016\/02\/FOTO-4-ALCALDE-PATRICIO-FREIRE-JUNTO-A--300x198.jpg?resize=300%2C198\" alt=\"Alcalde Patricio Freire junto a la Directora Municipal de Salud, Marcela Brito, dieron la bienvenida a la nueva directora del Cesfam Segismundo Iturra, Mariela Maldonado Le\u00f3n.\" width=\"300\" height=\"198\" srcset=\"https:\/\/i0.wp.com\/eltrabajo.cl\/portal\/wp-content\/uploads\/2016\/02\/FOTO-4-ALCALDE-PATRICIO-FREIRE-JUNTO-A-.jpg?resize=300%2C198&amp;ssl=1 300w, https:\/\/i0.wp.com\/eltrabajo.cl\/portal\/wp-content\/uploads\/2016\/02\/FOTO-4-ALCALDE-PATRICIO-FREIRE-JUNTO-A-.jpg?resize=200%2C132&amp;ssl=1 200w, https:\/\/i0.wp.com\/eltrabajo.cl\/portal\/wp-content\/uploads\/2016\/02\/FOTO-4-ALCALDE-PATRICIO-FREIRE-JUNTO-A-.jpg?resize=228%2C150&amp;ssl=1 228w, https:\/\/i0.wp.com\/eltrabajo.cl\/portal\/wp-content\/uploads\/2016\/02\/FOTO-4-ALCALDE-PATRICIO-FREIRE-JUNTO-A-.jpg?resize=400%2C263&amp;ssl=1 400w, https:\/\/i0.wp.com\/eltrabajo.cl\/portal\/wp-content\/uploads\/2016\/02\/FOTO-4-ALCALDE-PATRICIO-FREIRE-JUNTO-A-.jpg?w=530&amp;ssl=1 530w\" sizes=\"auto, (max-width: 300px) 100vw, 300px\" \/><figcaption id=\"caption-attachment-66373\" class=\"wp-caption-text\">Alcalde Patricio Freire junto a la Directora Municipal de Salud, Marcela Brito, dieron la bienvenida a la nueva directora del Cesfam Segismundo Iturra, Mariela Maldonado Le\u00f3n.<\/figcaption><\/figure>\n<ul>\n<li><strong>Mariela Maldonado antes se desempe\u00f1\u00f3 como subdirectora administrativa y directora subrogante del Hospital San Antonio de Putaendo.<\/strong><\/li>\n<\/ul>\n<p>Este lunes comenz\u00f3 a desarrollar sus funciones la nueva directora del Centro de Salud Familiar, Cesfam, Dr. Segismundo Iturra. Se trata de la Ingeniero comercial Mariela Maldonado Le\u00f3n, quien anteriormente se desempe\u00f1ara en el \u00e1mbito de la salud como Subdirectora Administrativa y Directora Subrogante del Hospital San Antonio de Putaendo, durante un per\u00edodo de 5 a\u00f1os.<br \/>\nEn su primer d\u00eda de trabajo, Maldonado fue recibida por el alcalde San Felipe Patricio Freire quien junto a la directora de Salud Municipal Marcela Brito le dieron la bienvenida. Tras esto, Maldonado se encarg\u00f3 de trazar objetivos puntuales para su nueva labor, destacando que \u201ces un desaf\u00edo muy grande, bastante importante en mi carrera y los desaf\u00edos para este 2016 son bastante grandes, en todo lo que tiene que ver con acreditaci\u00f3n de calidad y trato al usuario\u201d, remarc\u00f3.<br \/>\nRespecto del conocimiento que tiene del Establecimiento de salud que dirigir\u00e1 y cu\u00e1les son las acciones a implementar en el futuro m\u00e1s pr\u00f3ximo, la profesional expuso que \u201cs\u00e9 que es un gran equipo de profesionales y funcionarios que se caracteriza por lograr muy buenos resultados, por lo tanto, una de las estrategias es mantener este liderazgo dentro de lo que son los centros de salud y como te dec\u00eda lo que calidad y trato al usuario son las dos grandes tareas para el 2016\u201d, reiter\u00f3.<br \/>\nA su vez la directora Municipal de Salud, Marcela Brito, hizo \u00e9nfasis en que \u201cten\u00edamos como especial motivaci\u00f3n compartir con nuestra comunidad usuaria el posicionamiento de este cargo, reconocida es la relevancia que tiene en el \u00e1mbito del desarrollo de la salud p\u00fablica este centro de atenci\u00f3n primaria, luego de haber llevado a cabo este proceso de concurso ha quedado seleccionada para ejercerlo y no me cabe duda que teniendo presente los prop\u00f3sitos superiores que nos definen, juntos vamos a poder guiarlo\u201d, se\u00f1al\u00f3.<br \/>\nDentro de los objetivos que se proponen para esta nueva direcci\u00f3n, Brito agreg\u00f3 que \u201cnuestro alcalde nos ha hecho un especial encargo, que dice relaci\u00f3n con que cada d\u00eda vamos estableciendo estrategias que se posicionen en un trato digno, humano y all\u00ed ir generando las distintas estrategias que le convocan a los centros de atenci\u00f3n primaria. De all\u00ed que Mariela tiene un muy importante desaf\u00edo, pero a la vez altamente motivador\u201d, dijo.<br \/>\nA la vez, Brito agradeci\u00f3 el compromiso mostrado por el Doctor Christian Bahamondes, quien seg\u00fan dijo, desarroll\u00f3 el cargo con mucha dedicaci\u00f3n mientras se defin\u00eda el concurso para la direcci\u00f3n del establecimiento anteriormente apuntado.<\/p>\n","protected":false},"excerpt":{"rendered":"<p>Mariela Maldonado antes se desempe\u00f1\u00f3 como subdirectora administrativa y directora subrogante del Hospital San Antonio de Putaendo. Este lunes comenz\u00f3 a desarrollar sus funciones la nueva directora del Centro de Salud Familiar,&#8230;<\/p>\n","protected":false},"author":482,"featured_media":66373,"comment_status":"open","ping_status":"open","sticky":false,"template":"","format":"standard","meta":{"advanced_seo_description":"","jetpack_seo_html_title":"","jetpack_seo_noindex":false,"_jetpack_memberships_contains_paid_content":false,"footnotes":""},"categories":[1],"tags":[],"class_list":["post-66372","post","type-post","status-publish","format-standard","has-post-thumbnail","hentry","category-cronica"],"jetpack_featured_media_url":"https:\/\/i0.wp.com\/eltrabajo.cl\/portal\/wp-content\/uploads\/2016\/02\/FOTO-4-ALCALDE-PATRICIO-FREIRE-JUNTO-A-.jpg?fit=530%2C349&ssl=1","jetpack_sharing_enabled":true,"jetpack_likes_enabled":true,"jetpack-related-posts":[],"_links":{"self":[{"href":"https:\/\/eltrabajo.cl\/portal\/wp-json\/wp\/v2\/posts\/66372","targetHints":{"allow":["GET"]}}],"collection":[{"href":"https:\/\/eltrabajo.cl\/portal\/wp-json\/wp\/v2\/posts"}],"about":[{"href":"https:\/\/eltrabajo.cl\/portal\/wp-json\/wp\/v2\/types\/post"}],"author":[{"embeddable":true,"href":"https:\/\/eltrabajo.cl\/portal\/wp-json\/wp\/v2\/users\/482"}],"replies":[{"embeddable":true,"href":"https:\/\/eltrabajo.cl\/portal\/wp-json\/wp\/v2\/comments?post=66372"}],"version-history":[{"count":0,"href":"https:\/\/eltrabajo.cl\/portal\/wp-json\/wp\/v2\/posts\/66372\/revisions"}],"wp:featuredmedia":[{"embeddable":true,"href":"https:\/\/eltrabajo.cl\/portal\/wp-json\/wp\/v2\/media\/66373"}],"wp:attachment":[{"href":"https:\/\/eltrabajo.cl\/portal\/wp-json\/wp\/v2\/media?parent=66372"}],"wp:term":[{"taxonomy":"category","embeddable":true,"href":"https:\/\/eltrabajo.cl\/portal\/wp-json\/wp\/v2\/categories?post=66372"},{"taxonomy":"post_tag","embeddable":true,"href":"https:\/\/eltrabajo.cl\/portal\/wp-json\/wp\/v2\/tags?post=66372"}],"curies":[{"name":"wp","href":"https:\/\/api.w.org\/{rel}","templated":true}]}}