{"id":66375,"date":"2016-02-02T10:06:20","date_gmt":"2016-02-02T13:06:20","guid":{"rendered":"http:\/\/www.eltrabajo.cl\/portal\/?p=66375"},"modified":"2016-02-02T10:07:16","modified_gmt":"2016-02-02T13:07:16","slug":"seremi-de-educacion-describio-cuales-son-los-alcances-del-nuevo-sistema-de-desarrollo-profesional-docente","status":"publish","type":"post","link":"https:\/\/eltrabajo.cl\/portal\/seremi-de-educacion-describio-cuales-son-los-alcances-del-nuevo-sistema-de-desarrollo-profesional-docente\/","title":{"rendered":"Seremi de Educaci\u00f3n describi\u00f3 cu\u00e1les son los alcances del nuevo sistema de Desarrollo Profesional Docente"},"content":{"rendered":"<figure id=\"attachment_66376\" aria-describedby=\"caption-attachment-66376\" style=\"width: 300px\" class=\"wp-caption alignleft\"><img data-recalc-dims=\"1\" loading=\"lazy\" decoding=\"async\" class=\"wp-image-66376 size-medium\" src=\"https:\/\/i0.wp.com\/www.eltrabajo.cl\/portal\/wp-content\/uploads\/2016\/02\/FOTO-3-Gobernador-de-San-Felipe-Eduardo-Leon-300x198.jpg?resize=300%2C198\" alt=\"Gobernador de San Felipe Eduardo Le\u00f3n, destac\u00f3 el trabajo que se realiz\u00f3 el 2015 junto al Colegio de Profesores para lograr acuerdos en torno a mejorar las condiciones de trabajo de los maestros.\" width=\"300\" height=\"198\" srcset=\"https:\/\/i0.wp.com\/eltrabajo.cl\/portal\/wp-content\/uploads\/2016\/02\/FOTO-3-Gobernador-de-San-Felipe-Eduardo-Leon.jpg?resize=300%2C198&amp;ssl=1 300w, https:\/\/i0.wp.com\/eltrabajo.cl\/portal\/wp-content\/uploads\/2016\/02\/FOTO-3-Gobernador-de-San-Felipe-Eduardo-Leon.jpg?resize=200%2C132&amp;ssl=1 200w, https:\/\/i0.wp.com\/eltrabajo.cl\/portal\/wp-content\/uploads\/2016\/02\/FOTO-3-Gobernador-de-San-Felipe-Eduardo-Leon.jpg?resize=228%2C150&amp;ssl=1 228w, https:\/\/i0.wp.com\/eltrabajo.cl\/portal\/wp-content\/uploads\/2016\/02\/FOTO-3-Gobernador-de-San-Felipe-Eduardo-Leon.jpg?resize=400%2C263&amp;ssl=1 400w, https:\/\/i0.wp.com\/eltrabajo.cl\/portal\/wp-content\/uploads\/2016\/02\/FOTO-3-Gobernador-de-San-Felipe-Eduardo-Leon.jpg?w=530&amp;ssl=1 530w\" sizes=\"auto, (max-width: 300px) 100vw, 300px\" \/><figcaption id=\"caption-attachment-66376\" class=\"wp-caption-text\">Gobernador de San Felipe Eduardo Le\u00f3n, destac\u00f3 el trabajo que se realiz\u00f3 el 2015 junto al Colegio de Profesores para lograr acuerdos en torno a mejorar las condiciones de trabajo de los maestros.<\/figcaption><\/figure>\n<ul>\n<li><strong>Alejandro Tapia, junto a la presidenta del colegio de profesores de la provincia de San Felipe Sonia Fern\u00e1ndez, destacaron el cambio sustantivo que tendr\u00e1 la educaci\u00f3n una vez que se promulgue la ley.<\/strong><\/li>\n<\/ul>\n<p>Conseguir una mejora sustancial y progresiva de los salarios de los profesores, es uno de los puntos clave de la nueva ley que crea el Sistema de Desarrollo Profesional Docente, proyecto que fue aprobado por unanimidad la semana reci\u00e9n pasada en el Parlamento y que beneficiar\u00e1 en la Regi\u00f3n de Valpara\u00edso a 203.363 educadores del sector p\u00fablico y subvencionado.<br \/>\nEl Secretario Regional Ministerial, Seremi, Alejandro Tapia describi\u00f3 cu\u00e1l es el verdadero alcance que tiene la aprobaci\u00f3n de este proyecto de ley y adujo que \u201ceste es un hecho hist\u00f3rico porque logra condensar entre las propuestas de soluci\u00f3n, varias que son demandas de mucho tiempo de los profesores, por ejemplo hay un aumento remuneracional que en promedio es de un 30%\u201d, expres\u00f3.<br \/>\nAs\u00ed mismo, Tapia agreg\u00f3 que \u201cadem\u00e1s este proyecto de ley logra establecer que la responsabilidad del perfeccionamiento del desarrollo profesional de los profesores despu\u00e9s de la universidad, es responsabilidad del estado y est\u00e1 por lo tanto financiado por \u00e9ste\u201d, asever\u00f3.<\/p>\n<figure id=\"attachment_66378\" aria-describedby=\"caption-attachment-66378\" style=\"width: 200px\" class=\"wp-caption alignright\"><img data-recalc-dims=\"1\" loading=\"lazy\" decoding=\"async\" class=\"wp-image-66378 size-thumbnail\" src=\"https:\/\/i0.wp.com\/www.eltrabajo.cl\/portal\/wp-content\/uploads\/2016\/02\/FOTO-1-SEREMI-DE-EDUCACION-REGION-DE-VALPARAISO-ALEJANDRO-TAPIA-200x131.jpg?resize=200%2C131\" alt=\"Seremi de educaci\u00f3n Regi\u00f3n de Valpara\u00edso, Alejandro Tapia.\" width=\"200\" height=\"131\" srcset=\"https:\/\/i0.wp.com\/eltrabajo.cl\/portal\/wp-content\/uploads\/2016\/02\/FOTO-1-SEREMI-DE-EDUCACION-REGION-DE-VALPARAISO-ALEJANDRO-TAPIA.jpg?resize=200%2C131&amp;ssl=1 200w, https:\/\/i0.wp.com\/eltrabajo.cl\/portal\/wp-content\/uploads\/2016\/02\/FOTO-1-SEREMI-DE-EDUCACION-REGION-DE-VALPARAISO-ALEJANDRO-TAPIA.jpg?resize=300%2C197&amp;ssl=1 300w, https:\/\/i0.wp.com\/eltrabajo.cl\/portal\/wp-content\/uploads\/2016\/02\/FOTO-1-SEREMI-DE-EDUCACION-REGION-DE-VALPARAISO-ALEJANDRO-TAPIA.jpg?resize=228%2C150&amp;ssl=1 228w, https:\/\/i0.wp.com\/eltrabajo.cl\/portal\/wp-content\/uploads\/2016\/02\/FOTO-1-SEREMI-DE-EDUCACION-REGION-DE-VALPARAISO-ALEJANDRO-TAPIA.jpg?resize=400%2C263&amp;ssl=1 400w, https:\/\/i0.wp.com\/eltrabajo.cl\/portal\/wp-content\/uploads\/2016\/02\/FOTO-1-SEREMI-DE-EDUCACION-REGION-DE-VALPARAISO-ALEJANDRO-TAPIA.jpg?w=530&amp;ssl=1 530w\" sizes=\"auto, (max-width: 200px) 100vw, 200px\" \/><figcaption id=\"caption-attachment-66378\" class=\"wp-caption-text\">Seremi de educaci\u00f3n Regi\u00f3n de Valpara\u00edso, Alejandro Tapia.<\/figcaption><\/figure>\n<p>Este \u00faltimo punto tiene relaci\u00f3n con cubrir las necesidades espec\u00edficas de las escuelas, por lo tanto no es un perfeccionamiento cualquiera sino que debe estar ad hoc a las verdaderas necesidades del establecimiento.<br \/>\n\u201cTambi\u00e9n este proyecto avanza significativamente en la proporci\u00f3n de horas lectivas y no lectivas, es decir, aqu\u00e9llas horas que el docente dedica a la preparaci\u00f3n de las clases aumenta y las horas que destina a impartir las clases disminuye, de tal manera esta carga de trabajo redunde en una mejor preparaci\u00f3n y mayor calidad dentro del aula\u201d, afirm\u00f3 el Seremi.<br \/>\nUno de los \u00edtems fuertes de esta nueva ley, refuerza la preparaci\u00f3n inicial de los docentes, la formaci\u00f3n en las Universidades. El 2015 fue el \u00faltimo a\u00f1o en que se impartieron carreras relacionadas con la educaci\u00f3n en los Institutos, a partir de este a\u00f1o, s\u00f3lo las Universidades dispondr\u00e1n de la formaci\u00f3n docente y tendr\u00e1n que acreditar todas sus carreras con plazo hasta el 2019 y adem\u00e1s, ser\u00e1 requisito fundamental para ingresar a cualquier carrera pedag\u00f3gica ponderar 500 puntos PSU y a partir del 2020 esta exigencia subir\u00e1 a 550 puntos.<br \/>\nSeg\u00fan Tapia \u201cla idea es que las Universidades cumplan con rigurosos est\u00e1ndares docentes de infraestructura y m\u00e9todos formativos, que los nuevos profesores que van a comenzar a desempa\u00f1ar su trabajo por el a\u00f1o 2024 est\u00e9n formados en un nuevo est\u00e1ndar, mientras tanto, los docentes que est\u00e1n insertos en el sistema van a poder incluirse en un proceso de desarrollo profesional que contempla 5 tramos y que los invita a mejorar, a perfeccionarse y hacer valer su experiencia y esto lo vincula con el aumento en su remuneraci\u00f3n\u201d, estipul\u00f3.<br \/>\nA trav\u00e9s de este nuevo proceso de Desarrollo Profesional Docente, se estima que un profesor de aula puede alcanzar el tope de remuneraciones, cuando bordee los 12 a\u00f1os de carrera, frente a las casi 3 d\u00e9cadas que se demoraban anteriormente en conseguir el tope m\u00e1ximo de sueldo. Frente a esto Tapia asegur\u00f3 que \u201cen este sentido esta carrera es radical en cuanto a poner un incentivo para que los profesores puedan desarrollar al m\u00e1ximo su potencial educativo y tener un cuerpo docente en nivel experto, redundar\u00e1 en el beneficio para nuestros alumnos porque instala la calidad como tema en la educaci\u00f3n y en las aulas\u201d, destac\u00f3<br \/>\nSonia Fern\u00e1ndez Presidenta Provincial del Colegio de Profesores destac\u00f3 el significativo avance que implica este proyecto, argumentando que \u201cestamos con un proyecto que es totalmente diferente al inicial, en el cual se completan bastantes aspectos que fueron acordados en la mesa tripartita y es por eso que fue recibido con mucha alegr\u00eda\u201d, acot\u00f3.<br \/>\nSin embargo, Fern\u00e1ndez asegura que a\u00fan no se consolidan todas las peticiones que se han estipulado en las diferentes mesas de trabajo y cont\u00f3 que \u201cnosotros no nos quedamos solamente con la alegr\u00eda, queremos ser felices puesto que a este proyecto tambi\u00e9n le faltan otros aspectos que nosotros ten\u00edamos dentro del proyecto que present\u00f3 el Colegio de Profesores y que seguramente nos van a llevar a nuevas conversaciones porque el di\u00e1logo est\u00e1 abierto con las autoridades\u201d, sostuvo.<br \/>\nEn relaci\u00f3n con los cambios que se experimentar\u00e1n en el \u00e1mbito educacional a partir de la creaci\u00f3n de la Carrera Docente, la dirigente afirm\u00f3 que \u201ceste es un avance no s\u00f3lo para los profesores, sino que tambi\u00e9n para los alumnos y los apoderados ya que con estos puntos aprobados, la calidad en educaci\u00f3n que van a entregar los nuevos profesores va a mejorar ostensiblemente el rendimiento, la calidad humana y la escala de valores con la que tenemos que formar a nuestros educandos\u201d, enfatiz\u00f3.<br \/>\nEl gobernador de San Felipe Eduardo Le\u00f3n ratific\u00f3 la muy buena recepci\u00f3n que tuvo en el Colegio de Profesores de la Provincia, la aprobaci\u00f3n de este proyecto y record\u00f3 que \u201chubo un intenso a\u00f1o de negociaciones con los docentes sobre este tema y finalmente se lleg\u00f3 a un acuerdo donde hay varios aspectos q apuntan a la calidad de la educaci\u00f3n, parte de la reforma tiene que ver con la situaci\u00f3n en que se encuentran los profesores y este proyecto de ley que se va a promulgar a la brevedad, implica un incentivo a ser maestro\u201d, valor\u00f3.<\/p>\n","protected":false},"excerpt":{"rendered":"<p>Alejandro Tapia, junto a la presidenta del colegio de profesores de la provincia de San Felipe Sonia Fern\u00e1ndez, destacaron el cambio sustantivo que tendr\u00e1 la educaci\u00f3n una vez que se promulgue la&#8230;<\/p>\n","protected":false},"author":482,"featured_media":66376,"comment_status":"open","ping_status":"open","sticky":false,"template":"","format":"standard","meta":{"advanced_seo_description":"","jetpack_seo_html_title":"","jetpack_seo_noindex":false,"_jetpack_memberships_contains_paid_content":false,"footnotes":""},"categories":[15],"tags":[],"class_list":["post-66375","post","type-post","status-publish","format-standard","has-post-thumbnail","hentry","category-comunidad"],"jetpack_featured_media_url":"https:\/\/i0.wp.com\/eltrabajo.cl\/portal\/wp-content\/uploads\/2016\/02\/FOTO-3-Gobernador-de-San-Felipe-Eduardo-Leon.jpg?fit=530%2C349&ssl=1","jetpack_sharing_enabled":true,"jetpack_likes_enabled":true,"jetpack-related-posts":[],"_links":{"self":[{"href":"https:\/\/eltrabajo.cl\/portal\/wp-json\/wp\/v2\/posts\/66375","targetHints":{"allow":["GET"]}}],"collection":[{"href":"https:\/\/eltrabajo.cl\/portal\/wp-json\/wp\/v2\/posts"}],"about":[{"href":"https:\/\/eltrabajo.cl\/portal\/wp-json\/wp\/v2\/types\/post"}],"author":[{"embeddable":true,"href":"https:\/\/eltrabajo.cl\/portal\/wp-json\/wp\/v2\/users\/482"}],"replies":[{"embeddable":true,"href":"https:\/\/eltrabajo.cl\/portal\/wp-json\/wp\/v2\/comments?post=66375"}],"version-history":[{"count":0,"href":"https:\/\/eltrabajo.cl\/portal\/wp-json\/wp\/v2\/posts\/66375\/revisions"}],"wp:featuredmedia":[{"embeddable":true,"href":"https:\/\/eltrabajo.cl\/portal\/wp-json\/wp\/v2\/media\/66376"}],"wp:attachment":[{"href":"https:\/\/eltrabajo.cl\/portal\/wp-json\/wp\/v2\/media?parent=66375"}],"wp:term":[{"taxonomy":"category","embeddable":true,"href":"https:\/\/eltrabajo.cl\/portal\/wp-json\/wp\/v2\/categories?post=66375"},{"taxonomy":"post_tag","embeddable":true,"href":"https:\/\/eltrabajo.cl\/portal\/wp-json\/wp\/v2\/tags?post=66375"}],"curies":[{"name":"wp","href":"https:\/\/api.w.org\/{rel}","templated":true}]}}