{"id":66380,"date":"2016-02-02T10:08:24","date_gmt":"2016-02-02T13:08:24","guid":{"rendered":"http:\/\/www.eltrabajo.cl\/portal\/?p=66380"},"modified":"2016-02-02T10:08:24","modified_gmt":"2016-02-02T13:08:24","slug":"colision-entre-dos-vehiculos-termina-con-uno-de-ellos-dentro-de-acequia","status":"publish","type":"post","link":"https:\/\/eltrabajo.cl\/portal\/colision-entre-dos-vehiculos-termina-con-uno-de-ellos-dentro-de-acequia\/","title":{"rendered":"Colisi\u00f3n entre dos veh\u00edculos termina con uno de ellos dentro de acequia"},"content":{"rendered":"<figure id=\"attachment_66381\" aria-describedby=\"caption-attachment-66381\" style=\"width: 300px\" class=\"wp-caption alignleft\"><img data-recalc-dims=\"1\" loading=\"lazy\" decoding=\"async\" class=\"wp-image-66381 size-medium\" src=\"https:\/\/i0.wp.com\/www.eltrabajo.cl\/portal\/wp-content\/uploads\/2016\/02\/colision-alameda-300x198.jpg?resize=300%2C198\" alt=\"El accidente de tr\u00e1nsito se produjo en la Alameda Chacabuco de San Felipe (Foto: @Juancordovasola).\" width=\"300\" height=\"198\" srcset=\"https:\/\/i0.wp.com\/eltrabajo.cl\/portal\/wp-content\/uploads\/2016\/02\/colision-alameda.jpg?resize=300%2C198&amp;ssl=1 300w, https:\/\/i0.wp.com\/eltrabajo.cl\/portal\/wp-content\/uploads\/2016\/02\/colision-alameda.jpg?resize=200%2C132&amp;ssl=1 200w, https:\/\/i0.wp.com\/eltrabajo.cl\/portal\/wp-content\/uploads\/2016\/02\/colision-alameda.jpg?resize=227%2C150&amp;ssl=1 227w, https:\/\/i0.wp.com\/eltrabajo.cl\/portal\/wp-content\/uploads\/2016\/02\/colision-alameda.jpg?resize=400%2C264&amp;ssl=1 400w, https:\/\/i0.wp.com\/eltrabajo.cl\/portal\/wp-content\/uploads\/2016\/02\/colision-alameda.jpg?w=530&amp;ssl=1 530w\" sizes=\"auto, (max-width: 300px) 100vw, 300px\" \/><figcaption id=\"caption-attachment-66381\" class=\"wp-caption-text\">El accidente de tr\u00e1nsito se produjo en la Alameda Chacabuco de San Felipe (Foto: @Juancordovasola).<\/figcaption><\/figure>\n<ul>\n<li><strong>Uno de los m\u00f3viles no habr\u00eda respetado se\u00f1al\u00e9tica de tr\u00e1nsito Ceda el Paso.<\/strong><\/li>\n<\/ul>\n<p>Cerca del mediod\u00eda de ayer lunes se produjo una colisi\u00f3n entre dos veh\u00edculos menores en la intersecci\u00f3n de Avenida Chacabuco esquina Traslavi\u00f1a, resultando uno de los m\u00f3viles dentro la acequia trazada por la alameda. Al accidente debieron acudir la unidad de rescate de Bomberos y el Samu para asistir a los conductores levemente lesionados.<br \/>\nCarabineros acudi\u00f3 al lugar para recabar antecedentes entre los conductores protagonistas, el autom\u00f3vil Hyundai placa patente YK 97 63 y el veh\u00edculo marca Chevrolet Spark placa patente BY TT 87, resultando este \u00faltimo a ra\u00edz del impacto sobre el bandej\u00f3n de la citada alameda de San Felipe.<br \/>\nEl tr\u00e1nsito se mantuvo moment\u00e1neamente interrumpido hasta realizar las maniobras de rescate del veh\u00edculo que cont\u00f3 con la intervenci\u00f3n de Bomberos. En tanto Carabineros entreg\u00f3 los antecedentes del caso al Juzgado de Polic\u00eda Local de San Felipe para establecer las responsabilidades atribuidas.<br \/>\n<strong>Pablo Salinas Sald\u00edas<\/strong><\/p>\n","protected":false},"excerpt":{"rendered":"<p>Uno de los m\u00f3viles no habr\u00eda respetado se\u00f1al\u00e9tica de tr\u00e1nsito Ceda el Paso. Cerca del mediod\u00eda de ayer lunes se produjo una colisi\u00f3n entre dos veh\u00edculos menores en la intersecci\u00f3n de Avenida&#8230;<\/p>\n","protected":false},"author":482,"featured_media":66381,"comment_status":"open","ping_status":"open","sticky":false,"template":"","format":"standard","meta":{"advanced_seo_description":"","jetpack_seo_html_title":"","jetpack_seo_noindex":false,"_jetpack_memberships_contains_paid_content":false,"footnotes":""},"categories":[21],"tags":[],"class_list":["post-66380","post","type-post","status-publish","format-standard","has-post-thumbnail","hentry","category-policial"],"jetpack_featured_media_url":"https:\/\/i0.wp.com\/eltrabajo.cl\/portal\/wp-content\/uploads\/2016\/02\/colision-alameda.jpg?fit=530%2C350&ssl=1","jetpack_sharing_enabled":true,"jetpack_likes_enabled":true,"jetpack-related-posts":[],"_links":{"self":[{"href":"https:\/\/eltrabajo.cl\/portal\/wp-json\/wp\/v2\/posts\/66380","targetHints":{"allow":["GET"]}}],"collection":[{"href":"https:\/\/eltrabajo.cl\/portal\/wp-json\/wp\/v2\/posts"}],"about":[{"href":"https:\/\/eltrabajo.cl\/portal\/wp-json\/wp\/v2\/types\/post"}],"author":[{"embeddable":true,"href":"https:\/\/eltrabajo.cl\/portal\/wp-json\/wp\/v2\/users\/482"}],"replies":[{"embeddable":true,"href":"https:\/\/eltrabajo.cl\/portal\/wp-json\/wp\/v2\/comments?post=66380"}],"version-history":[{"count":0,"href":"https:\/\/eltrabajo.cl\/portal\/wp-json\/wp\/v2\/posts\/66380\/revisions"}],"wp:featuredmedia":[{"embeddable":true,"href":"https:\/\/eltrabajo.cl\/portal\/wp-json\/wp\/v2\/media\/66381"}],"wp:attachment":[{"href":"https:\/\/eltrabajo.cl\/portal\/wp-json\/wp\/v2\/media?parent=66380"}],"wp:term":[{"taxonomy":"category","embeddable":true,"href":"https:\/\/eltrabajo.cl\/portal\/wp-json\/wp\/v2\/categories?post=66380"},{"taxonomy":"post_tag","embeddable":true,"href":"https:\/\/eltrabajo.cl\/portal\/wp-json\/wp\/v2\/tags?post=66380"}],"curies":[{"name":"wp","href":"https:\/\/api.w.org\/{rel}","templated":true}]}}