{"id":66383,"date":"2016-02-02T10:09:33","date_gmt":"2016-02-02T13:09:33","guid":{"rendered":"http:\/\/www.eltrabajo.cl\/portal\/?p=66383"},"modified":"2016-02-02T10:09:33","modified_gmt":"2016-02-02T13:09:33","slug":"propinan-golpiza-a-adolescente-para-robarle-su-mochila-en-pleno-centro","status":"publish","type":"post","link":"https:\/\/eltrabajo.cl\/portal\/propinan-golpiza-a-adolescente-para-robarle-su-mochila-en-pleno-centro\/","title":{"rendered":"Propinan golpiza a adolescente para robarle su mochila en pleno centro"},"content":{"rendered":"<figure id=\"attachment_66384\" aria-describedby=\"caption-attachment-66384\" style=\"width: 300px\" class=\"wp-caption alignleft\"><img data-recalc-dims=\"1\" loading=\"lazy\" decoding=\"async\" class=\"wp-image-66384 size-medium\" src=\"https:\/\/i0.wp.com\/www.eltrabajo.cl\/portal\/wp-content\/uploads\/2016\/02\/IMPUTADO-ADOLESCENTE-300x197.jpg?resize=300%2C197\" alt=\"El imputado adolescente tras ser capturado por Carabineros fue formalizado por la Fiscal\u00eda. Al tratarse de un menor de 17 a\u00f1os el tribunal impuso que sea sometido a programas de reinserci\u00f3n social a cargo del Sename. (Foto Archivo).\" width=\"300\" height=\"197\" srcset=\"https:\/\/i0.wp.com\/eltrabajo.cl\/portal\/wp-content\/uploads\/2016\/02\/IMPUTADO-ADOLESCENTE.jpg?resize=300%2C197&amp;ssl=1 300w, https:\/\/i0.wp.com\/eltrabajo.cl\/portal\/wp-content\/uploads\/2016\/02\/IMPUTADO-ADOLESCENTE.jpg?resize=200%2C131&amp;ssl=1 200w, https:\/\/i0.wp.com\/eltrabajo.cl\/portal\/wp-content\/uploads\/2016\/02\/IMPUTADO-ADOLESCENTE.jpg?resize=228%2C150&amp;ssl=1 228w, https:\/\/i0.wp.com\/eltrabajo.cl\/portal\/wp-content\/uploads\/2016\/02\/IMPUTADO-ADOLESCENTE.jpg?resize=400%2C263&amp;ssl=1 400w, https:\/\/i0.wp.com\/eltrabajo.cl\/portal\/wp-content\/uploads\/2016\/02\/IMPUTADO-ADOLESCENTE.jpg?w=530&amp;ssl=1 530w\" sizes=\"auto, (max-width: 300px) 100vw, 300px\" \/><figcaption id=\"caption-attachment-66384\" class=\"wp-caption-text\">El imputado adolescente tras ser capturado por Carabineros fue formalizado por la Fiscal\u00eda. Al tratarse de un menor de 17 a\u00f1os el tribunal impuso que sea sometido a programas de reinserci\u00f3n social a cargo del Sename. (Foto Archivo).<\/figcaption><\/figure>\n<ul>\n<li><strong>Adolescente fue abordado por un grupo de desconocidos que lo habr\u00edan golpeado para apodarse de sus pertenencias cuando circulaba en horas de la tarde por calle Portus de San Felipe.<\/strong><\/li>\n<\/ul>\n<p>Con lesiones de car\u00e1cter leve result\u00f3 un adolescente de 17 a\u00f1os, luego que un grupo de desconocidos lo abordara en Calle Portus 111 de la comuna de San Felipe, para propinarle una golpiza y de esta forma apoderarse de sus pertenencias; posteriormente los delincuentes escaparan en direcci\u00f3n desconocida.<br \/>\nEl hecho se registr\u00f3 pasadas las 18:00 horas del viernes en pleno centro de San Felipe, cuando la v\u00edctima transitaba por dicha arteria y un grupo de desconocidos lo acorral\u00f3 contra la pared y por medio de la violencia le arrebataron su mochila que conten\u00eda diversas especies.<br \/>\nEl menor, v\u00edctima de la brutalidad de estos sujetos, requiri\u00f3 el auxilio de varios carabineros, quienes junto al afectado en el carro policial recorrieron las c\u00e9ntricas calles de esta comuna en b\u00fasqueda de los antisociales, reconociendo a uno de ellos que circulaba por la v\u00eda p\u00fablica.<br \/>\nEste sujeto al advertir la presencia policial arroj\u00f3 parte de las especies sustra\u00eddas intentando eludir a Carabineros, siendo capturado en el instante por los efectivos policiales.<br \/>\nDe esta forma el detenido fue individualizado con las iniciales B.A.C.D. de 17 a\u00f1os de edad, quien adem\u00e1s manten\u00eda una orden de detenci\u00f3n pendiente por el Juzgado de Garant\u00eda de San Felipe. Asimismo, la Polic\u00eda uniformada recuper\u00f3 parte de las especies sustra\u00eddas de propiedad de la v\u00edctima.<br \/>\nEl imputado fue sometido a control de detenci\u00f3n para ser formalizado por el delito de Robo con violencia. Al tratarse de un menor de edad la fiscal\u00eda requiri\u00f3 ante el tribunal que el acusado fuera sometido a programas de reinserci\u00f3n social a cargo del Servicio Nacional de Menores durante el per\u00edodo de investigaci\u00f3n del caso.<br \/>\nPablo Salinas Sald\u00edas<\/p>\n","protected":false},"excerpt":{"rendered":"<p>Adolescente fue abordado por un grupo de desconocidos que lo habr\u00edan golpeado para apodarse de sus pertenencias cuando circulaba en horas de la tarde por calle Portus de San Felipe. Con lesiones&#8230;<\/p>\n","protected":false},"author":482,"featured_media":66384,"comment_status":"open","ping_status":"open","sticky":false,"template":"","format":"standard","meta":{"advanced_seo_description":"","jetpack_seo_html_title":"","jetpack_seo_noindex":false,"_jetpack_memberships_contains_paid_content":false,"footnotes":""},"categories":[21],"tags":[],"class_list":["post-66383","post","type-post","status-publish","format-standard","has-post-thumbnail","hentry","category-policial"],"jetpack_featured_media_url":"https:\/\/i0.wp.com\/eltrabajo.cl\/portal\/wp-content\/uploads\/2016\/02\/IMPUTADO-ADOLESCENTE.jpg?fit=530%2C348&ssl=1","jetpack_sharing_enabled":true,"jetpack_likes_enabled":true,"jetpack-related-posts":[],"_links":{"self":[{"href":"https:\/\/eltrabajo.cl\/portal\/wp-json\/wp\/v2\/posts\/66383","targetHints":{"allow":["GET"]}}],"collection":[{"href":"https:\/\/eltrabajo.cl\/portal\/wp-json\/wp\/v2\/posts"}],"about":[{"href":"https:\/\/eltrabajo.cl\/portal\/wp-json\/wp\/v2\/types\/post"}],"author":[{"embeddable":true,"href":"https:\/\/eltrabajo.cl\/portal\/wp-json\/wp\/v2\/users\/482"}],"replies":[{"embeddable":true,"href":"https:\/\/eltrabajo.cl\/portal\/wp-json\/wp\/v2\/comments?post=66383"}],"version-history":[{"count":0,"href":"https:\/\/eltrabajo.cl\/portal\/wp-json\/wp\/v2\/posts\/66383\/revisions"}],"wp:featuredmedia":[{"embeddable":true,"href":"https:\/\/eltrabajo.cl\/portal\/wp-json\/wp\/v2\/media\/66384"}],"wp:attachment":[{"href":"https:\/\/eltrabajo.cl\/portal\/wp-json\/wp\/v2\/media?parent=66383"}],"wp:term":[{"taxonomy":"category","embeddable":true,"href":"https:\/\/eltrabajo.cl\/portal\/wp-json\/wp\/v2\/categories?post=66383"},{"taxonomy":"post_tag","embeddable":true,"href":"https:\/\/eltrabajo.cl\/portal\/wp-json\/wp\/v2\/tags?post=66383"}],"curies":[{"name":"wp","href":"https:\/\/api.w.org\/{rel}","templated":true}]}}